{"id":9626,"date":"2021-05-27T21:33:30","date_gmt":"2021-05-28T00:33:30","guid":{"rendered":"http:\/\/grupomontevideo.org\/sitio\/?post_type=noticias&#038;p=9626"},"modified":"2023-04-19T13:33:28","modified_gmt":"2023-04-19T16:33:28","slug":"v-congreso-de-extension-universitaria-de-augm","status":"publish","type":"post","link":"https:\/\/grupomontevideo.org\/site\/v-congreso-de-extension-universitaria-de-augm\/","title":{"rendered":"V Congreso de Extensi\u00f3n Universitaria de AUGM"},"content":{"rendered":"<p align=\"justify\">La Asociaci\u00f3n de Universidades Grupo Montevideo (AUGM) llevar\u00e1 adelante su V Congreso de Extensi\u00f3n Universitaria del 13 al 15 de septiembre de este a\u00f1o en modalidad virtual, seg\u00fan anunciaron sus organizadores recientemente (<a href=\"https:\/\/www.ufsm.br\/pro-reitorias\/pre\/augm\">vea el sitio del evento aqu\u00ed<\/a>).<\/p>\n<p style=\"text-align: justify;\"><span style=\"font-weight: 400;\">Este Congreso, que tendr\u00e1 por sede la Universidade Federal de Santa Mar\u00eda (UFSM), lleva por t\u00edtulo \u201c<em><strong>Universidad y sociedad conectadas para el desarrollo regional sustentable<\/strong><\/em>\u00bb y contar\u00e1 con <strong>una conferencia de apertura, tres mesas redondas y ocho talleres<\/strong>.\u00a0<\/span><\/p>\n<p style=\"text-align: justify;\"><span style=\"font-weight: 400;\">La propuesta incluye, adem\u00e1s, una <strong>convocatoria a trabajos en el marco de 5 ejes tem\u00e1ticos<\/strong>: Institucionalizaci\u00f3n de la Extensi\u00f3n Universitaria; Producci\u00f3n art\u00edstica y cultural; Desarrollo sustentable, Estado y sociedad; Formaci\u00f3n de ciudadan\u00eda, derechos humanos e inclusi\u00f3n; y Comunicaci\u00f3n y Redes.<\/span><\/p>\n<hr \/>\n<p style=\"text-align: center;\"><strong><a href=\"https:\/\/www.youtube.com\/watch?v=UlJhL42JqXU&amp;ab_channel=Pr%C3%B3-ReitoriadeExtens%C3%A3oUFSM\">Segu\u00ed la apertura en vivo por YouTube<\/a><\/strong><\/p>\n<hr \/>\n<p style=\"text-align: center;\"><a href=\"https:\/\/drive.google.com\/drive\/folders\/13ySUUfbir83lastvAS8ZruJL4sQZ9uMv\"><strong>Puede ver los trabajos seleccionados aqu\u00ed\u00a0<\/strong><\/a><\/p>\n<hr \/>\n<p style=\"text-align: center;\"><strong>Vea la Tercera Circular aqu\u00ed<br \/>\n<\/strong><a href=\"https:\/\/www.ufsm.br\/pro-reitorias\/pre\/augm\/docs\/\"><strong>Espa\u00f1ol \/Portugu\u00e9s<\/strong><\/a><\/p>\n<hr \/>\n<p align=\"justify\">La conferencia de apertura estar\u00e1 a cargo del Prof. Artur Agostinho de Abreu e S\u00e1, profesor asociado de la Universidad de Tr\u00e1s-os-Montes e Alto Douro, coordinador de la C\u00e1tedra UNESCO de \u00ab<em>Geoparques, Desarrollo Regional Sostenible y Estilos de Vida Saludables<\/em>\u00bb de la Instituci\u00f3n, y presidente del Comit\u00e9 Portugu\u00e9s del Programa Internacional de Geociencias de la UNESCO (PICG-UNESCO). Tambi\u00e9n fue miembro de la Comisi\u00f3n de Coordinaci\u00f3n de la Red Europea de Geoparques desde 2009 y miembro del Foro Portugu\u00e9s de Geoparques desde 2012. (Portugal)<\/p>\n<p align=\"justify\"><span style=\"font-weight: 400;\">Est\u00e1 prevista tambi\u00e9n una <strong>programaci\u00f3n art\u00edstico cultural que acompa\u00f1ar\u00e1 las actividades acad\u00e9micas y una conferencia de cierre<\/strong> que ser\u00e1 seguida de la inauguraci\u00f3n del Seminario de Extensi\u00f3n Universitaria de la Regi\u00f3n Sur (SEURS), de la que participar\u00e1n aproximadamente 30 Instituciones de Educaci\u00f3n Superior.<\/span><\/p>\n<p align=\"justify\"><span style=\"font-weight: 400;\">Este Congreso de AUGM es organizado por la Comisi\u00f3n Permanente de Extensi\u00f3n Universitaria junto a la Comisi\u00f3n Permanente de Producci\u00f3n Art\u00edstica y Cultural y la Comisi\u00f3n Permanente de Medios y Comunicaci\u00f3n Universitaria, todas ellas agrupamientos de AUGM.<\/span><\/p>\n<p align=\"justify\"><span style=\"font-weight: 400;\">Este anuncio se da en conjunto al lanzamiento del libro \u201c<a href=\"http:\/\/grupomontevideo.org\/sitio\/noticias\/universidades-comprometidas-con-el-futuro-de-america-latina-publicacion-del-iv-congreso-de-extension-de-augm\/\"><strong>Universidades comprometidas con el futuro de Am\u00e9rica Latina. IV Congreso de Extensi\u00f3n Universitaria de AUGM<\/strong><\/a>\u201d.<\/span><\/p>\n<p align=\"justify\"><img fetchpriority=\"high\" decoding=\"async\" class=\"aligncenter size-full wp-image-11832\" src=\"https:\/\/grupomontevideo.org\/site\/wp-content\/uploads\/2021\/05\/VCongresodeExtensao.png\" alt=\"\" width=\"800\" height=\"500\" \/><\/p>\n","protected":false},"excerpt":{"rendered":"<p>Del 13 al 15 de septiembre de este a\u00f1o en modalidad virtual.<\/p>\n","protected":false},"author":1,"featured_media":8314,"comment_status":"closed","ping_status":"closed","sticky":false,"template":"","format":"standard","meta":{"footnotes":""},"categories":[1],"tags":[],"class_list":["post-9626","post","type-post","status-publish","format-standard","has-post-thumbnail","hentry","category-noticias"],"wpmagazine_modules_lite_featured_media_urls":{"thumbnail":["https:\/\/grupomontevideo.org\/site\/wp-content\/uploads\/2021\/03\/UFSM11.jpg",150,84,false],"cvmm-medium":["https:\/\/grupomontevideo.org\/site\/wp-content\/uploads\/2021\/03\/UFSM11.jpg",300,169,false],"cvmm-medium-plus":["https:\/\/grupomontevideo.org\/site\/wp-content\/uploads\/2021\/03\/UFSM11.jpg",305,172,false],"cvmm-portrait":["https:\/\/grupomontevideo.org\/site\/wp-content\/uploads\/2021\/03\/UFSM11.jpg",400,225,false],"cvmm-medium-square":["https:\/\/grupomontevideo.org\/site\/wp-content\/uploads\/2021\/03\/UFSM11.jpg",600,338,false],"cvmm-large":["https:\/\/grupomontevideo.org\/site\/wp-content\/uploads\/2021\/03\/UFSM11.jpg",1024,576,false],"cvmm-small":["https:\/\/grupomontevideo.org\/site\/wp-content\/uploads\/2021\/03\/UFSM11.jpg",130,73,false],"full":["https:\/\/grupomontevideo.org\/site\/wp-content\/uploads\/2021\/03\/UFSM11.jpg",1280,720,false]},"categories_names":{"1":{"name":"Noticias universitarias","link":"https:\/\/grupomontevideo.org\/site\/category\/noticias\/"}},"tags_names":[],"comments_number":"0","_links":{"self":[{"href":"https:\/\/grupomontevideo.org\/site\/wp-json\/wp\/v2\/posts\/9626","targetHints":{"allow":["GET"]}}],"collection":[{"href":"https:\/\/grupomontevideo.org\/site\/wp-json\/wp\/v2\/posts"}],"about":[{"href":"https:\/\/grupomontevideo.org\/site\/wp-json\/wp\/v2\/types\/post"}],"author":[{"embeddable":true,"href":"https:\/\/grupomontevideo.org\/site\/wp-json\/wp\/v2\/users\/1"}],"replies":[{"embeddable":true,"href":"https:\/\/grupomontevideo.org\/site\/wp-json\/wp\/v2\/comments?post=9626"}],"version-history":[{"count":1,"href":"https:\/\/grupomontevideo.org\/site\/wp-json\/wp\/v2\/posts\/9626\/revisions"}],"predecessor-version":[{"id":15393,"href":"https:\/\/grupomontevideo.org\/site\/wp-json\/wp\/v2\/posts\/9626\/revisions\/15393"}],"wp:featuredmedia":[{"embeddable":true,"href":"https:\/\/grupomontevideo.org\/site\/wp-json\/wp\/v2\/media\/8314"}],"wp:attachment":[{"href":"https:\/\/grupomontevideo.org\/site\/wp-json\/wp\/v2\/media?parent=9626"}],"wp:term":[{"taxonomy":"category","embeddable":true,"href":"https:\/\/grupomontevideo.org\/site\/wp-json\/wp\/v2\/categories?post=9626"},{"taxonomy":"post_tag","embeddable":true,"href":"https:\/\/grupomontevideo.org\/site\/wp-json\/wp\/v2\/tags?post=9626"}],"curies":[{"name":"wp","href":"https:\/\/api.w.org\/{rel}","templated":true}]}}