{"id":9221,"date":"2021-04-27T15:23:19","date_gmt":"2021-04-27T18:23:19","guid":{"rendered":"http:\/\/grupomontevideo.org\/sitio\/?post_type=noticias&#038;p=9221"},"modified":"2023-04-19T13:33:59","modified_gmt":"2023-04-19T16:33:59","slug":"la-xiii-bienal-del-coloquio-de-transformaciones-territoriales-de-augm-sera-virtual","status":"publish","type":"post","link":"https:\/\/grupomontevideo.org\/site\/la-xiii-bienal-del-coloquio-de-transformaciones-territoriales-de-augm-sera-virtual\/","title":{"rendered":"La XIII Bienal del Coloquio de Transformaciones Territoriales de AUGM ser\u00e1 virtual"},"content":{"rendered":"<p style=\"text-align: justify;\">En virtud de la situaci\u00f3n de pandemia vigente en la regi\u00f3n, el Comit\u00e9 Acad\u00e9mico de Desarrollo Regional (CADR) de la Asociaci\u00f3n de Universidades del Grupo Montevideo (AUGM) decidi\u00f3 reorganizar en forma virtual su XIII Bienal del Coloquio de Transformaciones Territoriales, que lleva por t\u00edtulo \u201c<strong>Estrategias territoriales ante problem\u00e1ticas globales en escenarios de incertidumbre, fragmentaci\u00f3n y desigualdad social<\/strong>\u201d .<\/p>\n<p style=\"text-align: justify;\"><strong>La misma se desarrollar\u00e1 durante los d\u00edas mi\u00e9rcoles 11, jueves 12 y viernes 13 de agosto del 2021<\/strong>. Se abre hasta el <strong>15 de mayo del corriente a\u00f1o el plazo para recepci\u00f3n de nuevos res\u00famenes extendidos<\/strong>. Quienes ya enviaron los res\u00famenes no deben volver a enviarlos. Mientras que los trabajos completos tienen como plazo m\u00e1ximo de entrega el 25 de junio de 2021.<\/p>\n<hr \/>\n<p style=\"text-align: justify;\"><strong>Para m\u00e1s informaci\u00f3n sobre la Bienal: https:\/\/xiiibienalaugm.wixsite.com\/territorio<\/strong><br \/>\n<strong>M\u00e1s inofmraci\u00f3n sobre aspectos formales: <a href=\"https:\/\/grupomontevideo.org\/site\/wp-content\/uploads\/2021\/04\/Cuarta-Circular-XIII-Bienal-CADR-AUGM.pdf\">Cuarta Circular<\/a><\/strong><\/p>\n<hr \/>\n<p style=\"text-align: justify;\">La Bienal, que se lleva adelante cada dos a\u00f1os, <strong>tiene por objetivo promover el encuentro peri\u00f3dico de profesionales, investigadores y estudiantes de posgrado de diversas disciplinas involucrados en el estudio de las transformaciones que enfrentan los territorios de la regi\u00f3n<\/strong>.<\/p>\n<p style=\"text-align: justify;\">Para ello, se espera que tanto las ponencias, como las mesas redondas previstas y las conferencias programadas, respondan a esta consigna y contribuyan a conocer las diversas problem\u00e1ticas que enfrenta la regi\u00f3n, as\u00ed como posibles propuestas de acci\u00f3n sobre el territorio, tanto desde la academia como desde la gesti\u00f3n p\u00fablica y la sociedad civil.<\/p>\n<p style=\"text-align: justify;\"><strong>Las ponencias se presentar\u00e1n en torno a 8 ejes tem\u00e1ticos<\/strong>: Ordenamiento territorial y pol\u00edticas p\u00fablicas; procesos urbanos, sistemas y redes de ciudades; Redes y sistemas en la organizaci\u00f3n e integraci\u00f3n socio-territorial; territorializaci\u00f3n (des) de los modelos de producci\u00f3n y acumulaci\u00f3n; Transformaciones rurales, cuesti\u00f3n agraria y desarrollo territorial; cultura, identidad, patrimonio; fronteras, migraciones, procesos de integraci\u00f3n y fragmentaci\u00f3n territorial; y gesti\u00f3n ambiental y transformaciones territoriales<\/p>\n","protected":false},"excerpt":{"rendered":"<p>Vea los detalles del evento en la Cuarta Circular<\/p>\n","protected":false},"author":1,"featured_media":9228,"comment_status":"closed","ping_status":"closed","sticky":false,"template":"","format":"standard","meta":{"footnotes":""},"categories":[1],"tags":[],"class_list":["post-9221","post","type-post","status-publish","format-standard","has-post-thumbnail","hentry","category-noticias"],"wpmagazine_modules_lite_featured_media_urls":{"thumbnail":["https:\/\/grupomontevideo.org\/site\/wp-content\/uploads\/2021\/04\/Parana-ABC.jpg",150,86,false],"cvmm-medium":["https:\/\/grupomontevideo.org\/site\/wp-content\/uploads\/2021\/04\/Parana-ABC.jpg",300,171,false],"cvmm-medium-plus":["https:\/\/grupomontevideo.org\/site\/wp-content\/uploads\/2021\/04\/Parana-ABC.jpg",305,174,false],"cvmm-portrait":["https:\/\/grupomontevideo.org\/site\/wp-content\/uploads\/2021\/04\/Parana-ABC.jpg",400,228,false],"cvmm-medium-square":["https:\/\/grupomontevideo.org\/site\/wp-content\/uploads\/2021\/04\/Parana-ABC.jpg",600,342,false],"cvmm-large":["https:\/\/grupomontevideo.org\/site\/wp-content\/uploads\/2021\/04\/Parana-ABC.jpg",1000,570,false],"cvmm-small":["https:\/\/grupomontevideo.org\/site\/wp-content\/uploads\/2021\/04\/Parana-ABC.jpg",130,74,false],"full":["https:\/\/grupomontevideo.org\/site\/wp-content\/uploads\/2021\/04\/Parana-ABC.jpg",1000,570,false]},"categories_names":{"1":{"name":"Noticias universitarias","link":"https:\/\/grupomontevideo.org\/site\/category\/noticias\/"}},"tags_names":[],"comments_number":"0","_links":{"self":[{"href":"https:\/\/grupomontevideo.org\/site\/wp-json\/wp\/v2\/posts\/9221","targetHints":{"allow":["GET"]}}],"collection":[{"href":"https:\/\/grupomontevideo.org\/site\/wp-json\/wp\/v2\/posts"}],"about":[{"href":"https:\/\/grupomontevideo.org\/site\/wp-json\/wp\/v2\/types\/post"}],"author":[{"embeddable":true,"href":"https:\/\/grupomontevideo.org\/site\/wp-json\/wp\/v2\/users\/1"}],"replies":[{"embeddable":true,"href":"https:\/\/grupomontevideo.org\/site\/wp-json\/wp\/v2\/comments?post=9221"}],"version-history":[{"count":1,"href":"https:\/\/grupomontevideo.org\/site\/wp-json\/wp\/v2\/posts\/9221\/revisions"}],"predecessor-version":[{"id":15402,"href":"https:\/\/grupomontevideo.org\/site\/wp-json\/wp\/v2\/posts\/9221\/revisions\/15402"}],"wp:featuredmedia":[{"embeddable":true,"href":"https:\/\/grupomontevideo.org\/site\/wp-json\/wp\/v2\/media\/9228"}],"wp:attachment":[{"href":"https:\/\/grupomontevideo.org\/site\/wp-json\/wp\/v2\/media?parent=9221"}],"wp:term":[{"taxonomy":"category","embeddable":true,"href":"https:\/\/grupomontevideo.org\/site\/wp-json\/wp\/v2\/categories?post=9221"},{"taxonomy":"post_tag","embeddable":true,"href":"https:\/\/grupomontevideo.org\/site\/wp-json\/wp\/v2\/tags?post=9221"}],"curies":[{"name":"wp","href":"https:\/\/api.w.org\/{rel}","templated":true}]}}