{"id":9210,"date":"2021-04-27T14:25:40","date_gmt":"2021-04-27T17:25:40","guid":{"rendered":"http:\/\/grupomontevideo.org\/sitio\/?post_type=noticias&#038;p=9210"},"modified":"2023-04-19T13:33:54","modified_gmt":"2023-04-19T16:33:54","slug":"intervencion-e-investigacion-social-en-el-campo-de-la-discapacidad","status":"publish","type":"post","link":"https:\/\/grupomontevideo.org\/site\/intervencion-e-investigacion-social-en-el-campo-de-la-discapacidad\/","title":{"rendered":"Intervenci\u00f3n e Investigaci\u00f3n Social en el Campo de la Discapacidad"},"content":{"rendered":"<p style=\"text-align: justify;\"><strong>La \u201c<em>discapacidad<\/em>\u201d como campo de estudio e intervenci\u00f3n es un terreno de discursos y pr\u00e1cticas en disputa<\/strong>. En esta clave, las comillas se deben a que no asumimos como transparente la categor\u00eda discapacidad. Por el contrario, nuestro objetivo en esta propuesta de formaci\u00f3n es poner en discusi\u00f3n lo que encierra esta palabra en tanto problema conceptual y pol\u00edtico; principalmente a partir de los significativos aportes de las teor\u00edas cr\u00edticas en ciencias sociales y de las organizaciones de personas con discapacidad.<\/p>\n<p style=\"text-align: justify;\">Por ello, <strong>la presente propuesta promover\u00e1 un espacio de formaci\u00f3n e intercambio, contemplando diferentes aspectos\/caracter\u00edsticas\/perspectivas\/enfoques de la Discapacidad, apartir de asumir como compromiso transversal la mirada decolonial producida en Nuestra Am\u00e9rica<\/strong>. La iniciativa consiste en reconocer la complejidad de la categor\u00eda \u201cDiscapacidad\u201d, las diferentes perspectivas de abordaje y sus supuestos te\u00f3rico-epist\u00e9micos, el marco normativo internacional vigente, el Enfoque de Derechos Humanos y la intervenci\u00f3n social de aquellos-as agentes que se desempe\u00f1an en diferentes \u00e1mbitos del campo de la \u201cDiscapacidad\u201d.<\/p>\n<p style=\"text-align: justify;\"><strong>Los ejes de an\u00e1lisis que orientar\u00e1n el proceso pedag\u00f3gico ser\u00e1n los siguientes:<\/strong><\/p>\n<p style=\"text-align: justify;\">\u2022 La producci\u00f3n social del campo de la discapacidad a partir de las Ciencias Sociales Cr\u00edticas; tensiones y contradicciones como herramientas para la investigaci\u00f3n e intervenci\u00f3n social.<\/p>\n<p style=\"text-align: justify;\">\u2022 La perspectiva de Derechos Humanos en discapacidad; aportes de la Convenci\u00f3n de los Derechos de las Personas con Discapacidad y la cr\u00edtica a los modelos universalistas en Nuestra Am\u00e9rica.<\/p>\n<hr \/>\n<p><strong>Docente Responsable<\/strong>: Prof. Exequiel Torres<br \/>\n<strong>Docentes colaboradoras<\/strong>: Silvana Melisa Herranz, Mariana Gandolfo y Mar\u00eda Noel Mart\u00ednez.<br \/>\n<strong>Fecha de dictado: Desde el lunes 12 de julio hasta el lunes 2 de agosto de 2021.<\/strong><br \/>\n<em>La Facultad ofrece dos becas totales para estudiantes para la realizaci\u00f3n del curso para cada pa\u00eds de los que forman parte de AUGM (salvo Argentina). Por otra parte la FCS ha establecido un costo diferencial para estudiantes extranjeros de las Universidades de AUGM que ser\u00e1 de USD 70. A la espera de vuestras gestiones y por su intermedio le saludo muy cordialmente y solicito lo haga extensivo a nuestros amigos de AUGM<\/em><\/p>\n<hr \/>\n<p style=\"text-align: justify;\"><strong>Indicaciones Generales<\/strong><\/p>\n<p style=\"text-align: justify;\">Para participar en los cursos del Programa se deben seguir los pasos de la presente convocatoria:<\/p>\n<p style=\"text-align: justify;\"><strong>Inscripci\u00f3n<\/strong><\/p>\n<p>Para inscribirse en uno o m\u00e1s cursos es necesario completar el formulario correspondiente. Luego de efectuado su registro, se procede a realizar el pago de inscripci\u00f3n y a enviar el comprobante de pago a\u00a0<strong><a href=\"mailto:internacionales@fcs.unc.edu.ar\">internacionales@fcs.unc.edu.a<\/a><\/strong><br \/>\nEl pago de la inscripci\u00f3n es obligatorio para acceder al aula virtual, a las clases en l\u00ednea y obtener la constancia de participaci\u00f3n o aprobaci\u00f3n. Es responsabilidad de el\/la interesada realizar su pago de manera puntual para garantizar su participaci\u00f3n.<br \/>\nPara consultas o dudas de puntos no establecidos en la convocatoria, enviar correo a:\u00a0<strong><a href=\"mailto:internacionales@fcs.unc.edu.ar\">internacionales@fcs.unc.edu.ar<\/a><\/strong><\/p>\n<h4><strong>Modalidad de dictado<\/strong><\/h4>\n<p>El curso se dictar\u00e1 en la modalidad \u00a0virtual a trav\u00e9s de plataforma educativa.<br \/>\nSe realizar\u00e1n clases no presenciales de acuerdo al cronograma. Las clases quedar\u00e1n grabadas y alojadas en el aula.<br \/>\nAcompa\u00f1amiento a trav\u00e9s de tutores personalizados.<br \/>\n<strong>Carga horaria<\/strong>: 20 hs con trabajo sincr\u00f3nico y asincr\u00f3nico de seguimiento.<br \/>\n<strong>a)<\/strong>\u00a0Para ingresar al aula virtual, el\/la asistente deber\u00e1 acceder con el usuario y la contrase\u00f1a que se le brindar\u00e1 oportunamente.<br \/>\n<strong>b)<\/strong>\u00a0En la plataforma se encontrar\u00e1 se\u00f1alada la bibliograf\u00eda y las presentaciones que corresponden a cada clase, de acuerdo a lo que sea determinado por el\/la profesor\/a.<br \/>\n<strong><a href=\"https:\/\/sociales.unc.edu.ar\/content\/intervenci-n-e-investigaci-n-social-en-el-campo-de-la-discapacidad\">Mas informaci\u00f3n<\/a><\/strong><br \/>\n<strong>Fuente: sociales.unc.edu.ar<\/strong><\/p>\n","protected":false},"excerpt":{"rendered":"<p>Del 12\/6 al 2\/8. Propuesta de la Facultad de Ciencias Sociales de la UNC. Inscripciones abiertas<\/p>\n","protected":false},"author":1,"featured_media":9212,"comment_status":"closed","ping_status":"closed","sticky":false,"template":"","format":"standard","meta":{"footnotes":""},"categories":[1],"tags":[],"class_list":["post-9210","post","type-post","status-publish","format-standard","has-post-thumbnail","hentry","category-noticias"],"wpmagazine_modules_lite_featured_media_urls":{"thumbnail":["https:\/\/grupomontevideo.org\/site\/wp-content\/uploads\/2021\/04\/Intervenciones-sociales-UNC.jpg",150,99,false],"cvmm-medium":["https:\/\/grupomontevideo.org\/site\/wp-content\/uploads\/2021\/04\/Intervenciones-sociales-UNC.jpg",300,198,false],"cvmm-medium-plus":["https:\/\/grupomontevideo.org\/site\/wp-content\/uploads\/2021\/04\/Intervenciones-sociales-UNC.jpg",305,201,false],"cvmm-portrait":["https:\/\/grupomontevideo.org\/site\/wp-content\/uploads\/2021\/04\/Intervenciones-sociales-UNC.jpg",400,264,false],"cvmm-medium-square":["https:\/\/grupomontevideo.org\/site\/wp-content\/uploads\/2021\/04\/Intervenciones-sociales-UNC.jpg",600,396,false],"cvmm-large":["https:\/\/grupomontevideo.org\/site\/wp-content\/uploads\/2021\/04\/Intervenciones-sociales-UNC.jpg",971,641,false],"cvmm-small":["https:\/\/grupomontevideo.org\/site\/wp-content\/uploads\/2021\/04\/Intervenciones-sociales-UNC.jpg",130,86,false],"full":["https:\/\/grupomontevideo.org\/site\/wp-content\/uploads\/2021\/04\/Intervenciones-sociales-UNC.jpg",971,641,false]},"categories_names":{"1":{"name":"Noticias universitarias","link":"https:\/\/grupomontevideo.org\/site\/category\/noticias\/"}},"tags_names":[],"comments_number":"0","_links":{"self":[{"href":"https:\/\/grupomontevideo.org\/site\/wp-json\/wp\/v2\/posts\/9210","targetHints":{"allow":["GET"]}}],"collection":[{"href":"https:\/\/grupomontevideo.org\/site\/wp-json\/wp\/v2\/posts"}],"about":[{"href":"https:\/\/grupomontevideo.org\/site\/wp-json\/wp\/v2\/types\/post"}],"author":[{"embeddable":true,"href":"https:\/\/grupomontevideo.org\/site\/wp-json\/wp\/v2\/users\/1"}],"replies":[{"embeddable":true,"href":"https:\/\/grupomontevideo.org\/site\/wp-json\/wp\/v2\/comments?post=9210"}],"version-history":[{"count":1,"href":"https:\/\/grupomontevideo.org\/site\/wp-json\/wp\/v2\/posts\/9210\/revisions"}],"predecessor-version":[{"id":15403,"href":"https:\/\/grupomontevideo.org\/site\/wp-json\/wp\/v2\/posts\/9210\/revisions\/15403"}],"wp:featuredmedia":[{"embeddable":true,"href":"https:\/\/grupomontevideo.org\/site\/wp-json\/wp\/v2\/media\/9212"}],"wp:attachment":[{"href":"https:\/\/grupomontevideo.org\/site\/wp-json\/wp\/v2\/media?parent=9210"}],"wp:term":[{"taxonomy":"category","embeddable":true,"href":"https:\/\/grupomontevideo.org\/site\/wp-json\/wp\/v2\/categories?post=9210"},{"taxonomy":"post_tag","embeddable":true,"href":"https:\/\/grupomontevideo.org\/site\/wp-json\/wp\/v2\/tags?post=9210"}],"curies":[{"name":"wp","href":"https:\/\/api.w.org\/{rel}","templated":true}]}}