{"id":8366,"date":"2021-04-22T16:26:59","date_gmt":"2021-04-22T19:26:59","guid":{"rendered":"http:\/\/grupomontevideo.org\/sitio\/?post_type=noticias&#038;p=8366"},"modified":"2023-04-19T13:33:44","modified_gmt":"2023-04-19T16:33:44","slug":"pasaporte-augm-un-viaje-virtual-por-la-region","status":"publish","type":"post","link":"https:\/\/grupomontevideo.org\/site\/pasaporte-augm-un-viaje-virtual-por-la-region\/","title":{"rendered":"Pasaporte AUGM, un viaje virtual por la regi\u00f3n\u00a0"},"content":{"rendered":"<p style=\"text-align: justify;\">La <strong>Asociaci\u00f3n de Universidades Grupo Montevideo (AUGM) se ha caracterizado en sus 30 a\u00f1os de vida por proponer y llevar adelante un conjunto de iniciativas tendientes a conformar un espacio acad\u00e9mico com\u00fan ampliado<\/strong> entre los seis pa\u00edses de su influencia.<\/p>\n<p style=\"text-align: justify;\"><span style=\"font-weight: 400;\">Con el <strong>objetivo de fortalecer y profundizar este espacio<\/strong>, el <strong>Grupo Montevideo prepara Pasaporte AUGM, un proyecto de internacionalizaci\u00f3n que busca desarrollar la conciencia global y las competencias interculturales<\/strong> de las comunidades universitarias de las instituciones que la componen.\u00a0<\/span><\/p>\n<p style=\"text-align: justify;\"><span style=\"font-weight: 400;\">Se trata de un ciclo de charlas virtuales para estudiantes, docentes y gestores donde el centro estar\u00e1 puesto en la cultura de los pa\u00edses del Grupo. <strong>As\u00ed, las universidades, embajadas, municipios y otras organizaciones podr\u00e1n poner en valor las diferentes dimensiones o aspectos de sus culturas<\/strong>.<\/span><\/p>\n<p style=\"text-align: justify;\"><span style=\"font-weight: 400;\">Se busca incluir el componente cultural al relacionamiento acad\u00e9mico de la red desde una mirada global de los pa\u00edses, y haciendo \u00e9nfasis en la promoci\u00f3n del respeto a la diversidad cultural, empat\u00eda, apertura de ideas y tolerancia.<\/span><\/p>\n<hr \/>\n<p style=\"text-align: justify;\"><strong>El ciclo comenzar\u00e1 el 10 de mayo y podr\u00e1 seguirse de forma virtual en los canales oficiales de <a href=\"https:\/\/www.facebook.com\/AUGMoficial\">Facebook<\/a>, <a href=\"https:\/\/twitter.com\/home\">Twitter<\/a> y <a href=\"https:\/\/www.youtube.com\/channel\/UCPsfsC2J64FsbEr7r2gpb7w\">YouTube<\/a> de AUGM.<\/strong><\/p>\n<p><b>Inscripciones <a href=\"https:\/\/docs.google.com\/forms\/d\/e\/1FAIpQLSep5YjuQ5dQEqAG-fHd4RtsrGR2rkAmZ4f5phF2pUN6p8cABA\/viewform\">aqu\u00ed\u00a0<\/a><\/b><\/p>\n<hr \/>\n<p style=\"text-align: center;\"><b>Cronograma\u00a0<\/b><\/p>\n<p style=\"text-align: center;\"><strong>Lunes 10 de mayo<\/strong><br \/>\n10:45h<br \/>\nApertura<\/p>\n<p style=\"text-align: center;\">11:00h<br \/>\n<em>Recorrido por la gastronom\u00eda argentina.<\/em><br \/>\n<strong>Lorena Cepparo<\/strong><\/p>\n<p style=\"text-align: center;\"><em>El cine argentino reciente y su gran reconquista del p\u00fablico<\/em><br \/>\n<strong>Laureano Manson<\/strong><br \/>\nModera:<br \/>\nUNIVERSIDAD NACIONAL DE CUYO<\/p>\n<p style=\"text-align: center;\">17:00h<br \/>\n<em>La gastronom\u00eda uruguaya&#8230;\u00bfes o se hace?<\/em><br \/>\n<strong>Virgina Natero y Gustavo Laborde<\/strong><\/p>\n<p style=\"text-align: center;\"><em>El cine uruguayo: ese objeto dif\u00edcil de explicar.<\/em><br \/>\n<strong>Luis Dufuur<\/strong><\/p>\n<p style=\"text-align: center;\">Modera: Gonzalo Vicci<br \/>\nUNIVERSIDAD DE LA REP\u00daBLICA<\/p>\n<hr \/>\n<p style=\"text-align: center;\"><strong>Martes 11 de mayo<\/strong><br \/>\n11:00h<br \/>\n<em>Paraguay, historia y gastronom\u00eda desde el coraz\u00f3n de Am\u00e9rica del Sur.<\/em><br \/>\n<strong>Hugo Miguel Caballero Dominguez<\/strong><br \/>\n<em>Cine en Paraguay: Historia, Actualidad Educativa, Realizaci\u00f3n y Ley.<\/em><br \/>\n<strong>Walter Aguilera Garc\u00eda<\/strong><\/p>\n<p style=\"text-align: center;\">Modera: Edgar S\u00e1nchez<br \/>\nUNIVERSIDAD NACIONAL DE ASUNCI\u00d3N<\/p>\n<hr \/>\n<p style=\"text-align: center;\"><strong>Mi\u00e9rcoles 12 de mayo<\/strong><br \/>\n11:00h<br \/>\n<em>Um projeto para &#8216;Comer Hist\u00f3ria&#8217; &#8211; do Brasil!<\/em><br \/>\n<strong>Ana Carolina de Carvalho Viotti<\/strong><\/p>\n<p style=\"text-align: center;\"><em>Sabores brasileiros no cinema<\/em><br \/>\n<strong>Denis Porto Ren\u00f3<\/strong><\/p>\n<p style=\"text-align: center;\">Modera: F\u00e1bio Mazzitelli<br \/>\nUNIVERSIDADE ESTADUAL PAULISTA<\/p>\n<hr \/>\n<p style=\"text-align: center;\"><strong>Jueves 13 de mayo<\/strong><br \/>\n11:00hs<\/p>\n<p style=\"text-align: center;\">Cine y gastronom\u00eda de Bolivia<br \/>\nJos\u00e9 Ernesto Fern\u00e1ndez<\/p>\n<p style=\"text-align: center;\">Modera: Norma Marquez Cavero<br \/>\nUNIVERSIDAD SAN FRANCISCO XAVIER DE CHUQUISACA<\/p>\n<hr \/>\n<p style=\"text-align: center;\"><strong>Viernes 14 de mayo<\/strong><br \/>\n11h<br \/>\nGastronom\u00eda y Cine de Chile<br \/>\nDanilo Ahumada Flores<\/p>\n<p style=\"text-align: center;\">Presenatci\u00f3n de Gastronom\u00eda<br \/>\nCarol Parra Ibarra<\/p>\n<p style=\"text-align: center;\">Aldo Meneses Inostroza<br \/>\nModera:<br \/>\nUNIVERSIDAD DE PLAYA ANCHA<\/p>\n","protected":false},"excerpt":{"rendered":"<p>Ciclo de charlas sobre la cultura de los pa\u00edses que forman parte de la red<\/p>\n","protected":false},"author":1,"featured_media":9537,"comment_status":"closed","ping_status":"closed","sticky":false,"template":"","format":"standard","meta":{"footnotes":""},"categories":[1],"tags":[],"class_list":["post-8366","post","type-post","status-publish","format-standard","has-post-thumbnail","hentry","category-noticias"],"wpmagazine_modules_lite_featured_media_urls":{"thumbnail":["https:\/\/grupomontevideo.org\/site\/wp-content\/uploads\/2021\/04\/Pasaporte-AUGM_tapa-nota.png",150,84,false],"cvmm-medium":["https:\/\/grupomontevideo.org\/site\/wp-content\/uploads\/2021\/04\/Pasaporte-AUGM_tapa-nota.png",300,169,false],"cvmm-medium-plus":["https:\/\/grupomontevideo.org\/site\/wp-content\/uploads\/2021\/04\/Pasaporte-AUGM_tapa-nota.png",305,172,false],"cvmm-portrait":["https:\/\/grupomontevideo.org\/site\/wp-content\/uploads\/2021\/04\/Pasaporte-AUGM_tapa-nota.png",400,225,false],"cvmm-medium-square":["https:\/\/grupomontevideo.org\/site\/wp-content\/uploads\/2021\/04\/Pasaporte-AUGM_tapa-nota.png",600,338,false],"cvmm-large":["https:\/\/grupomontevideo.org\/site\/wp-content\/uploads\/2021\/04\/Pasaporte-AUGM_tapa-nota.png",750,422,false],"cvmm-small":["https:\/\/grupomontevideo.org\/site\/wp-content\/uploads\/2021\/04\/Pasaporte-AUGM_tapa-nota.png",130,73,false],"full":["https:\/\/grupomontevideo.org\/site\/wp-content\/uploads\/2021\/04\/Pasaporte-AUGM_tapa-nota.png",750,422,false]},"categories_names":{"1":{"name":"Noticias universitarias","link":"https:\/\/grupomontevideo.org\/site\/category\/noticias\/"}},"tags_names":[],"comments_number":"0","_links":{"self":[{"href":"https:\/\/grupomontevideo.org\/site\/wp-json\/wp\/v2\/posts\/8366","targetHints":{"allow":["GET"]}}],"collection":[{"href":"https:\/\/grupomontevideo.org\/site\/wp-json\/wp\/v2\/posts"}],"about":[{"href":"https:\/\/grupomontevideo.org\/site\/wp-json\/wp\/v2\/types\/post"}],"author":[{"embeddable":true,"href":"https:\/\/grupomontevideo.org\/site\/wp-json\/wp\/v2\/users\/1"}],"replies":[{"embeddable":true,"href":"https:\/\/grupomontevideo.org\/site\/wp-json\/wp\/v2\/comments?post=8366"}],"version-history":[{"count":1,"href":"https:\/\/grupomontevideo.org\/site\/wp-json\/wp\/v2\/posts\/8366\/revisions"}],"predecessor-version":[{"id":15405,"href":"https:\/\/grupomontevideo.org\/site\/wp-json\/wp\/v2\/posts\/8366\/revisions\/15405"}],"wp:featuredmedia":[{"embeddable":true,"href":"https:\/\/grupomontevideo.org\/site\/wp-json\/wp\/v2\/media\/9537"}],"wp:attachment":[{"href":"https:\/\/grupomontevideo.org\/site\/wp-json\/wp\/v2\/media?parent=8366"}],"wp:term":[{"taxonomy":"category","embeddable":true,"href":"https:\/\/grupomontevideo.org\/site\/wp-json\/wp\/v2\/categories?post=8366"},{"taxonomy":"post_tag","embeddable":true,"href":"https:\/\/grupomontevideo.org\/site\/wp-json\/wp\/v2\/tags?post=8366"}],"curies":[{"name":"wp","href":"https:\/\/api.w.org\/{rel}","templated":true}]}}