{"id":8330,"date":"2021-04-08T16:19:30","date_gmt":"2021-04-08T16:19:30","guid":{"rendered":"http:\/\/grupomontevideo.org\/sitio\/?post_type=noticias&#038;p=8330"},"modified":"2022-07-04T15:09:39","modified_gmt":"2022-07-04T15:09:39","slug":"seminario-mercosur-reflexiones-y-perspectivas-a-30-anos-despues-del-acuerdo-regional","status":"publish","type":"post","link":"https:\/\/grupomontevideo.org\/site\/seminario-mercosur-reflexiones-y-perspectivas-a-30-anos-despues-del-acuerdo-regional\/","title":{"rendered":"Seminario Mercosur: Reflexiones y perspectivas 30 a\u00f1os despu\u00e9s del acuerdo regional"},"content":{"rendered":"<p style=\"text-align: justify;\">A 30 a\u00f1os de la firma del tratado que dio origen al Mercosur, <strong>se torna necesario abrir nuevos espacios de di\u00e1logo entre entre el sector universitario y cient\u00edfico que generen aportes a la agenda estrat\u00e9gica del bloque<\/strong>. Destacan en este aspecto la <strong>integraci\u00f3n econ\u00f3mica y comercial,<\/strong> la <strong>integraci\u00f3n cient\u00edfica &#8211; educacional<\/strong> y la <strong>pol\u00edtica ambiental regional<\/strong>, as\u00ed como la <strong>integraci\u00f3n e inclusi\u00f3n digital<\/strong>.<\/p>\n<p style=\"text-align: justify;\">En este contexto, la <strong>Universidad de Buenos Aires<\/strong>, la <strong>Universidade de S\u00e3o Paulo<\/strong>, la <strong>Universidad Nacional de Asunci\u00f3n<\/strong> y la <strong>Universidad de la Rep\u00fablica<\/strong> invitan al \u201c<em><strong>Seminario Mercosur: Reflexiones y perspectivas a 30 a\u00f1os despu\u00e9s del acuerdo regional<\/strong><\/em>\u201d.<\/p>\n<p style=\"text-align: justify;\">Se llevar\u00e1 a cabo el pr\u00f3ximo <strong>15 de abril desde las 9.00 horas (BSAS) y\u00a0 requiere inscripci\u00f3n previa a trav\u00e9s del siguiente <a href=\"https:\/\/forms.office.com\/pages\/responsepage.aspx?id=Uh4_4TJuckmCyml0IO48mLQPh8VzND5Dox8fd_R7Z1lURDNQVFYwWFdENjdIOFdVRVY3SlZFTElBVS4u\">formulario<\/a><\/strong>.<\/p>\n<p style=\"text-align: justify;\">La actividad reunir\u00e1 autoridades, docentes e investigadores de las instituciones involucradas.<\/p>\n<hr \/>\n<p style=\"text-align: center;\"><strong>Vea m\u00e1s detalles en el cronograma<br \/>\n<a href=\"https:\/\/grupomontevideo.org\/site\/wp-content\/uploads\/2021\/04\/Seminario-Mercosur-Espanol.pdf\">Espa\u00f1ol <\/a>\/ <a href=\"https:\/\/grupomontevideo.org\/site\/wp-content\/uploads\/2021\/04\/Seminario-Mercosur-Portugues.pdf\">Portugu\u00e9s\u00a0<\/a><\/strong><\/p>\n<hr \/>\n<p style=\"text-align: center;\">\n","protected":false},"excerpt":{"rendered":"<p>Inscripciones abiertas. Acceda al formulario y el programa aqu\u00ed <\/p>\n","protected":false},"author":1,"featured_media":8333,"comment_status":"closed","ping_status":"closed","sticky":false,"template":"","format":"standard","meta":{"footnotes":""},"categories":[48,1],"tags":[],"class_list":["post-8330","post","type-post","status-publish","format-standard","has-post-thumbnail","hentry","category-archivo-de-noticias","category-noticias"],"wpmagazine_modules_lite_featured_media_urls":{"thumbnail":["https:\/\/grupomontevideo.org\/site\/wp-content\/uploads\/2021\/04\/Mercosur30.png",150,100,false],"cvmm-medium":["https:\/\/grupomontevideo.org\/site\/wp-content\/uploads\/2021\/04\/Mercosur30.png",300,199,false],"cvmm-medium-plus":["https:\/\/grupomontevideo.org\/site\/wp-content\/uploads\/2021\/04\/Mercosur30.png",305,203,false],"cvmm-portrait":["https:\/\/grupomontevideo.org\/site\/wp-content\/uploads\/2021\/04\/Mercosur30.png",400,266,false],"cvmm-medium-square":["https:\/\/grupomontevideo.org\/site\/wp-content\/uploads\/2021\/04\/Mercosur30.png",600,398,false],"cvmm-large":["https:\/\/grupomontevideo.org\/site\/wp-content\/uploads\/2021\/04\/Mercosur30.png",640,425,false],"cvmm-small":["https:\/\/grupomontevideo.org\/site\/wp-content\/uploads\/2021\/04\/Mercosur30.png",130,86,false],"full":["https:\/\/grupomontevideo.org\/site\/wp-content\/uploads\/2021\/04\/Mercosur30.png",640,425,false]},"categories_names":{"48":{"name":"Archivo de noticias","link":"https:\/\/grupomontevideo.org\/site\/category\/archivo-de-noticias\/"},"1":{"name":"Noticias universitarias","link":"https:\/\/grupomontevideo.org\/site\/category\/noticias\/"}},"tags_names":[],"comments_number":"0","_links":{"self":[{"href":"https:\/\/grupomontevideo.org\/site\/wp-json\/wp\/v2\/posts\/8330","targetHints":{"allow":["GET"]}}],"collection":[{"href":"https:\/\/grupomontevideo.org\/site\/wp-json\/wp\/v2\/posts"}],"about":[{"href":"https:\/\/grupomontevideo.org\/site\/wp-json\/wp\/v2\/types\/post"}],"author":[{"embeddable":true,"href":"https:\/\/grupomontevideo.org\/site\/wp-json\/wp\/v2\/users\/1"}],"replies":[{"embeddable":true,"href":"https:\/\/grupomontevideo.org\/site\/wp-json\/wp\/v2\/comments?post=8330"}],"version-history":[{"count":1,"href":"https:\/\/grupomontevideo.org\/site\/wp-json\/wp\/v2\/posts\/8330\/revisions"}],"predecessor-version":[{"id":15413,"href":"https:\/\/grupomontevideo.org\/site\/wp-json\/wp\/v2\/posts\/8330\/revisions\/15413"}],"wp:featuredmedia":[{"embeddable":true,"href":"https:\/\/grupomontevideo.org\/site\/wp-json\/wp\/v2\/media\/8333"}],"wp:attachment":[{"href":"https:\/\/grupomontevideo.org\/site\/wp-json\/wp\/v2\/media?parent=8330"}],"wp:term":[{"taxonomy":"category","embeddable":true,"href":"https:\/\/grupomontevideo.org\/site\/wp-json\/wp\/v2\/categories?post=8330"},{"taxonomy":"post_tag","embeddable":true,"href":"https:\/\/grupomontevideo.org\/site\/wp-json\/wp\/v2\/tags?post=8330"}],"curies":[{"name":"wp","href":"https:\/\/api.w.org\/{rel}","templated":true}]}}