{"id":8256,"date":"2021-03-18T20:49:00","date_gmt":"2021-03-18T20:49:00","guid":{"rendered":"http:\/\/grupomontevideo.org\/sitio\/?post_type=noticias&#038;p=8256"},"modified":"2023-04-19T13:31:31","modified_gmt":"2023-04-19T16:31:31","slug":"2021cronograma-de-actividades-en-el-dia-mundial-del-agua","status":"publish","type":"post","link":"https:\/\/grupomontevideo.org\/site\/2021cronograma-de-actividades-en-el-dia-mundial-del-agua\/","title":{"rendered":"Cronograma de actividades en el D\u00eda Mundial del Agua"},"content":{"rendered":"<p style=\"text-align: center;\"><b>Actividades programadas CAA-AUGM<\/b><\/p>\n<p style=\"text-align: center;\"><b>D\u00eda Mundial del Agua<\/b><\/p>\n<p>&nbsp;<br \/>\n<b>Universidad de Buenos Aires<\/b><br \/>\n<span style=\"font-weight: 400;\">Se desarrolla una actividad conjunta entre la Facultad de Ciencias Veterinarias (UBA), los institutos de investigaci\u00f3n INPA (UBA-CONICET), CETA (UBA), la&nbsp; c\u00e1tedra de Qu\u00edmica Org\u00e1nica FCV-UBA), la Secretar\u00eda de Extensi\u00f3n (FCV-UBA), el equipo de CONICET Documental, investigadores del Instituto IANIGLIA (Mendoza) y escuelas primarias de la ciudad Aut\u00f3noma de Buenos aires y de la Ciudad de Salta en relaci\u00f3n a la glaciares en el marco de la valoraci\u00f3n del agua. Las actividades son talleres donde a trav\u00e9s de preguntas y experimentos did\u00e1cticos los ni\u00f1os podr\u00e1n reflexionar sobre la importancia del agua y el rol de los glaciares en el ciclo del agua.&nbsp;&nbsp;<\/span><br \/>\n<img fetchpriority=\"high\" decoding=\"async\" class=\"wp-image-8257 aligncenter\" src=\"https:\/\/grupomontevideo.org\/site\/wp-content\/uploads\/2021\/03\/UBA-1_JNVITACION_Mesa-de-trabajo-1.jpg\" alt=\"\" width=\"500\" height=\"281\"><br \/>\n<b>Universidad Nacional de C\u00f3rdoba<\/b><br \/>\n<span style=\"font-weight: 400;\">Serie de videos cortos&nbsp; titulado: \u201cAgua de ni\u00f1ez\u201d que i<\/span><span style=\"font-weight: 400;\">nvitan a una reflexi\u00f3n para recuperar la mirada del agua con ojos de ni\u00f1os, realizado por ellos.&nbsp;<\/span><br \/>\n<a href=\"https:\/\/grupomontevideo.org\/site\/wp-content\/uploads\/2021\/03\/UNC-Folleto-AGUA-DE-NINEZ.pptx.pdf\">Vea el folleto aqu\u00ed&nbsp;<\/a><br \/>\n<b>Universidad Nacional de La Plata<\/b><br \/>\n<span style=\"font-weight: 400;\">Ciclo de&nbsp; Cuatro C<\/span><span style=\"font-weight: 400;\">onferencias Virtuales con debate participativo \u201cEl valor del agua en el marco de la pandemia\u201d.&nbsp;<\/span><span style=\"font-weight: 400;\">El primer encuentro<\/span> <span style=\"font-weight: 400;\">22\/3. 18hs \u201cD\u00eda Mundial del Agua\u201d. Interacci\u00f3n aguas ubterr\u00e1neas \u2013 aguas superficiales: visi\u00f3n para un desarrollo sustentable.&nbsp; Dr. Eduardo Kruse. Director Ejecutivo del CIIAAA (Centro Interdisciplinario de Investigaciones Aplicadas al Agua y al Ambiente).<\/span><br \/>\n<img decoding=\"async\" class=\"aligncenter wp-image-8258\" src=\"https:\/\/grupomontevideo.org\/site\/wp-content\/uploads\/2021\/03\/UNLP-flyer-dia-del-agua.jpg\" alt=\"\" width=\"308\" height=\"308\"><br \/>\n<b>Universidad Nacional del Litoral<\/b><br \/>\nDesarrollar\u00e1 el tradicional Concurso Fotogr\u00e1fico \u201cEl agua en im\u00e1genes\u201d de la FICH-UNL que ya lleva XI ediciones.<br \/>\n<b>Universidad Nacional de Rosario<\/b><br \/>\n<span style=\"font-weight: 400;\">Organiza una importante actividad liderada por el Dr. Anibal Faccendini y conmemoran tambi\u00e9n los 5 a\u00f1os del Derecho de Jarras de Agua (poder tomar agua potable solamente&nbsp; y gratuitamente mientras consumismos algo en bares y restaurantes en Rosario y la provincia de Santa Fe) Ordenanza 9465 y la ley 13935. En dicho evento expondran&nbsp; Adolfo P\u00e9rez Esquivel Premio N\u00f3bel de la Paz,&nbsp; Alcira Argumedo Soci\u00f3loga muy comprometida con la problem\u00e1tica del Agua y el Dr. Anibal Faccendini. Tambien participaran el Dr. Gustavo Marini Decano FCPOLIT UNR, la Ministra de Ambiente de Santa FE&nbsp; Erica Gonnet y el Ministro de Cultura&nbsp; de Santa Fe Jorge Llonch. Sea djunta Flyer.<\/span><br \/>\n<img decoding=\"async\" class=\"aligncenter wp-image-8260\" src=\"https:\/\/grupomontevideo.org\/site\/wp-content\/uploads\/2021\/03\/UNR-DIA-MUNDIAL-DEL-AGUA-2021.jpg\" alt=\"\" width=\"227\" height=\"387\"><br \/>\n<b>Universidad Nacional de San Luis<\/b><br \/>\n<span style=\"font-weight: 400;\">Jornada de Charlas&nbsp; dirigida a toda la comunidad sobre la valoraci\u00f3n del agua.&nbsp;<\/span><br \/>\n<img loading=\"lazy\" decoding=\"async\" class=\"aligncenter  wp-image-8263\" src=\"https:\/\/grupomontevideo.org\/site\/wp-content\/uploads\/2021\/03\/UNSL-Actividad.jpeg\" alt=\"\" width=\"493\" height=\"500\"><\/p>\n","protected":false},"excerpt":{"rendered":"<p>Por el Comit\u00e9 Acad\u00e9mico Aguas <\/p>\n","protected":false},"author":1,"featured_media":0,"comment_status":"closed","ping_status":"closed","sticky":false,"template":"","format":"standard","meta":{"footnotes":""},"categories":[1],"tags":[],"class_list":["post-8256","post","type-post","status-publish","format-standard","hentry","category-noticias"],"wpmagazine_modules_lite_featured_media_urls":{"thumbnail":"","cvmm-medium":"","cvmm-medium-plus":"","cvmm-portrait":"","cvmm-medium-square":"","cvmm-large":"","cvmm-small":"","full":""},"categories_names":{"1":{"name":"Noticias universitarias","link":"https:\/\/grupomontevideo.org\/site\/category\/noticias\/"}},"tags_names":[],"comments_number":"0","_links":{"self":[{"href":"https:\/\/grupomontevideo.org\/site\/wp-json\/wp\/v2\/posts\/8256","targetHints":{"allow":["GET"]}}],"collection":[{"href":"https:\/\/grupomontevideo.org\/site\/wp-json\/wp\/v2\/posts"}],"about":[{"href":"https:\/\/grupomontevideo.org\/site\/wp-json\/wp\/v2\/types\/post"}],"author":[{"embeddable":true,"href":"https:\/\/grupomontevideo.org\/site\/wp-json\/wp\/v2\/users\/1"}],"replies":[{"embeddable":true,"href":"https:\/\/grupomontevideo.org\/site\/wp-json\/wp\/v2\/comments?post=8256"}],"version-history":[{"count":2,"href":"https:\/\/grupomontevideo.org\/site\/wp-json\/wp\/v2\/posts\/8256\/revisions"}],"predecessor-version":[{"id":15429,"href":"https:\/\/grupomontevideo.org\/site\/wp-json\/wp\/v2\/posts\/8256\/revisions\/15429"}],"wp:attachment":[{"href":"https:\/\/grupomontevideo.org\/site\/wp-json\/wp\/v2\/media?parent=8256"}],"wp:term":[{"taxonomy":"category","embeddable":true,"href":"https:\/\/grupomontevideo.org\/site\/wp-json\/wp\/v2\/categories?post=8256"},{"taxonomy":"post_tag","embeddable":true,"href":"https:\/\/grupomontevideo.org\/site\/wp-json\/wp\/v2\/tags?post=8256"}],"curies":[{"name":"wp","href":"https:\/\/api.w.org\/{rel}","templated":true}]}}