{"id":8254,"date":"2021-03-18T20:57:01","date_gmt":"2021-03-18T20:57:01","guid":{"rendered":"http:\/\/grupomontevideo.org\/sitio\/?post_type=noticias&#038;p=8254"},"modified":"2023-04-19T13:31:35","modified_gmt":"2023-04-19T16:31:35","slug":"actividades-y-reflexiones-del-comite-academico-aguas-en-el-dia-mundial-del-agua","status":"publish","type":"post","link":"https:\/\/grupomontevideo.org\/site\/actividades-y-reflexiones-del-comite-academico-aguas-en-el-dia-mundial-del-agua\/","title":{"rendered":"Actividades y reflexiones del Comit\u00e9 Acad\u00e9mico Aguas en el D\u00eda Mundial del AGUA"},"content":{"rendered":"<p><span style=\"font-weight: 400;\">Como todos los a\u00f1os, el<strong> Comit\u00e9 Acad\u00e9mico Aguas de la Asociaci\u00f3n de Universidades Grupo Montevideo (AUGM) impulsa un conjunto de actividades <\/strong>en <\/span>distintas universidades miembro de la red en el marco del D\u00eda Mundial del Agua, que se celebrar\u00e1 el pr\u00f3ximo lunes 22 de marzo.<br \/>\n<span style=\"font-weight: 400;\">A ese respecto, el agrupamiento acad\u00e9mico escribi\u00f3 un <strong>conjunto de reflexiones en torno a la fecha y al agua como recurso finito<\/strong> -leer m\u00e1s abajo-, y <strong>reuni\u00f3 un cronograma de las actividades programadas para el 22 de marzo<\/strong> (<a href=\"http:\/\/grupomontevideo.org\/sitio\/noticias\/8256\/\">vea el cronograma aqu\u00ed<\/a>).<\/span><br \/>\nEn este marco tambi\u00e9n se llev\u00f3 a cabo la <strong>actividad Aguas de Ni\u00f1ez<\/strong>, donde expertos\u201d entre 1 y 12 a\u00f1os, junto con representantes de la Universidad Nacional de C\u00f3rdoba, realizaron dos videos cortos en homenaje a esta fecha. <a href=\"https:\/\/grupomontevideo.org\/site\/wp-content\/uploads\/2021\/03\/UNC-Folleto-AGUA-DE-NINEZ.pptx.pdf\">M\u00e1s informaci\u00f3n y link a los videos aqu\u00ed.<\/a><\/p>\n<hr>\n<p style=\"text-align: center;\"><b>Reflexiones para el D\u00eda del Agua<br \/>\n<\/b><b>Comit\u00e9 Acad\u00e9mico Aguas-AUGM<\/b><\/p>\n<p style=\"text-align: justify;\">El 22 de marzo <span style=\"font-weight: 400;\">de cada a\u00f1o se conmemora el D\u00eda Mundial del Agua que fue <\/span><span style=\"font-weight: 400;\">instaurado &nbsp; por las Naciones Unidas en 1992. El Comit\u00e9 Acad\u00e9mico Agua de la Asociaci\u00f3n de Universidades del Grupo Montevideo (AUGM) desarrolla cada a\u00f1o, actividades en todas las casas de estudio de la regi\u00f3n para reflexionar sobre este recurso finito y esencial para la vida.<\/span><\/p>\n<p style=\"text-align: justify;\">El lema del D\u00eda del Agua para 2021 es \u201cEl Valor del agua\u201d en sus m\u00faltiples aspectos, social, ambiental y econ\u00f3mico. El agua atraviesa todas las actividades humanas y es el eje de la supervivencia la biodiversidad y los ecosistemas. La importancia de este recursos tambi\u00e9n se refleja en los Objetivos de Desarrollo Sostenible, donde el agua si bien tiene un ODS propio (N\u00b06: Agua y saneamiento para todos antes de 2030), es transversal al cumplimiento de todos los ODS.<\/p>\n<p style=\"text-align: justify;\"><span style=\"font-weight: 400;\">La disponibilidad y la calidad del agua son dos factores claves para la vida y el desarrollo de cualquier regi\u00f3n del mundo. Latinoam\u00e9rica es una de las regiones del planeta que posee mayor cantidad de recursos h\u00eddricos disponibles en relaci\u00f3n a la cantidad de poblaci\u00f3n, si bien dichos recursos est\u00e1n distribuidos heterog\u00e9neamente. Las actividades agropecuarias son el usuario de mayor demanda del agua (73%), seguido por el uso dom\u00e9stico (17 %) y las actividades industriales (10 %).&nbsp;<\/span><\/p>\n<p style=\"text-align: justify;\"><span style=\"font-weight: 400;\">La problem\u00e1tica del agua envuelve e integra el conocimiento de una diversidad de sistemas que no son usualmente considerados en forma simult\u00e1nea. Por ello, es de vital importancia la integraci\u00f3n de las diferentes disciplinas para lograr el conocimiento transdisciplinario; la integraci6n de la investigaci\u00f3n con la docencia formal e informal, y por \u00faltimo, la integraci\u00f3n con los organismos normativos y de gesti\u00f3n. La fragmentaci\u00f3n en el an\u00e1lisis de las actividades y procesos que condicionan el sector h\u00eddrico ha conspirado contra el enfoque integral necesario para una planificaci\u00f3n eficiente.&nbsp;<\/span><\/p>\n<p style=\"text-align: justify;\"><span style=\"font-weight: 400;\">Las universidades y centros de investigaci\u00f3n y desarrollo, como parte inseparable de la sociedad, est\u00e1n obligados a la consideraci6n de sus problemas m\u00e1s acuciantes y a la b\u00fasqueda de soluciones creativas, seguras, econ\u00f3micas y amigables con el ambiente. Por ello, resulta fundamental la formaci\u00f3n de profesionales que conozcan y se involucren en los nuevos conceptos y paradigmas que exige una gesti\u00f3n sustentable de este recurso.&nbsp;<\/span><\/p>\n<p style=\"text-align: justify;\"><span style=\"font-weight: 400;\">En este sentido el Comit\u00e9 Acad\u00e9mico Aguas&nbsp; de AUGM creado en 1993 y que desarrolla sus actividades ininterrumpidamente desde 1995 y que en la actualidad est\u00e1 integrado por 22 universidades p\u00fablicas de la regi\u00f3n, tiene por objetivos:<\/span><\/p>\n<ul>\n<li style=\"font-weight: 400;\" aria-level=\"1\"><span style=\"font-weight: 400;\">Fortalecer la investigaci\u00f3n cient\u00edfica y tecnol\u00f3gica en la compleja tem\u00e1tica del agua.<\/span><\/li>\n<li style=\"font-weight: 400;\" aria-level=\"1\"><span style=\"font-weight: 400;\">Contribuir a la capacitaci\u00f3n y al perfeccionamiento de investigadores, profesionales y t\u00e9cnicos mediante la formaci\u00f3n de posgrado en el mayor nivel posible en la tem\u00e1tica de recursos h\u00eddricos en la regi\u00f3n<\/span><\/li>\n<li style=\"font-weight: 400;\" aria-level=\"1\"><span style=\"font-weight: 400;\">Transferir los resultados de las investigaciones a los diferentes sectores interesados.&nbsp;<\/span><\/li>\n<li style=\"font-weight: 400;\" aria-level=\"1\"><span style=\"font-weight: 400;\">Insertar al CAA en el contexto nacional y regional, incentivando la vinculaci\u00f3n con otros Comit\u00e9s acad\u00e9micos y N\u00facleos disciplinares de AUGM, as\u00ed como redes, centros de investigaci\u00f3n, instituciones y grupos de trabajo en la tem\u00e1tica.<\/span><\/li>\n<\/ul>\n<p style=\"text-align: justify;\">El CAA ha planificado diferentes actividades abiertas a la comunidad&nbsp; para reflexionar sobre distintos aspectos de esta tem\u00e1tica compleja y estrat\u00e9gica para nuestra regi\u00f3n a fin de contribuir a formar graduados universitarios que puedan interpretar el conjunto de dimensiones del conocimiento, las tecnolog\u00edas e instrumentos para la gesti\u00f3n integrada del agua y que tambi\u00e9n se comprometan en la b\u00fasqueda de soluciones a problemas que mejoren la calidad de vida de las personas.<\/p>\n","protected":false},"excerpt":{"rendered":"<p>Vea el cronograma en esta publicaci\u00f3n<\/p>\n","protected":false},"author":1,"featured_media":8261,"comment_status":"closed","ping_status":"closed","sticky":false,"template":"","format":"standard","meta":{"footnotes":""},"categories":[1],"tags":[],"class_list":["post-8254","post","type-post","status-publish","format-standard","has-post-thumbnail","hentry","category-noticias"],"wpmagazine_modules_lite_featured_media_urls":{"thumbnail":["https:\/\/grupomontevideo.org\/site\/wp-content\/uploads\/2021\/03\/AGUA-Palaneta.jpg",150,84,false],"cvmm-medium":["https:\/\/grupomontevideo.org\/site\/wp-content\/uploads\/2021\/03\/AGUA-Palaneta.jpg",300,169,false],"cvmm-medium-plus":["https:\/\/grupomontevideo.org\/site\/wp-content\/uploads\/2021\/03\/AGUA-Palaneta.jpg",305,172,false],"cvmm-portrait":["https:\/\/grupomontevideo.org\/site\/wp-content\/uploads\/2021\/03\/AGUA-Palaneta.jpg",400,225,false],"cvmm-medium-square":["https:\/\/grupomontevideo.org\/site\/wp-content\/uploads\/2021\/03\/AGUA-Palaneta.jpg",600,338,false],"cvmm-large":["https:\/\/grupomontevideo.org\/site\/wp-content\/uploads\/2021\/03\/AGUA-Palaneta.jpg",1024,576,false],"cvmm-small":["https:\/\/grupomontevideo.org\/site\/wp-content\/uploads\/2021\/03\/AGUA-Palaneta.jpg",130,73,false],"full":["https:\/\/grupomontevideo.org\/site\/wp-content\/uploads\/2021\/03\/AGUA-Palaneta.jpg",1280,720,false]},"categories_names":{"1":{"name":"Noticias universitarias","link":"https:\/\/grupomontevideo.org\/site\/category\/noticias\/"}},"tags_names":[],"comments_number":"0","_links":{"self":[{"href":"https:\/\/grupomontevideo.org\/site\/wp-json\/wp\/v2\/posts\/8254","targetHints":{"allow":["GET"]}}],"collection":[{"href":"https:\/\/grupomontevideo.org\/site\/wp-json\/wp\/v2\/posts"}],"about":[{"href":"https:\/\/grupomontevideo.org\/site\/wp-json\/wp\/v2\/types\/post"}],"author":[{"embeddable":true,"href":"https:\/\/grupomontevideo.org\/site\/wp-json\/wp\/v2\/users\/1"}],"replies":[{"embeddable":true,"href":"https:\/\/grupomontevideo.org\/site\/wp-json\/wp\/v2\/comments?post=8254"}],"version-history":[{"count":2,"href":"https:\/\/grupomontevideo.org\/site\/wp-json\/wp\/v2\/posts\/8254\/revisions"}],"predecessor-version":[{"id":17274,"href":"https:\/\/grupomontevideo.org\/site\/wp-json\/wp\/v2\/posts\/8254\/revisions\/17274"}],"wp:featuredmedia":[{"embeddable":true,"href":"https:\/\/grupomontevideo.org\/site\/wp-json\/wp\/v2\/media\/8261"}],"wp:attachment":[{"href":"https:\/\/grupomontevideo.org\/site\/wp-json\/wp\/v2\/media?parent=8254"}],"wp:term":[{"taxonomy":"category","embeddable":true,"href":"https:\/\/grupomontevideo.org\/site\/wp-json\/wp\/v2\/categories?post=8254"},{"taxonomy":"post_tag","embeddable":true,"href":"https:\/\/grupomontevideo.org\/site\/wp-json\/wp\/v2\/tags?post=8254"}],"curies":[{"name":"wp","href":"https:\/\/api.w.org\/{rel}","templated":true}]}}