{"id":8250,"date":"2021-03-18T16:35:12","date_gmt":"2021-03-18T16:35:12","guid":{"rendered":"http:\/\/grupomontevideo.org\/sitio\/?post_type=noticias&#038;p=8250"},"modified":"2023-04-19T13:31:28","modified_gmt":"2023-04-19T16:31:28","slug":"publicacion-del-libro-del-iv-congreso-de-extension-universitaria-augm","status":"publish","type":"post","link":"https:\/\/grupomontevideo.org\/site\/publicacion-del-libro-del-iv-congreso-de-extension-universitaria-augm\/","title":{"rendered":"Publicaci\u00f3n del Libro del IV Congreso de Extensi\u00f3n Universitaria AUGM."},"content":{"rendered":"<p style=\"text-align: justify;\">El 26 de marzo, desde las 9.30 horas, se realizar\u00e1 la <strong>ceremonia de lanzamiento<\/strong> de la publicaci\u00f3n \u201cUniversidades comprometidas con el futuro de Am\u00e9rica Latina. IV Congreso de Extensi\u00f3n Universitaria de AUGM\u201d.<\/p>\n<p>La jornada ser\u00e1 transmitida por el canal de YouTube de la <a href=\"https:\/\/www.youtube.com\/user\/uchile\">Universidad de Chile<\/a>, adem\u00e1s de las redes sociales de las instituciones participantes.<\/p>\n<p style=\"text-align: justify;\">La integrar\u00e1n art\u00edculos provenientes de Argentina, Uruguay, Brasil y Chile realizados por docentes, investigadoras\/es y estudiantes en el IV Congreso de Extensi\u00f3n Universitaria AUGM; donde cada uno incorpora investigaciones o sistematizaciones de experiencias agrupados en cinco ejes tem\u00e1ticos: Institucionalizaci\u00f3n de la Extensi\u00f3n Universitaria; Producci\u00f3n art\u00edstica y cultural; Desarrollo sustentable, Estado y sociedad; Formaci\u00f3n de ciudadan\u00eda, Derechos humanos e inclusi\u00f3n, junto a Comunicaci\u00f3n y Redes.<\/p>\n<p style=\"text-align: justify;\">La iniciativa, <strong>organizada por la Comisi\u00f3n de Extensi\u00f3n de la Asociaci\u00f3n de Universidades Grupo Montevideo (AUGM)<\/strong>, profundizar\u00e1 en los avances y desaf\u00edos sobre la Extensi\u00f3n y Vinculaci\u00f3n con el Medio en el contexto regional, junto con el rol de las universidades y su aporte a la materializaci\u00f3n de los Objetivos de Desarrollo Sostenible (ODS).<\/p>\n<p style=\"text-align: justify;\">La jornada contar\u00e1 con un <strong>panel de discusi\u00f3n titulado \u201cUniversidad, pol\u00edticas p\u00fablicas y el futuro de Am\u00e9rica Latina\u201d<\/strong>, moderado por la Dra. Svenska Arensburg, directora de Extensi\u00f3n de la Universidad de Chile y una mesa de discusi\u00f3n integrada por el Comit\u00e9 Editorial de la Publicaci\u00f3n, que ser\u00e1 moderado por Patricia Reyes, Vicerrectora de la Universidad de Valpara\u00edso y Juan \u00c1lvarez, director general de Vinculaci\u00f3n con el Medio de la Universidad de Playa Ancha.<\/p>\n<p style=\"text-align: justify;\">La publicaci\u00f3n mencionada surge a partir de la cancelaci\u00f3n del IV Congreso de Extensi\u00f3n programado para marzo de 2020 producto de la pandemia global. Por ello, los rectores de las universidades organizadoras del Congreso (Universidad de Chile, Universidad de Santiago de Chile, Universidad de Playa Ancha y Universidad de Valpara\u00edso) se comprometieron a que los trabajos presentados formaran parte de una publicaci\u00f3n in\u00e9dita para el \u00e1mbito de la Extensi\u00f3n en la regi\u00f3n latinoamericana. En total, fueron recibidas casi 600 ponencias para el IV Congreso de Extensi\u00f3n Universitaria. Posteriormente, en mayo de 2020, se convoc\u00f3 a todos los participantes a someterse a un proceso de evaluaci\u00f3n por parte del Comit\u00e9 Editorial.<\/p>\n<p style=\"text-align: justify;\"><strong>Luego de un largo proceso de revisi\u00f3n y correcci\u00f3n, se publicar\u00e1n 156 ponencias a trav\u00e9s de art\u00edculos con experiencias de Argentina, Uruguay, Brasil y Chile.<\/strong><\/p>\n<p style=\"text-align: justify;\">En relaci\u00f3n con la g\u00e9nesis de los congresos de Extensi\u00f3n, el comit\u00e9 organizador se\u00f1ala que estos comenzaron a realizarse ya que existi\u00f3 la necesidad, a nivel latinoamericano, de intercambiar experiencias de Vinculaci\u00f3n con el Medio que aportaran en la construcci\u00f3n de marcos institucionales, innovaciones metodol\u00f3gicas y al desaf\u00edo que presenta gestionar, sistematizar y evaluar los programas y proyectos de Extensi\u00f3n Universitaria.<\/p>\n<p style=\"text-align: justify;\">Sobre el principal aporte de la publicaci\u00f3n, agregan que <strong>es la primera vez que se realiza una publicaci\u00f3n que incorpora un proceso de evaluaci\u00f3n por pares revisores latinoamericanos.<\/strong> \u201cCreemos que esto sin duda es un aporte que apunta hacia la creaci\u00f3n de un cuerpo te\u00f3rico y pr\u00e1ctico en Extensi\u00f3n y Vinculaci\u00f3n con el Medio propio de la regi\u00f3n latinoamericana\u201d, afirman.<\/p>\n<p style=\"text-align: justify;\">Asimismo, en relaci\u00f3n con los resultados esperados de la publicaci\u00f3n, el comit\u00e9 organizador considera que se busca contribuir en la generaci\u00f3n de reflexiones y discusiones que apunten a la construcci\u00f3n de conocimiento propio de la Extensi\u00f3n y Vinculaci\u00f3n con el Medio en Latinoam\u00e9rica.<\/p>\n<p>&nbsp;<\/p>\n<hr>\n<p>&nbsp;<\/p>\n<p style=\"text-align: justify;\">La publicaci\u00f3n, totalmente gratuita, podr\u00e1 ser descargada en el siguiente enlace: <a href=\"http:\/\/grupomontevideo.org\/publicaciones\/\">http:\/\/grupomontevideo.org\/publicaciones\/<\/a><\/p>\n<p>&nbsp;<\/p>\n<hr>\n<p>&nbsp;<br \/>\n<img fetchpriority=\"high\" decoding=\"async\" class=\"aligncenter size-full wp-image-8252\" src=\"https:\/\/grupomontevideo.org\/site\/wp-content\/uploads\/2021\/03\/Afiche-AUGM.jpg\" alt=\"\" width=\"792\" height=\"1130\"><\/p>\n","protected":false},"excerpt":{"rendered":"<p>In\u00e9dita publicaci\u00f3n sobre Extensi\u00f3n Universitaria con 156 ponencias. Transmisi\u00f3n por YouTube.<\/p>\n","protected":false},"author":1,"featured_media":8251,"comment_status":"closed","ping_status":"closed","sticky":false,"template":"","format":"standard","meta":{"footnotes":""},"categories":[1],"tags":[],"class_list":["post-8250","post","type-post","status-publish","format-standard","has-post-thumbnail","hentry","category-noticias"],"wpmagazine_modules_lite_featured_media_urls":{"thumbnail":["https:\/\/grupomontevideo.org\/site\/wp-content\/uploads\/2021\/03\/Redes-sociales.jpg",150,150,false],"cvmm-medium":["https:\/\/grupomontevideo.org\/site\/wp-content\/uploads\/2021\/03\/Redes-sociales.jpg",300,300,false],"cvmm-medium-plus":["https:\/\/grupomontevideo.org\/site\/wp-content\/uploads\/2021\/03\/Redes-sociales.jpg",207,207,false],"cvmm-portrait":["https:\/\/grupomontevideo.org\/site\/wp-content\/uploads\/2021\/03\/Redes-sociales.jpg",400,400,false],"cvmm-medium-square":["https:\/\/grupomontevideo.org\/site\/wp-content\/uploads\/2021\/03\/Redes-sociales.jpg",600,600,false],"cvmm-large":["https:\/\/grupomontevideo.org\/site\/wp-content\/uploads\/2021\/03\/Redes-sociales.jpg",800,800,false],"cvmm-small":["https:\/\/grupomontevideo.org\/site\/wp-content\/uploads\/2021\/03\/Redes-sociales.jpg",95,95,false],"full":["https:\/\/grupomontevideo.org\/site\/wp-content\/uploads\/2021\/03\/Redes-sociales.jpg",800,800,false]},"categories_names":{"1":{"name":"Noticias universitarias","link":"https:\/\/grupomontevideo.org\/site\/category\/noticias\/"}},"tags_names":[],"comments_number":"0","_links":{"self":[{"href":"https:\/\/grupomontevideo.org\/site\/wp-json\/wp\/v2\/posts\/8250","targetHints":{"allow":["GET"]}}],"collection":[{"href":"https:\/\/grupomontevideo.org\/site\/wp-json\/wp\/v2\/posts"}],"about":[{"href":"https:\/\/grupomontevideo.org\/site\/wp-json\/wp\/v2\/types\/post"}],"author":[{"embeddable":true,"href":"https:\/\/grupomontevideo.org\/site\/wp-json\/wp\/v2\/users\/1"}],"replies":[{"embeddable":true,"href":"https:\/\/grupomontevideo.org\/site\/wp-json\/wp\/v2\/comments?post=8250"}],"version-history":[{"count":2,"href":"https:\/\/grupomontevideo.org\/site\/wp-json\/wp\/v2\/posts\/8250\/revisions"}],"predecessor-version":[{"id":17273,"href":"https:\/\/grupomontevideo.org\/site\/wp-json\/wp\/v2\/posts\/8250\/revisions\/17273"}],"wp:featuredmedia":[{"embeddable":true,"href":"https:\/\/grupomontevideo.org\/site\/wp-json\/wp\/v2\/media\/8251"}],"wp:attachment":[{"href":"https:\/\/grupomontevideo.org\/site\/wp-json\/wp\/v2\/media?parent=8250"}],"wp:term":[{"taxonomy":"category","embeddable":true,"href":"https:\/\/grupomontevideo.org\/site\/wp-json\/wp\/v2\/categories?post=8250"},{"taxonomy":"post_tag","embeddable":true,"href":"https:\/\/grupomontevideo.org\/site\/wp-json\/wp\/v2\/tags?post=8250"}],"curies":[{"name":"wp","href":"https:\/\/api.w.org\/{rel}","templated":true}]}}