{"id":8241,"date":"2021-03-16T13:08:59","date_gmt":"2021-03-16T13:08:59","guid":{"rendered":"http:\/\/grupomontevideo.org\/sitio\/?post_type=noticias&#038;p=8241"},"modified":"2023-04-19T13:31:12","modified_gmt":"2023-04-19T16:31:12","slug":"reunion-plenaria-de-rectores-y-rectoras-de-las-universidades-miembro-de-la-asociacion","status":"publish","type":"post","link":"https:\/\/grupomontevideo.org\/site\/reunion-plenaria-de-rectores-y-rectoras-de-las-universidades-miembro-de-la-asociacion\/","title":{"rendered":"II Reuni\u00f3n Plenaria de Rectoras y Rectores 2021: 30 a\u00f1os de AUGM"},"content":{"rendered":"<p style=\"text-align: justify;\">La <strong><em>II Reuni\u00f3n Plenaria de Rectoras y Rectores de AUGM 2021<\/em><\/strong><em>, <\/em>a los&nbsp;<strong>30 a\u00f1os de la firma del \u201cActa de Intenci\u00f3n Fundacional\u201d de la Asociaci\u00f3n de Universidades Grupo Montevideo<\/strong>, se llevar\u00e1 a cabo el&nbsp;<strong>lunes 09 de agosto de&nbsp;2021, a la hora 15.00 de Argentina, Brasil y Uruguay, 14.00 horas de Bolivia, Chile, Paraguay,&nbsp;<\/strong>previendo una duraci\u00f3n m\u00e1xima de 2 horas.<\/p>\n<hr>\n<p style=\"text-align: center;\"><em>La actividad se trasmitir\u00e1 en vivo<br \/>\n<\/em><em>por el <a href=\"https:\/\/www.youtube.com\/watch?v=0tY6to64jZA\">canal de YouTube AUGM Oficial<\/a><\/em><\/p>\n<p style=\"text-align: center;\"><iframe title=\"YouTube video player\" src=\"https:\/\/www.youtube.com\/embed\/0tY6to64jZA\" width=\"640\" height=\"360\" frameborder=\"0\" allowfullscreen=\"allowfullscreen\"><\/iframe><\/p>\n<hr>\n<p>1. <strong>Apertura del II Plenario de Rectores y Rectoras \u2013 2021<\/strong><br \/>\n&#8211; Palabras a cargo de la Presidenta de AUGM, Rectora Sandra Goulart Almeida.<br \/>\n2. <strong>Homenaje a la Universidad de Buenos Aires en su bicentenario.<\/strong><br \/>\n&#8211; Palabras a cargo de la Presidenta de AUGM, Rectora Sandra Goulart Almeida<br \/>\n3. <strong>Video institucional alusivo al 30 aniversario de la firma del \u201cActa de Intenci\u00f3n Fundacional\u201d de<\/strong><br \/>\n<strong>la Asociaci\u00f3n de Universidades Grupo Montevideo<\/strong><br \/>\n4. <strong>Conmemoraci\u00f3n de los 30 a\u00f1os de la firma del \u201cActa de Intenci\u00f3n Fundacional\u201d de la Asociaci\u00f3n<\/strong><br \/>\n<strong>de Universidades Grupo Montevideo<\/strong><br \/>\n&#8211; Palabras a cargo de la Presidenta de AUGM, Rectora Sandra Goulart Almeida<br \/>\n5. <strong>Presentaci\u00f3n del Logotipo-Signo Marcario conmemorativo de los 30 a\u00f1os de la firma del Acta<\/strong><br \/>\n<strong>Fundacional de la Asociaci\u00f3n de Universidades Grupo Montevide<\/strong>o.<br \/>\n6. M<strong>esa Redonda: La creaci\u00f3n de un espacio acad\u00e9mico com\u00fan ampliado. 30 a\u00f1os de la firma del<\/strong><br \/>\n<strong>\u201cActa de Intenci\u00f3n Fundacional\u201d de la Asociaci\u00f3n de Universidades Grupo Montevideo (AUGM).<\/strong><br \/>\nModera: Secretario Ejecutivo de AUGM, \u00c1lvaro Maglia<br \/>\n<strong>Ana Lucia Gazzola, ex Directora del IESALC &#8211; UNESCO y ex Rectora de UFMG<\/strong><br \/>\nAsociaci\u00f3n de Universidades Grupo Montevideo: 30 a\u00f1os de defensa de la Universidad P\u00fablica y de<br \/>\nla Educaci\u00f3n Superior como Derecho Humano Universal, Bien Publico Social y deber de los Estados.<br \/>\n<strong>Jes\u00fas L\u00f3pez Macedo, Director General Acad\u00e9mico de ANUIES<\/strong><br \/>\nAsociaci\u00f3n de Universidades Grupo Montevideo: 30 a\u00f1os de integraci\u00f3n regional de la Educaci\u00f3n<br \/>\nSuperior<br \/>\n<strong>Miguel \u00c1ngel Lunghi, Presidente de Mercociudades<\/strong><br \/>\nObservatorio de Cooperaci\u00f3n Ciudad \u2013 Universidad \/ AUGM \u2013 Mercociudades: vinculaci\u00f3n y<br \/>\ntransferencia tecnol\u00f3gico-social entre universidades p\u00fablicas y gobiernos locales.<br \/>\n<strong>F\u00e9lix Garc\u00eda Lausin, Secretario General del Consejo Universitario Iberoamericano<\/strong><br \/>\nAsociaci\u00f3n de Universidades Grupo Montevideo y la internacionalizaci\u00f3n de la Educaci\u00f3n Superior.<br \/>\n7. Intervenciones de los participantes del II Plenario de AUGM 2021<br \/>\n<img fetchpriority=\"high\" decoding=\"async\" class=\"aligncenter size-full wp-image-11112\" src=\"https:\/\/grupomontevideo.org\/site\/wp-content\/uploads\/2021\/03\/Rectores4.png\" alt=\"\" width=\"1080\" height=\"1080\"><\/p>\n","protected":false},"excerpt":{"rendered":"<p>En vivo por YouTube a las 15.00 (ARG, BRA y UYU) o 14.00 (BOL, CL, PY).<\/p>\n","protected":false},"author":1,"featured_media":11049,"comment_status":"closed","ping_status":"closed","sticky":false,"template":"","format":"standard","meta":{"footnotes":""},"categories":[1],"tags":[],"class_list":["post-8241","post","type-post","status-publish","format-standard","has-post-thumbnail","hentry","category-noticias"],"wpmagazine_modules_lite_featured_media_urls":{"thumbnail":["https:\/\/grupomontevideo.org\/site\/wp-content\/uploads\/2021\/07\/WhatsApp-Image-2021-07-27-at-10.11.11-AM.jpeg",150,106,false],"cvmm-medium":["https:\/\/grupomontevideo.org\/site\/wp-content\/uploads\/2021\/07\/WhatsApp-Image-2021-07-27-at-10.11.11-AM.jpeg",300,212,false],"cvmm-medium-plus":["https:\/\/grupomontevideo.org\/site\/wp-content\/uploads\/2021\/07\/WhatsApp-Image-2021-07-27-at-10.11.11-AM.jpeg",293,207,false],"cvmm-portrait":["https:\/\/grupomontevideo.org\/site\/wp-content\/uploads\/2021\/07\/WhatsApp-Image-2021-07-27-at-10.11.11-AM.jpeg",400,283,false],"cvmm-medium-square":["https:\/\/grupomontevideo.org\/site\/wp-content\/uploads\/2021\/07\/WhatsApp-Image-2021-07-27-at-10.11.11-AM.jpeg",600,424,false],"cvmm-large":["https:\/\/grupomontevideo.org\/site\/wp-content\/uploads\/2021\/07\/WhatsApp-Image-2021-07-27-at-10.11.11-AM.jpeg",1024,724,false],"cvmm-small":["https:\/\/grupomontevideo.org\/site\/wp-content\/uploads\/2021\/07\/WhatsApp-Image-2021-07-27-at-10.11.11-AM.jpeg",130,92,false],"full":["https:\/\/grupomontevideo.org\/site\/wp-content\/uploads\/2021\/07\/WhatsApp-Image-2021-07-27-at-10.11.11-AM.jpeg",1600,1131,false]},"categories_names":{"1":{"name":"Noticias universitarias","link":"https:\/\/grupomontevideo.org\/site\/category\/noticias\/"}},"tags_names":[],"comments_number":"0","_links":{"self":[{"href":"https:\/\/grupomontevideo.org\/site\/wp-json\/wp\/v2\/posts\/8241","targetHints":{"allow":["GET"]}}],"collection":[{"href":"https:\/\/grupomontevideo.org\/site\/wp-json\/wp\/v2\/posts"}],"about":[{"href":"https:\/\/grupomontevideo.org\/site\/wp-json\/wp\/v2\/types\/post"}],"author":[{"embeddable":true,"href":"https:\/\/grupomontevideo.org\/site\/wp-json\/wp\/v2\/users\/1"}],"replies":[{"embeddable":true,"href":"https:\/\/grupomontevideo.org\/site\/wp-json\/wp\/v2\/comments?post=8241"}],"version-history":[{"count":2,"href":"https:\/\/grupomontevideo.org\/site\/wp-json\/wp\/v2\/posts\/8241\/revisions"}],"predecessor-version":[{"id":17271,"href":"https:\/\/grupomontevideo.org\/site\/wp-json\/wp\/v2\/posts\/8241\/revisions\/17271"}],"wp:featuredmedia":[{"embeddable":true,"href":"https:\/\/grupomontevideo.org\/site\/wp-json\/wp\/v2\/media\/11049"}],"wp:attachment":[{"href":"https:\/\/grupomontevideo.org\/site\/wp-json\/wp\/v2\/media?parent=8241"}],"wp:term":[{"taxonomy":"category","embeddable":true,"href":"https:\/\/grupomontevideo.org\/site\/wp-json\/wp\/v2\/categories?post=8241"},{"taxonomy":"post_tag","embeddable":true,"href":"https:\/\/grupomontevideo.org\/site\/wp-json\/wp\/v2\/tags?post=8241"}],"curies":[{"name":"wp","href":"https:\/\/api.w.org\/{rel}","templated":true}]}}