{"id":6872,"date":"2020-11-27T18:48:37","date_gmt":"2020-11-27T18:48:37","guid":{"rendered":"http:\/\/grupomontevideo.org\/sitio\/?post_type=noticias&#038;p=6872"},"modified":"2022-06-22T16:31:41","modified_gmt":"2022-06-22T16:31:41","slug":"xxv-edicion-cumbre-mercociudades-tandil-gestion-asociada-para-el-desarrollo","status":"publish","type":"post","link":"https:\/\/grupomontevideo.org\/site\/xxv-edicion-cumbre-mercociudades-tandil-gestion-asociada-para-el-desarrollo\/","title":{"rendered":"XXV Edici\u00f3n Cumbre Mercociudades Tandil \u2013 \u201cGesti\u00f3n asociada para el desarrollo\u201d"},"content":{"rendered":"<p style=\"text-align: justify;\">Por primera vez en los 25 a\u00f1os de la Red, <strong>la XXV Cumbre de Mercociudades se realizar\u00e1 de forma virtual, contando con una segunda instancia presencial en marzo de 2021<\/strong>, si las condiciones sanitarias lo permiten.<\/p>\n<p style=\"text-align: justify;\">Este a\u00f1o, la misma versar\u00e1 sobre la \u201cGesti\u00f3n asociada para el desarrollo\u201d, en el entendido de que <strong>la generaci\u00f3n de alianzas con todos los sectores de nuestras comunidades es un elemento indispensable para la construcci\u00f3n de territorios m\u00e1s justos, igualitarios y sostenibles<\/strong>.<\/p>\n<p style=\"text-align: justify;\">El evento m\u00e1s importante de la Red ser\u00e1 presidido por la ciudad argentina de Tandil, que asumir\u00e1 la presidencia a partir de esta Cumbre. <strong>Durante el mismo se acordar\u00e1n las principales l\u00edneas y acciones para 2021, se renovar\u00e1n las diversas instancias de conducci\u00f3n de la Red y se reunir\u00e1n los distintos espacios de trabajo.<\/strong><\/p>\n<p style=\"text-align: justify;\">Adem\u00e1s de las diversas reuniones de trabajo de la Red, con acceso reservado. Durante la Cumbre se desarrollar\u00e1n <strong>5 seminarios tem\u00e1ticos p\u00fablicos, a los que se invita a participar<\/strong> a representantes de ciudades miembros de la Red, organizaciones sociales, instituciones acad\u00e9micas, otros organismos e instituciones, empresas vinculadas a las tem\u00e1ticas y p\u00fablico en general.<\/p>\n<p>Los mismos ser\u00e1n:<\/p>\n<hr \/>\n<p><strong>2 de diciembre<\/strong><br \/>\n<strong>16.15 a 18.00 horas<\/strong><br \/>\n\u201cMovilidad en tiempos de COVID-19, nuevos retos urbanos\u201d<\/p>\n<hr \/>\n<p><strong>2 de diciembre<\/strong><br \/>\n<strong>18.15 a 19.15 horas<\/strong><br \/>\n\u201cConstruyendo puentes hacia el desarrollo local, financiamiento y gobiernos locales\u201d<\/p>\n<hr \/>\n<p><strong>3 de diciembre<\/strong><br \/>\n<strong>16.15 a 17.15 h<\/strong><\/p>\n<p style=\"text-align: justify;\">\u201cUniversidades p\u00fablicas y Mercociudades: La Universidad que queremos para la ciudad que so\u00f1amos\u201d<\/p>\n<hr \/>\n<p><strong>3 de diciembre<\/strong><br \/>\n<strong>17.15 a 18 h<\/strong><br \/>\n\u201cCultura, g\u00e9nero y juventud: una asociaci\u00f3n imprescindible para el desarrollo\u201d<\/p>\n<hr \/>\n<p><strong>3 de diciembre<\/strong><br \/>\n<strong>18 a 19 h<\/strong><br \/>\n\u201cAcci\u00f3n local y global: estrategias de Cooperaci\u00f3n de las Redes de Ciudades \u201d.<\/p>\n<hr \/>\n<p style=\"text-align: justify;\">En referencia al esp\u00edritu de la Cumbre sus organizadores resaltan: \u201cCreemos que es momento de tender lazos, de construir puentes y de hacer crecer las alianzas en nuestras comunidades. Debemos caminar hacia una era de concertaciones que ponga el foco en la generaci\u00f3n de resiliencia en las ciudades. El futuro de nuestras comunidades depende de la formulaci\u00f3n de agendas urbanas basadas en cuatro ejes centrales: el planeta, las personas, la gobernanza y la democracia. Sin olvidar la mirada inclusiva, conteniendo la diversidad de g\u00e9nero y de capacidades, incluyendo las minor\u00edas y garantizando una pluralidad y diversidad de voces\u201d.<\/p>\n<p style=\"text-align: justify;\">Acceda al\u00a0<a href=\"https:\/\/mercociudades.org\/wp-content\/uploads\/2020\/11\/Programa-Preliminar-XXV-CUMBRE-DE-MERCOCIUDADES.pdf\">Programa Preliminar<\/a>, a la<a href=\"https:\/\/mercociudades.org\/wp-content\/uploads\/2020\/11\/Nota-Conceptual-XXV-Cumbre.pdf\">\u00a0nota conceptual del evento<\/a>, al\u00a0<a href=\"https:\/\/docs.google.com\/forms\/d\/e\/1FAIpQLSd9zxAI-Mj_-JIVS7K5Tm33sLeb8fNk7SmtW9pOJSoegJ2-TA\/viewform\">formulario de inscripci\u00f3n<\/a>\u00a0y a la\u00a0<a href=\"https:\/\/mercociudades.org\/wp-content\/uploads\/2020\/11\/Invitaci%C3%B3n-Miguel-Lunghi-XXV-Edici%C3%B3n-de-la-Cumbre-de-Mercociudades.pdf\">carta de invitaci\u00f3n del intendente anfitri\u00f3n<\/a>, Miguel Lunghi.<\/p>\n<p>&nbsp;<\/p>\n<hr \/>\n<p style=\"text-align: justify;\">Por mayores consultas escribir al correo:\u00a0<a href=\"mailto:internacionales@tandil.gov.ar\">internacionales@tandil.gov.ar<\/a><br \/>\nEn breve mayor informaci\u00f3n en la p\u00e1gina oficial de la Cumbre\u00a0<a href=\"https:\/\/mercociudadestandil.com\/\">https:\/\/mercociudadestandil.com\/<\/a><\/p>\n<hr \/>\n<p>&nbsp;<br \/>\n<a href=\"https:\/\/mercociudades.org\/inscripciones-abiertas-cumbre-de-mercociudades-del-2-al-4-de-diciembre\/\">Ver noticias original.<\/a><\/p>\n","protected":false},"excerpt":{"rendered":"<p>Del 2 al 4 de diciembre. Inscripciones abiertas.<\/p>\n","protected":false},"author":1,"featured_media":6873,"comment_status":"closed","ping_status":"closed","sticky":false,"template":"","format":"standard","meta":{"footnotes":""},"categories":[48],"tags":[],"class_list":["post-6872","post","type-post","status-publish","format-standard","has-post-thumbnail","hentry","category-archivo-de-noticias"],"wpmagazine_modules_lite_featured_media_urls":{"thumbnail":["https:\/\/grupomontevideo.org\/site\/wp-content\/uploads\/2020\/11\/mercociudades-tandil.jpeg",150,74,false],"cvmm-medium":["https:\/\/grupomontevideo.org\/site\/wp-content\/uploads\/2020\/11\/mercociudades-tandil.jpeg",300,148,false],"cvmm-medium-plus":["https:\/\/grupomontevideo.org\/site\/wp-content\/uploads\/2020\/11\/mercociudades-tandil.jpeg",305,151,false],"cvmm-portrait":["https:\/\/grupomontevideo.org\/site\/wp-content\/uploads\/2020\/11\/mercociudades-tandil.jpeg",400,198,false],"cvmm-medium-square":["https:\/\/grupomontevideo.org\/site\/wp-content\/uploads\/2020\/11\/mercociudades-tandil.jpeg",600,297,false],"cvmm-large":["https:\/\/grupomontevideo.org\/site\/wp-content\/uploads\/2020\/11\/mercociudades-tandil.jpeg",1024,506,false],"cvmm-small":["https:\/\/grupomontevideo.org\/site\/wp-content\/uploads\/2020\/11\/mercociudades-tandil.jpeg",130,64,false],"full":["https:\/\/grupomontevideo.org\/site\/wp-content\/uploads\/2020\/11\/mercociudades-tandil.jpeg",1280,633,false]},"categories_names":{"48":{"name":"Archivo de noticias","link":"https:\/\/grupomontevideo.org\/site\/category\/archivo-de-noticias\/"}},"tags_names":[],"comments_number":"0","_links":{"self":[{"href":"https:\/\/grupomontevideo.org\/site\/wp-json\/wp\/v2\/posts\/6872","targetHints":{"allow":["GET"]}}],"collection":[{"href":"https:\/\/grupomontevideo.org\/site\/wp-json\/wp\/v2\/posts"}],"about":[{"href":"https:\/\/grupomontevideo.org\/site\/wp-json\/wp\/v2\/types\/post"}],"author":[{"embeddable":true,"href":"https:\/\/grupomontevideo.org\/site\/wp-json\/wp\/v2\/users\/1"}],"replies":[{"embeddable":true,"href":"https:\/\/grupomontevideo.org\/site\/wp-json\/wp\/v2\/comments?post=6872"}],"version-history":[{"count":1,"href":"https:\/\/grupomontevideo.org\/site\/wp-json\/wp\/v2\/posts\/6872\/revisions"}],"predecessor-version":[{"id":15466,"href":"https:\/\/grupomontevideo.org\/site\/wp-json\/wp\/v2\/posts\/6872\/revisions\/15466"}],"wp:featuredmedia":[{"embeddable":true,"href":"https:\/\/grupomontevideo.org\/site\/wp-json\/wp\/v2\/media\/6873"}],"wp:attachment":[{"href":"https:\/\/grupomontevideo.org\/site\/wp-json\/wp\/v2\/media?parent=6872"}],"wp:term":[{"taxonomy":"category","embeddable":true,"href":"https:\/\/grupomontevideo.org\/site\/wp-json\/wp\/v2\/categories?post=6872"},{"taxonomy":"post_tag","embeddable":true,"href":"https:\/\/grupomontevideo.org\/site\/wp-json\/wp\/v2\/tags?post=6872"}],"curies":[{"name":"wp","href":"https:\/\/api.w.org\/{rel}","templated":true}]}}