{"id":6863,"date":"2020-11-26T13:04:14","date_gmt":"2020-11-26T13:04:14","guid":{"rendered":"http:\/\/grupomontevideo.org\/sitio\/?post_type=noticias&#038;p=6863"},"modified":"2022-06-22T16:31:41","modified_gmt":"2022-06-22T16:31:41","slug":"conferencia-virtual-como-garantizar-una-vacuna-contra-el-covid-19-para-todos","status":"publish","type":"post","link":"https:\/\/grupomontevideo.org\/site\/conferencia-virtual-como-garantizar-una-vacuna-contra-el-covid-19-para-todos\/","title":{"rendered":"Conferencia virtual: \u00bfC\u00f3mo garantizar una vacuna contra el COVID-19 para todos?"},"content":{"rendered":"<p style=\"text-align: justify;\">Mientras el mundo sigue atentamente lo que sucede con las vacunas contra el COVID &#8211; 19, los comit\u00e9 acad\u00e9micos <strong>Atenci\u00f3n Primaria en Salud y Salud Humana de la Asociaci\u00f3n de Universidades Grupo Montevideo (AUGM) llevar\u00e1n adelante su primera actividad acad\u00e9mica virtual conjunta<\/strong> donde se abordar\u00e1, entre otros temas, los procesos de creaci\u00f3n, estudio, dosificaci\u00f3n y acceso a estas vacunas<\/p>\n<p style=\"text-align: justify;\"><span style=\"font-weight: 400;\">La conferencia lleva por t\u00edtulo \u00ab<\/span><em><b>\u00bfC\u00f3mo garantizar una vacuna contra el COVID-19 para todos? El papel de las Universidades, de los sistemas de salud y de las Organizaciones Internacionales de Salud<\/b><\/em><span style=\"font-weight: 400;\">\u00ab, y a<\/span><span style=\"font-weight: 400;\">punta a ser un <\/span><b>espacio de referencia, opini\u00f3n y debate.<\/b><\/p>\n<p style=\"text-align: justify;\"><b>Se propone, adem\u00e1s, contruir un mapa con lo que acontece en cada pa\u00eds en esta materia <\/b>para mostrar cu\u00e1les son los puntos de conexi\u00f3n entre los diversos sistemas<span style=\"font-weight: 400;\">, as\u00ed como cu\u00e1l es el grado de avance en la regi\u00f3n, sus fortalezas, debilidades y desaf\u00edos.\u00a0<\/span><\/p>\n<p style=\"text-align: justify;\"><span style=\"font-weight: 400;\">Participar\u00e1n del espacio la<\/span> <b>Profa. Soraya Smaili, rectora de la Universidade Federal de S\u00e3o Paulo<\/b><span style=\"font-weight: 400;\"> (UNIFESP), el <\/span><b>Dr. Emilio Malchiodi, profesor Titular de Inmunolog\u00eda de la Universidad de Buenos Aires<\/b><span style=\"font-weight: 400;\"> (UBA) y el <\/span><b>Dr. Jarbas Barbosa da Silva Jr., subdirector de la Organizaci\u00f3n Panamericana de la Salud<\/b><span style=\"font-weight: 400;\"> (OPS)<\/span><\/p>\n<hr \/>\n<p style=\"text-align: justify;\"><span style=\"font-weight: 400;\">Puedes asistir a la actividad a trav\u00e9s de Zoom (<a href=\"https:\/\/us02web.zoom.us\/webinar\/register\/WN_oUszM77QStiXZ6dXrLDazA\">inscripciones aqu\u00ed<\/a>) o a trav\u00e9s de nuestro <a href=\"https:\/\/www.youtube.com\/channel\/UCPsfsC2J64FsbEr7r2gpb7w?view_as=subscriber\">canal de YouTube<\/a><\/span><\/p>\n<hr \/>\n<p><img fetchpriority=\"high\" decoding=\"async\" class=\"aligncenter size-full wp-image-6870\" src=\"https:\/\/grupomontevideo.org\/site\/wp-content\/uploads\/2020\/11\/APS-Portugues.png\" alt=\"\" width=\"1202\" height=\"1195\" \/><\/p>\n","protected":false},"excerpt":{"rendered":"<p>Conferencistas de UBA, UNIFESP y OPS. Inscribite en esta publicaci\u00f3n <\/p>\n","protected":false},"author":1,"featured_media":6864,"comment_status":"closed","ping_status":"closed","sticky":false,"template":"","format":"standard","meta":{"footnotes":""},"categories":[48],"tags":[],"class_list":["post-6863","post","type-post","status-publish","format-standard","has-post-thumbnail","hentry","category-archivo-de-noticias"],"wpmagazine_modules_lite_featured_media_urls":{"thumbnail":["https:\/\/grupomontevideo.org\/site\/wp-content\/uploads\/2020\/11\/Vacuna.jpeg",150,107,false],"cvmm-medium":["https:\/\/grupomontevideo.org\/site\/wp-content\/uploads\/2020\/11\/Vacuna.jpeg",300,214,false],"cvmm-medium-plus":["https:\/\/grupomontevideo.org\/site\/wp-content\/uploads\/2020\/11\/Vacuna.jpeg",290,207,false],"cvmm-portrait":["https:\/\/grupomontevideo.org\/site\/wp-content\/uploads\/2020\/11\/Vacuna.jpeg",400,286,false],"cvmm-medium-square":["https:\/\/grupomontevideo.org\/site\/wp-content\/uploads\/2020\/11\/Vacuna.jpeg",600,429,false],"cvmm-large":["https:\/\/grupomontevideo.org\/site\/wp-content\/uploads\/2020\/11\/Vacuna.jpeg",1024,731,false],"cvmm-small":["https:\/\/grupomontevideo.org\/site\/wp-content\/uploads\/2020\/11\/Vacuna.jpeg",130,93,false],"full":["https:\/\/grupomontevideo.org\/site\/wp-content\/uploads\/2020\/11\/Vacuna.jpeg",1820,1300,false]},"categories_names":{"48":{"name":"Archivo de noticias","link":"https:\/\/grupomontevideo.org\/site\/category\/archivo-de-noticias\/"}},"tags_names":[],"comments_number":"0","_links":{"self":[{"href":"https:\/\/grupomontevideo.org\/site\/wp-json\/wp\/v2\/posts\/6863","targetHints":{"allow":["GET"]}}],"collection":[{"href":"https:\/\/grupomontevideo.org\/site\/wp-json\/wp\/v2\/posts"}],"about":[{"href":"https:\/\/grupomontevideo.org\/site\/wp-json\/wp\/v2\/types\/post"}],"author":[{"embeddable":true,"href":"https:\/\/grupomontevideo.org\/site\/wp-json\/wp\/v2\/users\/1"}],"replies":[{"embeddable":true,"href":"https:\/\/grupomontevideo.org\/site\/wp-json\/wp\/v2\/comments?post=6863"}],"version-history":[{"count":1,"href":"https:\/\/grupomontevideo.org\/site\/wp-json\/wp\/v2\/posts\/6863\/revisions"}],"predecessor-version":[{"id":15469,"href":"https:\/\/grupomontevideo.org\/site\/wp-json\/wp\/v2\/posts\/6863\/revisions\/15469"}],"wp:featuredmedia":[{"embeddable":true,"href":"https:\/\/grupomontevideo.org\/site\/wp-json\/wp\/v2\/media\/6864"}],"wp:attachment":[{"href":"https:\/\/grupomontevideo.org\/site\/wp-json\/wp\/v2\/media?parent=6863"}],"wp:term":[{"taxonomy":"category","embeddable":true,"href":"https:\/\/grupomontevideo.org\/site\/wp-json\/wp\/v2\/categories?post=6863"},{"taxonomy":"post_tag","embeddable":true,"href":"https:\/\/grupomontevideo.org\/site\/wp-json\/wp\/v2\/tags?post=6863"}],"curies":[{"name":"wp","href":"https:\/\/api.w.org\/{rel}","templated":true}]}}