{"id":6845,"date":"2020-11-23T21:46:44","date_gmt":"2020-11-23T21:46:44","guid":{"rendered":"http:\/\/grupomontevideo.org\/sitio\/?post_type=noticias&#038;p=6845"},"modified":"2022-06-22T16:31:44","modified_gmt":"2022-06-22T16:31:44","slug":"iii-reunion-de-la-catedra-de-derechos-humanos-de-augm","status":"publish","type":"post","link":"https:\/\/grupomontevideo.org\/site\/iii-reunion-de-la-catedra-de-derechos-humanos-de-augm\/","title":{"rendered":"III Reuni\u00f3n de la C\u00e1tedra de Derechos Humanos de AUGM"},"content":{"rendered":"<p>La C\u00e1tedra de Derechos Humanos de AUGM llevar\u00e1 a cabo su tercera reuni\u00f3n virtual el d\u00eda lunes 14 de diciembre, a partir de las 10 horas (horario de Uruguay).<br \/>\n&nbsp;<\/p>\n","protected":false},"excerpt":{"rendered":"<p>V\u00eda Zoom, a las 10.00hs de Uruguay<\/p>\n","protected":false},"author":1,"featured_media":6691,"comment_status":"closed","ping_status":"closed","sticky":false,"template":"","format":"standard","meta":{"footnotes":""},"categories":[48],"tags":[],"class_list":["post-6845","post","type-post","status-publish","format-standard","has-post-thumbnail","hentry","category-archivo-de-noticias"],"wpmagazine_modules_lite_featured_media_urls":{"thumbnail":["https:\/\/grupomontevideo.org\/site\/wp-content\/uploads\/2020\/09\/DDHH.jpg",150,94,false],"cvmm-medium":["https:\/\/grupomontevideo.org\/site\/wp-content\/uploads\/2020\/09\/DDHH.jpg",300,188,false],"cvmm-medium-plus":["https:\/\/grupomontevideo.org\/site\/wp-content\/uploads\/2020\/09\/DDHH.jpg",305,191,false],"cvmm-portrait":["https:\/\/grupomontevideo.org\/site\/wp-content\/uploads\/2020\/09\/DDHH.jpg",350,219,false],"cvmm-medium-square":["https:\/\/grupomontevideo.org\/site\/wp-content\/uploads\/2020\/09\/DDHH.jpg",350,219,false],"cvmm-large":["https:\/\/grupomontevideo.org\/site\/wp-content\/uploads\/2020\/09\/DDHH.jpg",350,219,false],"cvmm-small":["https:\/\/grupomontevideo.org\/site\/wp-content\/uploads\/2020\/09\/DDHH.jpg",130,81,false],"full":["https:\/\/grupomontevideo.org\/site\/wp-content\/uploads\/2020\/09\/DDHH.jpg",350,219,false]},"categories_names":{"48":{"name":"Archivo de noticias","link":"https:\/\/grupomontevideo.org\/site\/category\/archivo-de-noticias\/"}},"tags_names":[],"comments_number":"0","_links":{"self":[{"href":"https:\/\/grupomontevideo.org\/site\/wp-json\/wp\/v2\/posts\/6845","targetHints":{"allow":["GET"]}}],"collection":[{"href":"https:\/\/grupomontevideo.org\/site\/wp-json\/wp\/v2\/posts"}],"about":[{"href":"https:\/\/grupomontevideo.org\/site\/wp-json\/wp\/v2\/types\/post"}],"author":[{"embeddable":true,"href":"https:\/\/grupomontevideo.org\/site\/wp-json\/wp\/v2\/users\/1"}],"replies":[{"embeddable":true,"href":"https:\/\/grupomontevideo.org\/site\/wp-json\/wp\/v2\/comments?post=6845"}],"version-history":[{"count":1,"href":"https:\/\/grupomontevideo.org\/site\/wp-json\/wp\/v2\/posts\/6845\/revisions"}],"predecessor-version":[{"id":15477,"href":"https:\/\/grupomontevideo.org\/site\/wp-json\/wp\/v2\/posts\/6845\/revisions\/15477"}],"wp:featuredmedia":[{"embeddable":true,"href":"https:\/\/grupomontevideo.org\/site\/wp-json\/wp\/v2\/media\/6691"}],"wp:attachment":[{"href":"https:\/\/grupomontevideo.org\/site\/wp-json\/wp\/v2\/media?parent=6845"}],"wp:term":[{"taxonomy":"category","embeddable":true,"href":"https:\/\/grupomontevideo.org\/site\/wp-json\/wp\/v2\/categories?post=6845"},{"taxonomy":"post_tag","embeddable":true,"href":"https:\/\/grupomontevideo.org\/site\/wp-json\/wp\/v2\/tags?post=6845"}],"curies":[{"name":"wp","href":"https:\/\/api.w.org\/{rel}","templated":true}]}}