{"id":6840,"date":"2020-11-19T16:24:36","date_gmt":"2020-11-19T16:24:36","guid":{"rendered":"http:\/\/grupomontevideo.org\/sitio\/?post_type=noticias&#038;p=6840"},"modified":"2022-06-22T16:31:44","modified_gmt":"2022-06-22T16:31:44","slug":"consejo-de-rectores-de-augm-creo-observatorio-observatorio-regional-de-autonomia-y-presupuestos-universitarios","status":"publish","type":"post","link":"https:\/\/grupomontevideo.org\/site\/consejo-de-rectores-de-augm-creo-observatorio-observatorio-regional-de-autonomia-y-presupuestos-universitarios\/","title":{"rendered":"AUGM cre\u00f3 Observatorio  Observatorio Regional de Autonom\u00eda y Presupuestos Universitarios"},"content":{"rendered":"<p style=\"text-align: justify;\"><strong>La Asociaci\u00f3n de Universidades Grupo Montevideo (AUGM) llev\u00f3 adelante el pasado 17 de noviembre la segunda sesi\u00f3n del Consejo de Rectores en este 2020<\/strong>, que suma la reuni\u00f3n n\u00famero 78 de este \u00f3rgano desde la creaci\u00f3n de la red en 1991.<\/p>\n<p style=\"text-align: justify;\"><span style=\"font-weight: 400;\">El encuentro de trabajo fue precedido por un panel abierto sobre autonom\u00eda y financiamiento de las universidades p\u00fablicas &#8211;<a href=\"http:\/\/grupomontevideo.org\/sitio\/noticias\/lecturas-y-perspectivas-regionales-sobre-la-autonomia-y-en-financiamiento-de-las-universidades-publicas\/\">vea detalles aqu\u00ed<\/a>&#8211; y entre sus acuerdos destacados est\u00e1 la<\/span><span style=\"font-weight: 400;\"><strong>\u00a0declaraci\u00f3n p\u00fablica donde AUGM manifiesta su preocupaci\u00f3n creciente por el irrespeto y la vulneraci\u00f3n de la autonom\u00eda universitaria en la regi\u00f3n<\/strong>, e insta a los poderes p\u00fablicos de nuestros Estados a salvaguardarla con el otorgamiento de presupuesto y el necesario financiamiento &#8211;<a href=\"http:\/\/grupomontevideo.org\/sitio\/noticias\/declaracion-de-augm-ante-los-reiterados-hechos-de-vulneracion-de-la-autonomia-universitaria-en-la-region\/\">vea detalles aqu\u00ed<\/a>.<\/span><\/p>\n<p style=\"text-align: justify;\"><span style=\"font-weight: 400;\">En ese marco el Consejo de Rectores aprob\u00f3 la creaci\u00f3n del <\/span><b>Observatorio Regional de Autonom\u00eda y Presupuestos Universitarios, <\/b><span style=\"font-weight: 400;\">que tiene por misi\u00f3n <strong>preservar y defender la <\/strong><\/span><span style=\"font-weight: 400;\"><strong>autonom\u00eda universitaria regional y la funci\u00f3n cr\u00edtica inherente a la Universidad<\/strong>. Para esto se les encomienda desarrollar herramientas que permitan sistematizar informaci\u00f3n, realizar estudios comparados y establecer dispositivos de alerta temprana.<\/span><\/p>\n<p style=\"text-align: justify;\"><span style=\"font-weight: 400;\">Estar\u00e1 constituido por un \u00d3rgano de Direcci\u00f3n, una Coordinaci\u00f3n Operativa, un Comit\u00e9 de Expertos y puntos de Observaci\u00f3n Local. Adem\u00e1s de relevar datos y generar informaci\u00f3n, seg\u00fan el documento presentado en la reuni\u00f3n, el Observatorio tambi\u00e9n se propone caracterizar el concepto de Autonom\u00eda Universitaria en los diferentes pa\u00edses que conforman <\/span><span style=\"font-weight: 400;\">la asociaci\u00f3n estableciendo las pautas comunes de los alcances m\u00ednimos.<\/span><\/p>\n<p style=\"text-align: justify;\"><span style=\"font-weight: 400;\">Tambi\u00e9n busca construir, sistematizar y mantener actualizado un banco de datos de la normativa vigente a nivel nacional y estadual referente a la Autonom\u00eda Universitaria, y generar un banco de Jurisprudencia de los Superiores Tribunales en materia de autonom\u00eda de los pa\u00edses de las Universidades Miembro.<\/span><\/p>\n<p style=\"text-align: justify;\"><span style=\"font-weight: 400;\"><strong>Otro de los temas destacados en el Orden del D\u00eda del Consejo fue el acuerdo alcanzado para apoyar la estrategia que lleva adelante el Sitio de la Memoria ESMA (Argentina) para ser considerado como Patrimonio Mundial de la UNESCO<\/strong>.\u00a0<\/span><\/p>\n<p style=\"text-align: justify;\"><span style=\"font-weight: 400;\">Una delegaci\u00f3n del Museo fue recibida por una veintena de Rectores y Rectoras de AUGM el pasado 6 de octubre y el informe de esta instancia fue presentado en la sesi\u00f3n del Consejo de Rectores junto al documento completo de la estrategia &#8211; <a href=\"http:\/\/grupomontevideo.org\/sitio\/noticias\/musei-sitio-de-memoria-esma-presento-en-augm-su-candidatura-al-patrimonio-mundial-de-la-unesco\/\">vea m\u00e1s detalles aqu\u00ed<\/a>.\u00a0<\/span><\/p>\n<p style=\"text-align: justify;\"><span style=\"font-weight: 400;\"><strong>El Consejo de Rectores abord\u00f3, adem\u00e1s, varios asuntos referidos a las conmemoraciones por los 30 a\u00f1os de la red que se cumplir\u00e1n en julio del 2021<\/strong>. En este sentido se acord\u00f3 realizar un llamado abierto para postular un logo representativo de esta conmemoraci\u00f3n.<\/span><\/p>\n<p style=\"text-align: justify;\"><span style=\"font-weight: 400;\">Finalmente, <strong>el \u00f3rgano tambi\u00e9n aprob\u00f3 los elementos fundamentales del P<a href=\"http:\/\/grupomontevideo.org\/sitio\/noticias\/augm-comenzo-la-implementacion-de-su-plan-estrategico\/\">lan de Implementaci\u00f3n<\/a> del Plan Estrat\u00e9gico<\/strong>, documento que fue construido en el per\u00edodo 2018 &#8211; 2019 con el trabajo del Consejo de Rectores, la Secretaria Ejecutiva, el Grupo de Delegados Asesores, Comisiones Permanentes, Comit\u00e9s Acad\u00e9micos y N\u00facleos Disciplinario, especialmente el agrupamiento Evaluaci\u00f3n Institucional, Planeamiento Estrat\u00e9gico y Gesti\u00f3n Universitaria, que tuvo tareas de apoyo a la formulaci\u00f3n del Plan.<\/span><\/p>\n","protected":false},"excerpt":{"rendered":"<p>Tambi\u00e9n se aprobaron elementos fundamentales del Plan de Implementaci\u00f3n del Plan Estrat\u00e9gico<\/p>\n","protected":false},"author":1,"featured_media":6841,"comment_status":"closed","ping_status":"closed","sticky":false,"template":"","format":"standard","meta":{"footnotes":""},"categories":[48],"tags":[],"class_list":["post-6840","post","type-post","status-publish","format-standard","has-post-thumbnail","hentry","category-archivo-de-noticias"],"wpmagazine_modules_lite_featured_media_urls":{"thumbnail":["https:\/\/grupomontevideo.org\/site\/wp-content\/uploads\/2020\/11\/RectoresConsejo.png",150,82,false],"cvmm-medium":["https:\/\/grupomontevideo.org\/site\/wp-content\/uploads\/2020\/11\/RectoresConsejo.png",300,163,false],"cvmm-medium-plus":["https:\/\/grupomontevideo.org\/site\/wp-content\/uploads\/2020\/11\/RectoresConsejo.png",305,166,false],"cvmm-portrait":["https:\/\/grupomontevideo.org\/site\/wp-content\/uploads\/2020\/11\/RectoresConsejo.png",400,218,false],"cvmm-medium-square":["https:\/\/grupomontevideo.org\/site\/wp-content\/uploads\/2020\/11\/RectoresConsejo.png",600,327,false],"cvmm-large":["https:\/\/grupomontevideo.org\/site\/wp-content\/uploads\/2020\/11\/RectoresConsejo.png",1024,558,false],"cvmm-small":["https:\/\/grupomontevideo.org\/site\/wp-content\/uploads\/2020\/11\/RectoresConsejo.png",130,71,false],"full":["https:\/\/grupomontevideo.org\/site\/wp-content\/uploads\/2020\/11\/RectoresConsejo.png",1279,697,false]},"categories_names":{"48":{"name":"Archivo de noticias","link":"https:\/\/grupomontevideo.org\/site\/category\/archivo-de-noticias\/"}},"tags_names":[],"comments_number":"0","_links":{"self":[{"href":"https:\/\/grupomontevideo.org\/site\/wp-json\/wp\/v2\/posts\/6840","targetHints":{"allow":["GET"]}}],"collection":[{"href":"https:\/\/grupomontevideo.org\/site\/wp-json\/wp\/v2\/posts"}],"about":[{"href":"https:\/\/grupomontevideo.org\/site\/wp-json\/wp\/v2\/types\/post"}],"author":[{"embeddable":true,"href":"https:\/\/grupomontevideo.org\/site\/wp-json\/wp\/v2\/users\/1"}],"replies":[{"embeddable":true,"href":"https:\/\/grupomontevideo.org\/site\/wp-json\/wp\/v2\/comments?post=6840"}],"version-history":[{"count":1,"href":"https:\/\/grupomontevideo.org\/site\/wp-json\/wp\/v2\/posts\/6840\/revisions"}],"predecessor-version":[{"id":15478,"href":"https:\/\/grupomontevideo.org\/site\/wp-json\/wp\/v2\/posts\/6840\/revisions\/15478"}],"wp:featuredmedia":[{"embeddable":true,"href":"https:\/\/grupomontevideo.org\/site\/wp-json\/wp\/v2\/media\/6841"}],"wp:attachment":[{"href":"https:\/\/grupomontevideo.org\/site\/wp-json\/wp\/v2\/media?parent=6840"}],"wp:term":[{"taxonomy":"category","embeddable":true,"href":"https:\/\/grupomontevideo.org\/site\/wp-json\/wp\/v2\/categories?post=6840"},{"taxonomy":"post_tag","embeddable":true,"href":"https:\/\/grupomontevideo.org\/site\/wp-json\/wp\/v2\/tags?post=6840"}],"curies":[{"name":"wp","href":"https:\/\/api.w.org\/{rel}","templated":true}]}}