{"id":6838,"date":"2020-11-19T15:21:34","date_gmt":"2020-11-19T15:21:34","guid":{"rendered":"http:\/\/grupomontevideo.org\/sitio\/?post_type=noticias&#038;p=6838"},"modified":"2022-06-22T16:31:44","modified_gmt":"2022-06-22T16:31:44","slug":"declaracion-de-augm-ante-los-reiterados-hechos-de-vulneracion-de-la-autonomia-universitaria-en-la-region","status":"publish","type":"post","link":"https:\/\/grupomontevideo.org\/site\/declaracion-de-augm-ante-los-reiterados-hechos-de-vulneracion-de-la-autonomia-universitaria-en-la-region\/","title":{"rendered":"Declaraci\u00f3n de AUGM ante los reiterados hechos de vulneraci\u00f3n de la autonom\u00eda universitaria en la regi\u00f3n"},"content":{"rendered":"<p style=\"text-align: justify;\">En su reuni\u00f3n del pasado 17 de noviembre el <strong>Consejo de Rectores de la Asociaci\u00f3n de Universidades Grupo Montevideo aprob\u00f3 una declaraci\u00f3n p\u00fablica<\/strong> donde <strong>manifiesta su preocupaci\u00f3n creciente por el irrespeto y la vulneraci\u00f3n de la autonom\u00eda universitaria en la regi\u00f3n, e insta a los poderes p\u00fablicos de nuestros Estados a salvaguardarla con el otorgamiento de presupuesto y el necesario financiamiento<\/strong>.<\/p>\n<hr \/>\n<p style=\"text-align: center;\"><a href=\"https:\/\/grupomontevideo.org\/site\/wp-content\/uploads\/2020\/11\/Declaracion-Consejo-de-Rectores-17112020-1.pdf\">Lea la declaraci\u00f3n completa aqu\u00ed<\/a><\/p>\n<hr \/>\n<p style=\"text-align: justify;\"><span style=\"font-weight: 400;\">El documento fue producido con los informes presentados en el\u00a0 LXXVII Consejo de Rectores (junio de 2020) y en el II Plenario de Rectores y Rectoras de AUGM (octubre 2020), donde \u201c<\/span><i><span style=\"font-weight: 400;\">una vez m\u00e1s a la denuncia de la instalaci\u00f3n de discursos y acciones contrarios al papel de la Universidad p\u00fablica\u00a0 y su autonom\u00eda, los cuestionamientos al autogobierno, la limitaci\u00f3n de sus recursos y al rol que estas Universidades tienen por cometido esencial, desde la libertad de pensamiento, el conocimiento y la funci\u00f3n cr\u00edtica que les corresponde<\/span><\/i><span style=\"font-weight: 400;\">\u201d.\u00a0<\/span><\/p>\n<p style=\"text-align: justify;\"><span style=\"font-weight: 400;\">En este sentido se detalla que el modo general utilizado es la v\u00eda de la restricci\u00f3n presupuestal y del financiamiento universitario, pero tambi\u00e9n la acci\u00f3n por otros modos de injerencia en las autonom\u00edas respectivas como el tratamiento con criterio empresarial de nuestras Universidades, todo ello con el fin de amedrentamiento de la comunidad universitaria y de su dirigencia.\u00a0\u00a0<\/span><\/p>\n<p style=\"text-align: justify;\"><span style=\"font-weight: 400;\">\u201c<em>Finalmente, adoptamos el compromiso de promover y observar el respeto irrestricto de la Autonom\u00eda Universitaria, tanto en el plano de sus principios como en el ejercicio pleno de la misma, con un financiamiento adecuado y en el marco de las Constituciones pol\u00edticas de los Estados<\/em>\u201d, cierra el documento.\u00a0<\/span><\/p>\n","protected":false},"excerpt":{"rendered":"<p>Vea el documento completo aqu\u00ed <\/p>\n","protected":false},"author":1,"featured_media":6259,"comment_status":"closed","ping_status":"closed","sticky":false,"template":"","format":"standard","meta":{"footnotes":""},"categories":[48],"tags":[],"class_list":["post-6838","post","type-post","status-publish","format-standard","has-post-thumbnail","hentry","category-archivo-de-noticias"],"wpmagazine_modules_lite_featured_media_urls":{"thumbnail":["https:\/\/grupomontevideo.org\/site\/wp-content\/uploads\/2020\/06\/Logo-AUGM-cortado.jpeg",150,92,false],"cvmm-medium":["https:\/\/grupomontevideo.org\/site\/wp-content\/uploads\/2020\/06\/Logo-AUGM-cortado.jpeg",286,176,false],"cvmm-medium-plus":["https:\/\/grupomontevideo.org\/site\/wp-content\/uploads\/2020\/06\/Logo-AUGM-cortado.jpeg",286,176,false],"cvmm-portrait":["https:\/\/grupomontevideo.org\/site\/wp-content\/uploads\/2020\/06\/Logo-AUGM-cortado.jpeg",286,176,false],"cvmm-medium-square":["https:\/\/grupomontevideo.org\/site\/wp-content\/uploads\/2020\/06\/Logo-AUGM-cortado.jpeg",286,176,false],"cvmm-large":["https:\/\/grupomontevideo.org\/site\/wp-content\/uploads\/2020\/06\/Logo-AUGM-cortado.jpeg",286,176,false],"cvmm-small":["https:\/\/grupomontevideo.org\/site\/wp-content\/uploads\/2020\/06\/Logo-AUGM-cortado.jpeg",130,80,false],"full":["https:\/\/grupomontevideo.org\/site\/wp-content\/uploads\/2020\/06\/Logo-AUGM-cortado.jpeg",286,176,false]},"categories_names":{"48":{"name":"Archivo de noticias","link":"https:\/\/grupomontevideo.org\/site\/category\/archivo-de-noticias\/"}},"tags_names":[],"comments_number":"0","_links":{"self":[{"href":"https:\/\/grupomontevideo.org\/site\/wp-json\/wp\/v2\/posts\/6838","targetHints":{"allow":["GET"]}}],"collection":[{"href":"https:\/\/grupomontevideo.org\/site\/wp-json\/wp\/v2\/posts"}],"about":[{"href":"https:\/\/grupomontevideo.org\/site\/wp-json\/wp\/v2\/types\/post"}],"author":[{"embeddable":true,"href":"https:\/\/grupomontevideo.org\/site\/wp-json\/wp\/v2\/users\/1"}],"replies":[{"embeddable":true,"href":"https:\/\/grupomontevideo.org\/site\/wp-json\/wp\/v2\/comments?post=6838"}],"version-history":[{"count":1,"href":"https:\/\/grupomontevideo.org\/site\/wp-json\/wp\/v2\/posts\/6838\/revisions"}],"predecessor-version":[{"id":15479,"href":"https:\/\/grupomontevideo.org\/site\/wp-json\/wp\/v2\/posts\/6838\/revisions\/15479"}],"wp:featuredmedia":[{"embeddable":true,"href":"https:\/\/grupomontevideo.org\/site\/wp-json\/wp\/v2\/media\/6259"}],"wp:attachment":[{"href":"https:\/\/grupomontevideo.org\/site\/wp-json\/wp\/v2\/media?parent=6838"}],"wp:term":[{"taxonomy":"category","embeddable":true,"href":"https:\/\/grupomontevideo.org\/site\/wp-json\/wp\/v2\/categories?post=6838"},{"taxonomy":"post_tag","embeddable":true,"href":"https:\/\/grupomontevideo.org\/site\/wp-json\/wp\/v2\/tags?post=6838"}],"curies":[{"name":"wp","href":"https:\/\/api.w.org\/{rel}","templated":true}]}}