{"id":6829,"date":"2020-11-16T21:07:26","date_gmt":"2020-11-16T21:07:26","guid":{"rendered":"http:\/\/grupomontevideo.org\/sitio\/?post_type=noticias&#038;p=6829"},"modified":"2022-06-22T16:31:45","modified_gmt":"2022-06-22T16:31:45","slug":"panel-sobre-autonomia-y-financiamiento-de-la-universidad-publica","status":"publish","type":"post","link":"https:\/\/grupomontevideo.org\/site\/panel-sobre-autonomia-y-financiamiento-de-la-universidad-publica\/","title":{"rendered":"Panel sobre \u00abAutonom\u00eda y financiamiento de la Universidad P\u00fablica\u00bb"},"content":{"rendered":"<p style=\"text-align: justify;\">Este martes 17 de noviembre a las 9.00 (UYU) el Consejo de Rectores de la Asociaci\u00f3n de Universidades Grupo Montevideo (AUGM) abrir\u00e1 con un <b>panel abierto sobre \u201cAutonom\u00eda y financiamiento de la Universidad P\u00fablica\u201d,<\/b><span style=\"font-weight: 400;\"> instancia que contar\u00e1 con autoridades de la regi\u00f3n de diferentes \u00e1mbitos y \u00f3rganos de la regi\u00f3n.<\/span><\/p>\n<p style=\"text-align: justify;\"><span style=\"font-weight: 400;\">La actividad, que presidir\u00e1 la sesi\u00f3n del \u00f3rgano de direcci\u00f3n de la red, ser\u00e1 trasmitido a trav\u00e9s de la cuenta de <\/span><a href=\"https:\/\/www.youtube.com\/channel\/UCPsfsC2J64FsbEr7r2gpb7w?view_as=subscriber\"><b>YouTube \u201cAUGM Oficial\u201d<\/b><\/a><span style=\"font-weight: 400;\">\u00a0 y ser\u00e1 abierta por el presidente de AUGM y rector de la Universidad Nacional del Litoral, <strong>Enrique Mammarella<\/strong>:\u00a0<\/span><\/p>\n<p style=\"text-align: justify;\"><span style=\"font-weight: 400;\"> Se presentar\u00e1n las disertaci\u00f3nes de los siguientes panelistas:\u00a0<\/span><\/p>\n<p><strong>Dra. Marcia Abrah\u00e3o Moura<\/strong><br \/>\nRectora de la Universidade de Bras\u00edlia, Brasil<br \/>\n<strong>Dr. Sergio Padilla Cort\u00e9s<\/strong><br \/>\nRector de la Universidad Real Mayor y Pontificia de San Francisco Xavier de Chuquisaca, Bolivia<br \/>\n<strong>Prof. \u00c1lvaro Rico Fern\u00e1ndez,<\/strong><br \/>\nPresidente del Servicio de Relaciones Internacionales, Universidad de la Rep\u00fablica, Uruguay<br \/>\n<strong>Dr. Horacio Rosatti<\/strong><br \/>\nMinistro de la Corte Suprema de Justicia de la Naci\u00f3n, Argentina<br \/>\n<strong>Carlos Montes Cisternas<\/strong><br \/>\nSenador de la Rep\u00fablica, Chile<br \/>\n<strong>Dr. Ra\u00fal Aguilera M\u00e9ndez<\/strong><br \/>\nPresidente de la Agencia Nacional de Evaluaci\u00f3n y Acreditaci\u00f3n de la Educaci\u00f3n Superior, Paraguay,<br \/>\n<strong>Dr. Francesc Pedr\u00f3<\/strong><br \/>\nDirector del Instituto Internacional de la UNESCO para la Educaci\u00f3n Superior en Am\u00e9rica Latina y el Caribe (IESALC)<\/p>\n","protected":false},"excerpt":{"rendered":"<p>En el marco del Consejo de Rectores de AUGM. Este martesa las 9.0o por YouTube<\/p>\n","protected":false},"author":1,"featured_media":6259,"comment_status":"closed","ping_status":"closed","sticky":false,"template":"","format":"standard","meta":{"footnotes":""},"categories":[48],"tags":[],"class_list":["post-6829","post","type-post","status-publish","format-standard","has-post-thumbnail","hentry","category-archivo-de-noticias"],"wpmagazine_modules_lite_featured_media_urls":{"thumbnail":["https:\/\/grupomontevideo.org\/site\/wp-content\/uploads\/2020\/06\/Logo-AUGM-cortado.jpeg",150,92,false],"cvmm-medium":["https:\/\/grupomontevideo.org\/site\/wp-content\/uploads\/2020\/06\/Logo-AUGM-cortado.jpeg",286,176,false],"cvmm-medium-plus":["https:\/\/grupomontevideo.org\/site\/wp-content\/uploads\/2020\/06\/Logo-AUGM-cortado.jpeg",286,176,false],"cvmm-portrait":["https:\/\/grupomontevideo.org\/site\/wp-content\/uploads\/2020\/06\/Logo-AUGM-cortado.jpeg",286,176,false],"cvmm-medium-square":["https:\/\/grupomontevideo.org\/site\/wp-content\/uploads\/2020\/06\/Logo-AUGM-cortado.jpeg",286,176,false],"cvmm-large":["https:\/\/grupomontevideo.org\/site\/wp-content\/uploads\/2020\/06\/Logo-AUGM-cortado.jpeg",286,176,false],"cvmm-small":["https:\/\/grupomontevideo.org\/site\/wp-content\/uploads\/2020\/06\/Logo-AUGM-cortado.jpeg",130,80,false],"full":["https:\/\/grupomontevideo.org\/site\/wp-content\/uploads\/2020\/06\/Logo-AUGM-cortado.jpeg",286,176,false]},"categories_names":{"48":{"name":"Archivo de noticias","link":"https:\/\/grupomontevideo.org\/site\/category\/archivo-de-noticias\/"}},"tags_names":[],"comments_number":"0","_links":{"self":[{"href":"https:\/\/grupomontevideo.org\/site\/wp-json\/wp\/v2\/posts\/6829","targetHints":{"allow":["GET"]}}],"collection":[{"href":"https:\/\/grupomontevideo.org\/site\/wp-json\/wp\/v2\/posts"}],"about":[{"href":"https:\/\/grupomontevideo.org\/site\/wp-json\/wp\/v2\/types\/post"}],"author":[{"embeddable":true,"href":"https:\/\/grupomontevideo.org\/site\/wp-json\/wp\/v2\/users\/1"}],"replies":[{"embeddable":true,"href":"https:\/\/grupomontevideo.org\/site\/wp-json\/wp\/v2\/comments?post=6829"}],"version-history":[{"count":1,"href":"https:\/\/grupomontevideo.org\/site\/wp-json\/wp\/v2\/posts\/6829\/revisions"}],"predecessor-version":[{"id":15481,"href":"https:\/\/grupomontevideo.org\/site\/wp-json\/wp\/v2\/posts\/6829\/revisions\/15481"}],"wp:featuredmedia":[{"embeddable":true,"href":"https:\/\/grupomontevideo.org\/site\/wp-json\/wp\/v2\/media\/6259"}],"wp:attachment":[{"href":"https:\/\/grupomontevideo.org\/site\/wp-json\/wp\/v2\/media?parent=6829"}],"wp:term":[{"taxonomy":"category","embeddable":true,"href":"https:\/\/grupomontevideo.org\/site\/wp-json\/wp\/v2\/categories?post=6829"},{"taxonomy":"post_tag","embeddable":true,"href":"https:\/\/grupomontevideo.org\/site\/wp-json\/wp\/v2\/tags?post=6829"}],"curies":[{"name":"wp","href":"https:\/\/api.w.org\/{rel}","templated":true}]}}