{"id":6822,"date":"2020-11-13T17:49:41","date_gmt":"2020-11-13T17:49:41","guid":{"rendered":"http:\/\/grupomontevideo.org\/sitio\/?post_type=noticias&#038;p=6822"},"modified":"2022-06-22T16:31:46","modified_gmt":"2022-06-22T16:31:46","slug":"escuela-regional-nuevas-tecnicas-geodesicas-para-america-latina-y-el-caribe","status":"publish","type":"post","link":"https:\/\/grupomontevideo.org\/site\/escuela-regional-nuevas-tecnicas-geodesicas-para-america-latina-y-el-caribe\/","title":{"rendered":"Escuela Regional \u201cNuevas t\u00e9cnicas geod\u00e9sicas para Am\u00e9rica Latina y el Caribe\u201d"},"content":{"rendered":"<p style=\"text-align: justify;\"><strong>La Facultad de Ciencias Astron\u00f3micas y Geof\u00edsicas de la Universidad Nacional de La Plata (UNLP) llevar\u00e1 adelante esta escuela de formato virtual, encuadrada en el \u00e1rea de posgrado<\/strong>, que contar\u00e1 con conferencias de especialistas de organismos y organizaciones como el Sistema de Referencia Geoc\u00e9ntrico para las Am\u00e9ricas (SIRGAS), \u00a0International Airlines Group (IAG), Global Geodetic Observing System (GGOS), Instituto Panamericano de Geograf\u00eda e Historia (IPGH), Comit\u00e9 Regional de las Naciones Unidas sobre la Gesti\u00f3n Global de Informaci\u00f3n Geoespacial para las Am\u00e9ricas (UN-GGIM Am\u00e9ricas) y la Oficina Internacional de Pesas y Medidas BIPM.<\/p>\n<p style=\"text-align: justify;\">Brindar\u00e1 un panorama conceptual y pr\u00e1ctico sobre un conjunto de herramientas geod\u00e9sicas relativamente novedosas en la regi\u00f3n e imprescindibles para abordar los desaf\u00edos del futuro: VLBI, SLR y gravimetr\u00eda de muy alta precisi\u00f3n<\/p>\n<p style=\"text-align: justify;\"><strong>Las clases se articulan alrededor de una serie de visitas virtuales al Observatorio Argentino \u2013 Alem\u00e1n de Geodesia (AGGO), \u00fanico en Am\u00e9rica Latina, donde las y los participantes ver\u00e1n en acci\u00f3n los instrumentos que all\u00ed se utilizan e interactuar\u00e1n con los expertos que los manejan.<\/strong><\/p>\n<p style=\"text-align: justify;\">Adem\u00e1s de participar de clases y conferencias conceptuales para ejercitarse en la resoluci\u00f3n de problemas guiados por tutores especializados.<\/p>\n<p style=\"text-align: justify;\">Esta Escuela ofrece la oportunidad de expandir el capital intelectual existente, incorporando nuevas t\u00e9cnicas geod\u00e9sicas que ya est\u00e1n instaladas en la regi\u00f3n y cuyo despliegue se multiplicar\u00e1 a medida que se avance con el plan de acci\u00f3n del GGRF.<\/p>\n<p style=\"text-align: justify;\"><strong>Objetivos particulares de la Escuela Regional:<\/strong><\/p>\n<ul>\n<li style=\"list-style-type: none;\">\n<ul>\n<li style=\"text-align: justify;\">Formar profesionales a nivel de posgrado para utilizar la informaci\u00f3n geod\u00e9sica generada por AGGO y otras instalaciones similares y por SIRGAS.<\/li>\n<li style=\"text-align: justify;\">Contribuir con la hoja de ruta para la implementaci\u00f3n de GGRF del Subcomit\u00e9 de Geodesia de UN GGIMI Am\u00e9ricas, en el cap\u00edtulo de formaci\u00f3n de RRHH.<\/li>\n<li style=\"text-align: justify;\">Facilitar y promover la movilidad de estudiantes y docentes de posgrado en la regi\u00f3n.<\/li>\n<li style=\"text-align: justify;\">Impulsar la cooperaci\u00f3n regional en la formaci\u00f3n de posgrado incorporando paulatinamente otras tem\u00e1ticas aprovechando capacidades instaladas en distintos pa\u00edses.<\/li>\n<\/ul>\n<\/li>\n<\/ul>\n<p>&nbsp;<\/p>\n<hr \/>\n<p>Preinscripciones como alumno\/a de la Escuela:<br \/>\nDr. Daniel Del Cogliano: <a href=\"mailto:ddelco3057@gmail.com\">ddelco3057@gmail.com<\/a><\/p>\n<hr \/>\n<p><strong>La escuela tendr\u00e1 lugar en forma virtual durante los d\u00edas 5 al 12 de abril del a\u00f1o 2021 y se desarrollar\u00e1n de lunes a viernes entre las 9 y las 17 horas en tres turnos y la ma\u00f1ana del s\u00e1bado dos turnos; complet\u00e1ndose as\u00ed 45 horas de exposici\u00f3n 100% virtual.<\/strong><br \/>\n<strong>Una vez finalizada la Escuela, durante los siguientes 15 d\u00edas, se realizar\u00e1 la evaluaci\u00f3n de los alumnos a trav\u00e9s de cuestionarios referidos a todo el temario. Aquellos alumnos que hayan sido aprobados obtendr\u00e1n un Certificado emitido por la Facultad de Ciencias Astron\u00f3micas y Geof\u00edsicas de la UNLP.<\/strong><\/p>\n<hr \/>\n<p>El Lunes 12 se desarrollar\u00e1 una jornada con especialistas en la tem\u00e1tica de distintas Universidades pertenecientes a la Asociaci\u00f3n de Universidades Grupo Montevideo (AUGM).<br \/>\nPara participar de la jornada AUGM en el marco de la Escuela como disertante<br \/>\nLic. Ra\u00fal Perdomo: <a href=\"mailto:perdomo@presi.unlp.edu.ar\">perdomo@presi.unlp.edu.ar<\/a><\/p>\n<hr \/>\n<p style=\"text-align: justify;\">Docentes a cargo de las clases:<\/p>\n<p style=\"text-align: justify;\">Dra. Felicitas Arias, Dra Claudia Tocho, Dra. Amalia Meza, Dra. Laura Fernandez, Dra. Mar\u00eda E G\u00f3mez, Dra. Paula Natali, Dr. Andreas Richter, Geof. Ezequiel D. Antokoletz, Dr. Mauricio Gende, Dr. Luciano Mendoza, Dr. Francisco Azpilicueta, Dr. Claudio Brunini, Dr. Daniel Del Cogliano. Personal de AGGO a cargo de las visitas virtuales: Dr. Claudio Brunini, Dr. Hayo Hase, Ing. Augusto Cassino, Sra. Romina Ronchi, Dr.Ing. An\u00edbla Aguirre, Dr. Michael H\u00e4fner, Lic. Florencia Toledo, Ing. Federico Salguero, Ing. Alfredo Pasquar\u00e9, Ing. Jos\u00e9 Vera, Sr. Federico Bareilles, Dra. Romina Galv\u00e1n y Dr. Pablo Antico.<\/p>\n<p style=\"text-align: justify;\">\n","protected":false},"excerpt":{"rendered":"<p>Del 5 al 12 de abril de 2021. Preinscripciones abiertas.<\/p>\n","protected":false},"author":1,"featured_media":6823,"comment_status":"closed","ping_status":"closed","sticky":false,"template":"","format":"standard","meta":{"footnotes":""},"categories":[48],"tags":[],"class_list":["post-6822","post","type-post","status-publish","format-standard","has-post-thumbnail","hentry","category-archivo-de-noticias"],"wpmagazine_modules_lite_featured_media_urls":{"thumbnail":["https:\/\/grupomontevideo.org\/site\/wp-content\/uploads\/2020\/11\/Escuela-regional-geodesica.jpeg",150,150,false],"cvmm-medium":["https:\/\/grupomontevideo.org\/site\/wp-content\/uploads\/2020\/11\/Escuela-regional-geodesica.jpeg",300,300,false],"cvmm-medium-plus":["https:\/\/grupomontevideo.org\/site\/wp-content\/uploads\/2020\/11\/Escuela-regional-geodesica.jpeg",207,207,false],"cvmm-portrait":["https:\/\/grupomontevideo.org\/site\/wp-content\/uploads\/2020\/11\/Escuela-regional-geodesica.jpeg",400,400,false],"cvmm-medium-square":["https:\/\/grupomontevideo.org\/site\/wp-content\/uploads\/2020\/11\/Escuela-regional-geodesica.jpeg",600,600,false],"cvmm-large":["https:\/\/grupomontevideo.org\/site\/wp-content\/uploads\/2020\/11\/Escuela-regional-geodesica.jpeg",1024,1024,false],"cvmm-small":["https:\/\/grupomontevideo.org\/site\/wp-content\/uploads\/2020\/11\/Escuela-regional-geodesica.jpeg",95,95,false],"full":["https:\/\/grupomontevideo.org\/site\/wp-content\/uploads\/2020\/11\/Escuela-regional-geodesica.jpeg",1600,1600,false]},"categories_names":{"48":{"name":"Archivo de noticias","link":"https:\/\/grupomontevideo.org\/site\/category\/archivo-de-noticias\/"}},"tags_names":[],"comments_number":"0","_links":{"self":[{"href":"https:\/\/grupomontevideo.org\/site\/wp-json\/wp\/v2\/posts\/6822","targetHints":{"allow":["GET"]}}],"collection":[{"href":"https:\/\/grupomontevideo.org\/site\/wp-json\/wp\/v2\/posts"}],"about":[{"href":"https:\/\/grupomontevideo.org\/site\/wp-json\/wp\/v2\/types\/post"}],"author":[{"embeddable":true,"href":"https:\/\/grupomontevideo.org\/site\/wp-json\/wp\/v2\/users\/1"}],"replies":[{"embeddable":true,"href":"https:\/\/grupomontevideo.org\/site\/wp-json\/wp\/v2\/comments?post=6822"}],"version-history":[{"count":1,"href":"https:\/\/grupomontevideo.org\/site\/wp-json\/wp\/v2\/posts\/6822\/revisions"}],"predecessor-version":[{"id":15484,"href":"https:\/\/grupomontevideo.org\/site\/wp-json\/wp\/v2\/posts\/6822\/revisions\/15484"}],"wp:featuredmedia":[{"embeddable":true,"href":"https:\/\/grupomontevideo.org\/site\/wp-json\/wp\/v2\/media\/6823"}],"wp:attachment":[{"href":"https:\/\/grupomontevideo.org\/site\/wp-json\/wp\/v2\/media?parent=6822"}],"wp:term":[{"taxonomy":"category","embeddable":true,"href":"https:\/\/grupomontevideo.org\/site\/wp-json\/wp\/v2\/categories?post=6822"},{"taxonomy":"post_tag","embeddable":true,"href":"https:\/\/grupomontevideo.org\/site\/wp-json\/wp\/v2\/tags?post=6822"}],"curies":[{"name":"wp","href":"https:\/\/api.w.org\/{rel}","templated":true}]}}