{"id":6821,"date":"2020-11-13T13:50:33","date_gmt":"2020-11-13T13:50:33","guid":{"rendered":"http:\/\/grupomontevideo.org\/sitio\/?post_type=noticias&#038;p=6821"},"modified":"2022-06-22T16:31:46","modified_gmt":"2022-06-22T16:31:46","slug":"reunion-de-la-catedra-de-derechos-humanos-de-augm-2","status":"publish","type":"post","link":"https:\/\/grupomontevideo.org\/site\/reunion-de-la-catedra-de-derechos-humanos-de-augm-2\/","title":{"rendered":"Reuni\u00f3n de la C\u00e1tedra de Derechos Humanos de AUGM"},"content":{"rendered":"<p>El pr\u00f3ximo\u00a0lunes 16 de noviembre, de 10 a 12 horas (horario de Uruguay), se celebrar\u00e1 la reuni\u00f3n de la C\u00e1tedra de Derechos Humanos de AUGM, a trav\u00e9s de la plataforma Zoom.<br \/>\n&nbsp;<\/p>\n","protected":false},"excerpt":{"rendered":"<p>V\u00eda Zoom, de 10 a 12 horas (horario de Uruguay)<\/p>\n","protected":false},"author":1,"featured_media":6691,"comment_status":"closed","ping_status":"closed","sticky":false,"template":"","format":"standard","meta":{"footnotes":""},"categories":[48],"tags":[],"class_list":["post-6821","post","type-post","status-publish","format-standard","has-post-thumbnail","hentry","category-archivo-de-noticias"],"wpmagazine_modules_lite_featured_media_urls":{"thumbnail":["https:\/\/grupomontevideo.org\/site\/wp-content\/uploads\/2020\/09\/DDHH.jpg",150,94,false],"cvmm-medium":["https:\/\/grupomontevideo.org\/site\/wp-content\/uploads\/2020\/09\/DDHH.jpg",300,188,false],"cvmm-medium-plus":["https:\/\/grupomontevideo.org\/site\/wp-content\/uploads\/2020\/09\/DDHH.jpg",305,191,false],"cvmm-portrait":["https:\/\/grupomontevideo.org\/site\/wp-content\/uploads\/2020\/09\/DDHH.jpg",350,219,false],"cvmm-medium-square":["https:\/\/grupomontevideo.org\/site\/wp-content\/uploads\/2020\/09\/DDHH.jpg",350,219,false],"cvmm-large":["https:\/\/grupomontevideo.org\/site\/wp-content\/uploads\/2020\/09\/DDHH.jpg",350,219,false],"cvmm-small":["https:\/\/grupomontevideo.org\/site\/wp-content\/uploads\/2020\/09\/DDHH.jpg",130,81,false],"full":["https:\/\/grupomontevideo.org\/site\/wp-content\/uploads\/2020\/09\/DDHH.jpg",350,219,false]},"categories_names":{"48":{"name":"Archivo de noticias","link":"https:\/\/grupomontevideo.org\/site\/category\/archivo-de-noticias\/"}},"tags_names":[],"comments_number":"0","_links":{"self":[{"href":"https:\/\/grupomontevideo.org\/site\/wp-json\/wp\/v2\/posts\/6821","targetHints":{"allow":["GET"]}}],"collection":[{"href":"https:\/\/grupomontevideo.org\/site\/wp-json\/wp\/v2\/posts"}],"about":[{"href":"https:\/\/grupomontevideo.org\/site\/wp-json\/wp\/v2\/types\/post"}],"author":[{"embeddable":true,"href":"https:\/\/grupomontevideo.org\/site\/wp-json\/wp\/v2\/users\/1"}],"replies":[{"embeddable":true,"href":"https:\/\/grupomontevideo.org\/site\/wp-json\/wp\/v2\/comments?post=6821"}],"version-history":[{"count":1,"href":"https:\/\/grupomontevideo.org\/site\/wp-json\/wp\/v2\/posts\/6821\/revisions"}],"predecessor-version":[{"id":15485,"href":"https:\/\/grupomontevideo.org\/site\/wp-json\/wp\/v2\/posts\/6821\/revisions\/15485"}],"wp:featuredmedia":[{"embeddable":true,"href":"https:\/\/grupomontevideo.org\/site\/wp-json\/wp\/v2\/media\/6691"}],"wp:attachment":[{"href":"https:\/\/grupomontevideo.org\/site\/wp-json\/wp\/v2\/media?parent=6821"}],"wp:term":[{"taxonomy":"category","embeddable":true,"href":"https:\/\/grupomontevideo.org\/site\/wp-json\/wp\/v2\/categories?post=6821"},{"taxonomy":"post_tag","embeddable":true,"href":"https:\/\/grupomontevideo.org\/site\/wp-json\/wp\/v2\/tags?post=6821"}],"curies":[{"name":"wp","href":"https:\/\/api.w.org\/{rel}","templated":true}]}}