{"id":6801,"date":"2020-11-05T14:36:29","date_gmt":"2020-11-05T14:36:29","guid":{"rendered":"http:\/\/grupomontevideo.org\/sitio\/?post_type=noticias&#038;p=6801"},"modified":"2022-06-22T16:31:47","modified_gmt":"2022-06-22T16:31:47","slug":"presidente-de-augm-en-todos-nuestros-paises-hemos-encontrado-avances-en-contra-de-la-autonomia-universitaria","status":"publish","type":"post","link":"https:\/\/grupomontevideo.org\/site\/presidente-de-augm-en-todos-nuestros-paises-hemos-encontrado-avances-en-contra-de-la-autonomia-universitaria\/","title":{"rendered":"Presidente de AUGM: \u00abEn todos nuestros pa\u00edses hemos encontrado avances en contra de la autonom\u00eda universitaria\u00bb"},"content":{"rendered":"<p>&nbsp;<\/p>\n<p style=\"text-align: justify;\">Este martes 3 de noviembre se llev\u00f3 adelante la segunda instancia de la \u201c<i><span style=\"font-weight: 400;\">Campa\u00f1a continental en defensa de la ciencia y la Educaci\u00f3n Superior<\/span><\/i><span style=\"font-weight: 400;\">\u201d, iniciativa del <a href=\"http:\/\/espacioenlaces.org\/\">Espacio Latinoameticano y Caribe\u00f1o de Educaci\u00f3n Superior (ENALCES)<\/a> que se lleva adelante de forma virtual. <\/span><\/p>\n<p style=\"text-align: justify;\">En esta ocasi\u00f3n diferentes autoridad de instituciones y redes supranacionales en materia de Educaci\u00f3n Superior expusieron e intercambiaron bajo el t\u00edtulo \u201c<b>Cooperaci\u00f3n acad\u00e9mica y cient\u00edfica en tiempos de pandemia<\/b>\u201d.<\/p>\n<p style=\"text-align: justify;\"><span style=\"font-weight: 400;\">Del espacio particip\u00f3<\/span><b> Francsc Pedr\u00f3<\/b><span style=\"font-weight: 400;\">, director del Instituto Internacional para la Educaci\u00f3n Superior de Am\u00e9rica Latina y el Caribe (IESALC &#8211; UNESCO); <\/span><b>Francisco Jos\u00e9 Herrera Alvarado<\/b><span style=\"font-weight: 400;\">, rector de la Universidad Nacional de Aut\u00f3noma de Honduras y presidente del Consejo Superior Universitario Centroamericano; <\/span><b>Francis de Lanoy<\/b><span style=\"font-weight: 400;\">, rector de Curacao University y vicepresidente de Universidades del Caribe; <\/span><b>Roberto Escalante<\/b><span style=\"font-weight: 400;\">, secretario general de la Uni\u00f3n de Universidades de Am\u00e9rica Latina; y <\/span><b>Enrique Mammarella<\/b><span style=\"font-weight: 400;\">, el rector de la Universidad Nacional del Litoral y presidente de la Asociaci\u00f3n de Universidades Grupo Montevideo (AUGM).\u00a0<\/span><\/p>\n<p style=\"text-align: justify;\"><span style=\"font-weight: 400;\">La actividad fue moderada por<\/span><b> Macelo Di Stefano<\/b><span style=\"font-weight: 400;\">, secretario ejecutivo de la Confederaci\u00f3n de Trabajadores Universitarios de las Am\u00e9ricas (CONTUA).\u00a0<\/span><\/p>\n<p style=\"text-align: justify;\"><span style=\"font-weight: 400;\">Luego de la introducci\u00f3n de Di Estefano, <strong>la actividad comenz\u00f3 con la exposic\u00f3n de Mammarella como presidente de AUGM<\/strong>, quien primero present\u00f3 la red un espacio que re\u00fane 40 unviersidades p\u00fablicas, aut\u00f3nomas y autogobernadas de Argentina, Bolivia, Brasil, Chile, Paraguay y Uruguay.\u00a0<\/span><\/p>\n<p><iframe style=\"border: none; overflow: hidden;\" src=\"https:\/\/www.facebook.com\/plugins\/video.php?height=314&amp;href=https%3A%2F%2Fwww.facebook.com%2Fcampanacontinentaleducacion%2Fvideos%2F365501238237043%2F&amp;show_text=false&amp;width=560\" width=\"560\" height=\"314\" frameborder=\"0\" scrolling=\"no\" allowfullscreen=\"allowfullscreen\"><\/iframe><\/p>\n<p style=\"text-align: justify;\"><span style=\"font-weight: 400;\">\u201c<em><strong>Somos un grupo de universidades con alta vocaci\u00f3n p\u00fablica, que concebimos a la universidad como un espacio de reflexi\u00f3n cr\u00edtica accesible<\/strong>, abierto a la sociedad, por eso pugnamos por tener una universidad sensible a nuestro entorno y socialmente responsable en sus relaciones con m\u00faltiples agentes<\/em>\u201d, dijo.\u00a0<\/span><\/p>\n<p style=\"text-align: justify;\"><span style=\"font-weight: 400;\">En este sentido explic\u00f3 que las universidades p\u00fablicas que conforman el Grupo han dado respuesta a los requerimientos de la sociedad y de nuestros gobierno, lo que \u201c<strong><em>puso de manifiesto fuertemente el car\u00e1cter solidario y la templanza de las comunidades universitarias en el desarrollo de sus tareas<\/em>\u00ab.\u00a0<\/strong><\/span><\/p>\n<p style=\"text-align: justify;\"><span style=\"font-weight: 400;\">En este punto se refiri\u00f3 al <strong>rol de la investigaci\u00f3n universitaria<\/strong>, que no solamente produce nuevos conocimientos\u00a0 y t\u00e9cnicas, sino que tambi\u00e9n \u201c<em><strong>contribuye a la formaci\u00f3n de profesionales creativos<\/strong><\/em>\u201d. \u201c<em>Ese desaf\u00edo de formaci\u00f3n de profesionales relacionados conel cotnexto, que ya ven\u00eda caracterizado por la evoluci\u00f3n de todas las disciplinas, ahora tuvo que enfrentar problemas nuevos que no pudimos prever<\/em>\u201d, ageg\u00f3.\u00a0<\/span><\/p>\n<p style=\"text-align: justify;\"><span style=\"font-weight: 400;\">Segun el Presidente de AUGM, para cosneguir esto es \u00ab<em><strong>muy importante trabajar en redes<\/strong><\/em>\u201d. \u201c<em>Es necesario poder encontrar una adecuada articulaci\u00f3n que nos permita una abordaje interdisciplinar a las problem\u00e1ticas complejas y los avances y respuestas a las demandas, y fundamentalmente que podamos tener impacto como necesitan nuestros pa\u00edses\u00bb<\/em>.\u00a0<\/span><\/p>\n<p style=\"text-align: justify;\"><span style=\"font-weight: 400;\"><strong>Este trabajo de cooperaci\u00f3n, sin embargo, advirti\u00f3 Mammarella, no es posible\u00a0 \u201c<em>si no disponemos de la autonom\u00eda plena<\/em>\u201d<\/strong>.\u00a0<\/span><\/p>\n<p style=\"text-align: justify;\"><span style=\"font-weight: 400;\">Esto implica \u201c<em>poder elegir a nuestro gobierno (universitario), como estamos encontrando en este momento problemas en las universidades federales de Brasil, o definir nuestras pol\u00edticas, como sucede en Bolivia\u201d<\/em>, dijo, y agreg\u00f3 que tambi\u00e9n implica \u201c<em>disponer claramente de nuestros presupuestos: todos nuestros pa\u00edses est\u00e1n en un momento clave donde se discute el presupuesto y en todos hay alg\u00fan avance en contra de la autonom\u00eda universitaria<\/em>\u201d.<\/span><\/p>\n<p style=\"text-align: justify;\"><span style=\"font-weight: 400;\">\u201c<em>En el marco de la defensa de la autonom\u00eda, las universidades deben consolidar estrategias coherentes que permitan articular y coordinar esas acciones orientadas a incidir en el deabte p\u00fablico. Ese es el objetivo de esta campa\u00f1a<\/em>\u201d, dijo sobre el final.<\/span><\/p>\n","protected":false},"excerpt":{"rendered":"<p>Segunda actividad de la campa\u00f1a de ENLACES en defensa de la universidad y la ciencia<\/p>\n","protected":false},"author":1,"featured_media":6802,"comment_status":"closed","ping_status":"closed","sticky":false,"template":"","format":"standard","meta":{"footnotes":""},"categories":[48],"tags":[],"class_list":["post-6801","post","type-post","status-publish","format-standard","has-post-thumbnail","hentry","category-archivo-de-noticias"],"wpmagazine_modules_lite_featured_media_urls":{"thumbnail":["https:\/\/grupomontevideo.org\/site\/wp-content\/uploads\/2020\/11\/Captura-ENLACES.png",150,76,false],"cvmm-medium":["https:\/\/grupomontevideo.org\/site\/wp-content\/uploads\/2020\/11\/Captura-ENLACES.png",300,151,false],"cvmm-medium-plus":["https:\/\/grupomontevideo.org\/site\/wp-content\/uploads\/2020\/11\/Captura-ENLACES.png",305,154,false],"cvmm-portrait":["https:\/\/grupomontevideo.org\/site\/wp-content\/uploads\/2020\/11\/Captura-ENLACES.png",400,202,false],"cvmm-medium-square":["https:\/\/grupomontevideo.org\/site\/wp-content\/uploads\/2020\/11\/Captura-ENLACES.png",600,302,false],"cvmm-large":["https:\/\/grupomontevideo.org\/site\/wp-content\/uploads\/2020\/11\/Captura-ENLACES.png",609,307,false],"cvmm-small":["https:\/\/grupomontevideo.org\/site\/wp-content\/uploads\/2020\/11\/Captura-ENLACES.png",130,66,false],"full":["https:\/\/grupomontevideo.org\/site\/wp-content\/uploads\/2020\/11\/Captura-ENLACES.png",609,307,false]},"categories_names":{"48":{"name":"Archivo de noticias","link":"https:\/\/grupomontevideo.org\/site\/category\/archivo-de-noticias\/"}},"tags_names":[],"comments_number":"0","_links":{"self":[{"href":"https:\/\/grupomontevideo.org\/site\/wp-json\/wp\/v2\/posts\/6801","targetHints":{"allow":["GET"]}}],"collection":[{"href":"https:\/\/grupomontevideo.org\/site\/wp-json\/wp\/v2\/posts"}],"about":[{"href":"https:\/\/grupomontevideo.org\/site\/wp-json\/wp\/v2\/types\/post"}],"author":[{"embeddable":true,"href":"https:\/\/grupomontevideo.org\/site\/wp-json\/wp\/v2\/users\/1"}],"replies":[{"embeddable":true,"href":"https:\/\/grupomontevideo.org\/site\/wp-json\/wp\/v2\/comments?post=6801"}],"version-history":[{"count":1,"href":"https:\/\/grupomontevideo.org\/site\/wp-json\/wp\/v2\/posts\/6801\/revisions"}],"predecessor-version":[{"id":15490,"href":"https:\/\/grupomontevideo.org\/site\/wp-json\/wp\/v2\/posts\/6801\/revisions\/15490"}],"wp:featuredmedia":[{"embeddable":true,"href":"https:\/\/grupomontevideo.org\/site\/wp-json\/wp\/v2\/media\/6802"}],"wp:attachment":[{"href":"https:\/\/grupomontevideo.org\/site\/wp-json\/wp\/v2\/media?parent=6801"}],"wp:term":[{"taxonomy":"category","embeddable":true,"href":"https:\/\/grupomontevideo.org\/site\/wp-json\/wp\/v2\/categories?post=6801"},{"taxonomy":"post_tag","embeddable":true,"href":"https:\/\/grupomontevideo.org\/site\/wp-json\/wp\/v2\/tags?post=6801"}],"curies":[{"name":"wp","href":"https:\/\/api.w.org\/{rel}","templated":true}]}}