{"id":6793,"date":"2020-11-05T13:49:58","date_gmt":"2020-11-05T13:49:58","guid":{"rendered":"http:\/\/grupomontevideo.org\/sitio\/?post_type=noticias&#038;p=6793"},"modified":"2022-06-22T16:31:48","modified_gmt":"2022-06-22T16:31:48","slug":"aniversario-de-la-ufsm-la-primera-universidad-federal-instalada-en-el-interior-de-brasil","status":"publish","type":"post","link":"https:\/\/grupomontevideo.org\/site\/aniversario-de-la-ufsm-la-primera-universidad-federal-instalada-en-el-interior-de-brasil\/","title":{"rendered":"Aniversario de la UFSM: la primera universidad federal instalada en el interior de Brasil"},"content":{"rendered":"<p style=\"text-align: justify;\">En este 2020 la <strong>Universidade Federal de Santa Mar\u00eda (UFSM, Brasil) cumple 60 a\u00f1os desde su fundaci\u00f3n<\/strong>. Son seis d\u00e9cadas de trabajo en conjunto con la ciudad de Santa Mar\u00eda y la regi\u00f3n, una <strong>alianza donde se construyen proyectos de ense\u00f1anza, investigaci\u00f3n y extensi\u00f3n<\/strong> que otorgan reconocimiento al interior del estado de Rio Grande do Sul.<\/p>\n<p style=\"text-align: justify;\">As\u00ed lo explica el sitio que la UFSM construy\u00f3 para este aniversario y donde se encuentra la <a href=\"https:\/\/www.ufsm.br\/60-anos-ufsm\/\">programaci\u00f3n de las decenas de actividades conmemorativas<\/a> que esta universidad concreta y concretar\u00e1 este a\u00f1o.<\/p>\n<p style=\"text-align: justify;\"><span style=\"font-weight: 400;\"><img fetchpriority=\"high\" decoding=\"async\" class=\" wp-image-6799 alignleft\" src=\"https:\/\/grupomontevideo.org\/site\/wp-content\/uploads\/2020\/11\/Burmann2.jpg\" alt=\"\" width=\"253\" height=\"343\" \/>Despu\u00e9s de su reciente designaci\u00f3n para el Consejo Consultivo de Rectores de la Asociaci\u00f3n de Universidades Grupo Montevideo (AUGM), dialogamos con el rector de la <strong>UFSM, Prof. Paulo Afonso Burmann<\/strong>, sobre las implicancias de este aniversario para su universidad y la regi\u00f3n brasile\u00f1a.\u00a0<\/span><\/p>\n<p style=\"text-align: justify;\"><b>AUGM: \u00bfQu\u00e9 valor toma este aniversario para la UFSM?<\/b><\/p>\n<p style=\"text-align: justify;\"><span style=\"font-weight: 400;\"><em>Rector Prof. Paulo Afonso Burmann<\/em>: Chegar aos 60 anos com a qualidade em ensino, pesquisa e extens\u00e3o e ser uma Universidade de refer\u00eancia nacional e internacional \u00e9 motivo de muito orgulho e alegria para a UFSM. A UFSM rememora 6 d\u00e9cadas de trabalho cont\u00ednuo na forma\u00e7\u00e3o de profissionais qualificados, na gera\u00e7\u00e3o de conhecimento e no compromisso social, desde sua funda\u00e7\u00e3o<\/span><\/p>\n<p style=\"text-align: justify;\"><span style=\"font-weight: 400;\">Na sua nobre miss\u00e3o de construir e difundir conhecimento, a UFSM tem sido obstinada e seus avan\u00e7os constantes s\u00e3o creditados aos seus servidores, egressos e estudantes, que aqui buscaram e continuam buscando a realiza\u00e7\u00e3o dos seus sonhos profissionais.<\/span><\/p>\n<p style=\"text-align: justify;\"><span style=\"font-weight: 400;\">Desejamos que a Universidade Federal de Santa Maria, protagonista na interioriza\u00e7\u00e3o do ensino superior no Brasil, com sua perenidade continue sua trajet\u00f3ria exitosa, contribuindo para o desenvolvimento da humanidade e melhoria da qualidade de vida de todas pessoas.<\/span><\/p>\n<p style=\"text-align: justify;\"><span style=\"font-weight: 400;\">\u00a0<\/span><b>AUGM \u00bfQu\u00e9 lugar ocupa la Universidad para la comunidad de Santa Mar\u00eda?<\/b><\/p>\n<p style=\"text-align: justify;\"><span style=\"font-weight: 400;\"><em>Rector Prof. Paulo Afonso Burmann<\/em>: A UFSM foi a primeira universidade federal instalada no interior do Brasil. Desde ent\u00e3o, \u00e9 refer\u00eancia no ensino, na pesquisa e na extens\u00e3o, alcan\u00e7ando reconhecimento regional, nacional e internacional. Conta com um corpo de servidores e discentes de mais de 35 mil pessoas, o que representa mais de 10% da popula\u00e7\u00e3o da cidade de Santa Maria. Possui 3 campi fora de sede: Frederico Westphalen, Palmeira das Miss\u00f5es e Cachoeira do Sul, movimentando a economia das regi\u00f5es onde est\u00e1 inserida. A universidade recebe cerca de 150.000 pessoas\/ano, que participam de diversos eventos, colocando em circula\u00e7\u00e3o, na economia local\/regional, quase 2 bilh\u00f5es de reais anuais. J\u00e1 formou quase 180.000 profissionais ao longo dos seus 60 anos e recebe 6.000 novos estudantes por ano, demonstrando sua import\u00e2ncia para o desenvolvimento nacional e na cria\u00e7\u00e3o de oportunidades para milhares de jovens.<\/span><\/p>\n<p style=\"text-align: justify;\"><b>AUGM: \u00bfQu\u00e9 lugar ocupa AUGM en la historia de la universidad?<\/b><\/p>\n<p style=\"text-align: justify;\"><span style=\"font-weight: 400;\"><em>Rector Prof. Paulo Afonso Burmann<\/em>: Desde 1991, a UFSM, como Universidade Fundadora da AUGM, tem trabalhado intensamente nos \u00e2mbitos acad\u00eamico e institucional e de maneira muito pr\u00f3xima \u00e0s a\u00e7\u00f5es relacionadas a esta associa\u00e7\u00e3o. A AUGM nasceu a partir de uma vis\u00e3o abrangente e estrat\u00e9gica para a Am\u00e9rica do Sul, de alguns professores. Dentre eles estava nosso Reitor Tabajara Ga\u00facho da Costa (1989-1993), juntamente com o professor Jorge Brovetto, que na \u00e9poca era Reitor da Universidad de la Rep\u00fablica, no Uruguai. Ap\u00f3s a funda\u00e7\u00e3o da AUGM, a UFSM tem acompanhado o crescimento das demais universidades integrantes desse grupo seleto, mantendo um protagonismo importante, o que pode ser notado pela coordena\u00e7\u00e3o de diversos comit\u00eas acad\u00eamicos, n\u00facleos disciplinares e comiss\u00f5es permanentes, bem como pela participa\u00e7\u00e3o em quase todos os grupos atuantes da AUGM.<\/span><\/p>\n<p style=\"text-align: justify;\"><span style=\"font-weight: 400;\">Sob esse aspecto, pode-se dizer que a AUGM tem tido uma import\u00e2ncia not\u00e1vel e quase vital para as a\u00e7\u00f5es de desenvolvimento internacional da UFSM nas \u00faltimas tr\u00eas d\u00e9cadas (a AUGM completar\u00e1 30 anos em 2021). Essas a\u00e7\u00f5es, que envolvem, principalmente, a cria\u00e7\u00e3o de um espa\u00e7o comum acad\u00eamico latino-americano em nossa institui\u00e7\u00e3o, em acordo com os preceitos que levaram \u00e0 funda\u00e7\u00e3o da nossa universidade pelo Reitor Jos\u00e9 Mariano da Rocha Filho, abrangem a mobilidade de alunos de gradua\u00e7\u00e3o, de p\u00f3s-gradua\u00e7\u00e3o, de docentes e t\u00e9cnicos-administrativos, bem como a\u00e7\u00f5es de integra\u00e7\u00e3o entre grupos de pesquisadores, visando ao desenvolvimento cient\u00edfico, cultural e de inova\u00e7\u00e3o em todas as \u00e1reas do conhecimento.<\/span><\/p>\n<p style=\"text-align: justify;\"><span style=\"font-weight: 400;\">\u00c9 preciso ressaltar que, recentemente, em 2016, a UFSM celebrou os 25 anos da AUGM. Estiveram presentes diversas autoridades, quando foi poss\u00edvel notar o forte comprometimento de nossa institui\u00e7\u00e3o com as a\u00e7\u00f5es de integra\u00e7\u00e3o latino-americana, em diversos n\u00edveis associados aos sistemas de ensino p\u00fablico. No ano passado, a UFSM tamb\u00e9m sediou a Reuni\u00e3o de Delegados Assessores da AUGM, que teve a presen\u00e7a de representantes de quase todas as universidades da Associa\u00e7\u00e3o.\u00a0 Segundo o Reitor professor Paulo A. Burmann, j\u00e1 est\u00e1 prevista, para o segundo semestre de 2020, a Reuni\u00e3o do Conselho de Reitores da AUGM, cuja organiza\u00e7\u00e3o ser\u00e1 tamb\u00e9m um marco para a comemora\u00e7\u00e3o dos 60 anos de funda\u00e7\u00e3o da UFSM e que certamente ser\u00e1 uma oportunidade de refor\u00e7ar a import\u00e2ncia e a parceria da AUGM com a UFSM.<\/span><\/p>\n<p style=\"text-align: justify;\"><b>AUGM: \u00bfQu\u00e9 desaf\u00edos se plantea la Universidad de acuerdo al contexto actual?<\/b><\/p>\n<p style=\"text-align: justify;\"><span style=\"font-weight: 400;\"><em>Rector Prof. Paulo Afonso Burmann<\/em>: A Universidade Federal de Santa Maria est\u00e1 ativa na execu\u00e7\u00e3o de a\u00e7\u00f5es, na mobiliza\u00e7\u00e3o, lideran\u00e7a e articula\u00e7\u00e3o entre entidades e pessoas frente ao contexto de pandemia que enfrentamos. Seus servidores e discentes est\u00e3o empenhados, atuando remotamente em suas fun\u00e7\u00f5es dirigidas para o interesse p\u00fablico em cada uma das suas especificidades. Diversas a\u00e7\u00f5es e projetos est\u00e3o em andamento na institui\u00e7\u00e3o para o combate ao coronav\u00edrus, bem como para o acompanhamento e suporte aos servidores e alunos neste momento de isolamento social. A UFSM junto a outras institui\u00e7\u00f5es p\u00fablicas tem sido estruturante para todas as estrat\u00e9gias de enfrentamento da pandemia Covid-19, demonstrando inequivocamente o papel da educa\u00e7\u00e3o, da ci\u00eancia e da sa\u00fade p\u00fablicas e acess\u00edveis \u00e0 toda a popula\u00e7\u00e3o.<\/span><\/p>\n<p style=\"text-align: justify;\"><span style=\"font-weight: 400;\">Mais do que nunca, a Universidade se legitima como inst\u00e2ncia de produ\u00e7\u00e3o de ci\u00eancia e conhecimento, se colocando \u00e0 disposi\u00e7\u00e3o de toda a sociedade. O grande desafio \u00e9 manter a serenidade e o foco da institui\u00e7\u00e3o diante de toda a crise pela qual passa o mundo, principalmente em um contexto em que as Universidades j\u00e1 vinham sendo atacadas com sucessivos cortes or\u00e7ament\u00e1rios.\u00a0 Mesmo diante de todo este cen\u00e1rio, a UFSM vem se destacando em diferentes rankings nacionais e internacionais. A Universidade \u00e9 refer\u00eancia em assist\u00eancia estudantil, est\u00e1 entre as 15 universidades que mais produzem ci\u00eancia no Brasil, \u00e9 a 9\u00aa mais empreendedora do pa\u00eds e est\u00e1 entre as universidades mais inclusivas e diversas do mundo. Temos muito ainda a melhorar, mas estamos no caminho. No momento, nosso foco \u00e9 contribuir com o combate e o enfrentamento ao coronav\u00edrus e, t\u00e3o logo seja poss\u00edvel, retornar \u00e0s atividades presenciais em nossa Universidade.\u00a0<\/span><\/p>\n<p><strong>Fotos: UFSM<\/strong><\/p>\n","protected":false},"excerpt":{"rendered":"<p>Entrevista con el rector Prof. Paulo Afonso Burmann<\/p>\n","protected":false},"author":1,"featured_media":6798,"comment_status":"closed","ping_status":"closed","sticky":false,"template":"","format":"standard","meta":{"footnotes":""},"categories":[48],"tags":[],"class_list":["post-6793","post","type-post","status-publish","format-standard","has-post-thumbnail","hentry","category-archivo-de-noticias"],"wpmagazine_modules_lite_featured_media_urls":{"thumbnail":["https:\/\/grupomontevideo.org\/site\/wp-content\/uploads\/2020\/11\/UFSM-60-anos-2.png",150,150,false],"cvmm-medium":["https:\/\/grupomontevideo.org\/site\/wp-content\/uploads\/2020\/11\/UFSM-60-anos-2.png",300,300,false],"cvmm-medium-plus":["https:\/\/grupomontevideo.org\/site\/wp-content\/uploads\/2020\/11\/UFSM-60-anos-2.png",207,207,false],"cvmm-portrait":["https:\/\/grupomontevideo.org\/site\/wp-content\/uploads\/2020\/11\/UFSM-60-anos-2.png",400,400,false],"cvmm-medium-square":["https:\/\/grupomontevideo.org\/site\/wp-content\/uploads\/2020\/11\/UFSM-60-anos-2.png",600,600,false],"cvmm-large":["https:\/\/grupomontevideo.org\/site\/wp-content\/uploads\/2020\/11\/UFSM-60-anos-2.png",1024,1024,false],"cvmm-small":["https:\/\/grupomontevideo.org\/site\/wp-content\/uploads\/2020\/11\/UFSM-60-anos-2.png",95,95,false],"full":["https:\/\/grupomontevideo.org\/site\/wp-content\/uploads\/2020\/11\/UFSM-60-anos-2.png",1080,1080,false]},"categories_names":{"48":{"name":"Archivo de noticias","link":"https:\/\/grupomontevideo.org\/site\/category\/archivo-de-noticias\/"}},"tags_names":[],"comments_number":"0","_links":{"self":[{"href":"https:\/\/grupomontevideo.org\/site\/wp-json\/wp\/v2\/posts\/6793","targetHints":{"allow":["GET"]}}],"collection":[{"href":"https:\/\/grupomontevideo.org\/site\/wp-json\/wp\/v2\/posts"}],"about":[{"href":"https:\/\/grupomontevideo.org\/site\/wp-json\/wp\/v2\/types\/post"}],"author":[{"embeddable":true,"href":"https:\/\/grupomontevideo.org\/site\/wp-json\/wp\/v2\/users\/1"}],"replies":[{"embeddable":true,"href":"https:\/\/grupomontevideo.org\/site\/wp-json\/wp\/v2\/comments?post=6793"}],"version-history":[{"count":1,"href":"https:\/\/grupomontevideo.org\/site\/wp-json\/wp\/v2\/posts\/6793\/revisions"}],"predecessor-version":[{"id":15491,"href":"https:\/\/grupomontevideo.org\/site\/wp-json\/wp\/v2\/posts\/6793\/revisions\/15491"}],"wp:featuredmedia":[{"embeddable":true,"href":"https:\/\/grupomontevideo.org\/site\/wp-json\/wp\/v2\/media\/6798"}],"wp:attachment":[{"href":"https:\/\/grupomontevideo.org\/site\/wp-json\/wp\/v2\/media?parent=6793"}],"wp:term":[{"taxonomy":"category","embeddable":true,"href":"https:\/\/grupomontevideo.org\/site\/wp-json\/wp\/v2\/categories?post=6793"},{"taxonomy":"post_tag","embeddable":true,"href":"https:\/\/grupomontevideo.org\/site\/wp-json\/wp\/v2\/tags?post=6793"}],"curies":[{"name":"wp","href":"https:\/\/api.w.org\/{rel}","templated":true}]}}