{"id":6756,"date":"2020-10-21T20:07:46","date_gmt":"2020-10-21T20:07:46","guid":{"rendered":"http:\/\/grupomontevideo.org\/sitio\/?post_type=noticias&#038;p=6756"},"modified":"2022-06-22T16:31:50","modified_gmt":"2022-06-22T16:31:50","slug":"escuela-virtual-de-verano-de-augm-reciclado-de-materiales","status":"publish","type":"post","link":"https:\/\/grupomontevideo.org\/site\/escuela-virtual-de-verano-de-augm-reciclado-de-materiales\/","title":{"rendered":"Escuela de AUGM sobre reciclado de materiales"},"content":{"rendered":"<p style=\"text-align: justify;\">Del <strong>9 al 16 de noviembre<\/strong> el N\u00facleo Disciplinario Ciencia e Ingenieria de los Materiales de la Asociaci\u00f3n de Universidades Grupo Montevideo (AUGM) llevar\u00e1 adelante una <strong>escuela virtual sobre reciclado de materiales <\/strong><\/p>\n<p style=\"text-align: justify;\"><span style=\"font-weight: 400;\"><strong>Esta instancia regional de formaci\u00f3n est\u00e1 destinada a estudiantes de grado y egresados de carreras afines a la Ciencia e Ingenier\u00eda de los Materiales de las Universidades Miembro de AUGM.<\/strong><\/span><\/p>\n<hr \/>\n<p style=\"text-align: center;\"><strong><a href=\"https:\/\/us02web.zoom.us\/webinar\/register\/WN_zQTQd5M0TAmL2ROsHQcVkA\">Inscripciones aqu\u00ed<\/a><\/strong><\/p>\n<hr \/>\n<blockquote>\n<p style=\"text-align: justify;\"><span style=\"font-weight: 400;\">\u201cLa sociedad moderna ha ido tomando conciencia de la importancia que tiene la preservaci\u00f3n del ambiente, en el que vivimos. Existen distintos problemas y uno de los m\u00e1s importantes son los residuos que generamos, que si no es adecuadamente tratada, provoca la contaminaci\u00f3n del aire, el agua y la tierra, degradaci\u00f3n que deteriora al ecosistema en el que estamos, afectando la salud de la poblaci\u00f3n y de los dem\u00e1s seres vivos\u201d, explica la convocatoria.\u00a0<\/span><\/p>\n<\/blockquote>\n<p style=\"text-align: justify;\"><span style=\"font-weight: 400;\">A partir de este contexto, el <strong>N\u00facleo dise\u00f1\u00f3 esta escuela de 12 horas totales de trabajo con el objeto de presentar el tema y analizar la potencialidad de aplicaci\u00f3n de distintas tecnolog\u00edas<\/strong> que permiten el reciclado de diferentes materiales.<\/span><\/p>\n<p style=\"text-align: justify;\"><strong>Se entregar\u00e1 certificado de asistencia a todos los asistentes que participen, al menos, en 5 de las clases.<\/strong><\/p>\n<hr \/>\n<p style=\"text-align: center;\"><a href=\"https:\/\/grupomontevideo.org\/site\/wp-content\/uploads\/2020\/10\/Programa-de-la-Escuela-de-Reciclado-de-Materiales-2.pdf\"><strong>Vea el programa anal\u00edtico y el curr\u00edculum de los docentes aqu\u00ed<\/strong><\/a><\/p>\n<hr \/>\n<p style=\"text-align: center;\"><b>Lunes 9 de noviembre &#8211; 18 hs<\/b><\/p>\n<p style=\"text-align: center;\"><span style=\"font-weight: 400;\">Evaluaci\u00f3n de los aspectos ambientales asociados al<\/span><\/p>\n<p style=\"text-align: center;\"><span style=\"font-weight: 400;\">reciclado de materiales y la econom\u00eda circular, mediante<\/span><\/p>\n<p style=\"text-align: center;\"><span style=\"font-weight: 400;\">el An\u00e1lisis de Ciclo de Vida.<\/span><\/p>\n<p style=\"text-align: center;\"><span style=\"font-weight: 400;\">Disertante: Dr. Pablo Arena. (Facultad Regional de Mendoza, Argentina)<\/span><\/p>\n<hr \/>\n<p style=\"text-align: center;\"><b>Martes 10 de noviembre &#8211; 18 hs<\/b><\/p>\n<p style=\"text-align: center;\"><span style=\"font-weight: 400;\">Economia Circular e inova\u00e7\u00e3o a partir de materiais<\/span><\/p>\n<p style=\"text-align: center;\"><span style=\"font-weight: 400;\">reciclados: tend\u00eancias e desafios.<\/span><\/p>\n<p style=\"text-align: center;\"><span style=\"font-weight: 400;\">Disertante: Dra. \u00c2ngela de Moura Ferreira Danilevicz (Dep.<\/span><\/p>\n<p style=\"text-align: center;\"><span style=\"font-weight: 400;\">Engenharia de Produ\u00e7\u00e3o e Transportes, Universidade Federal do Rio Grande do Sul ,Brasil)<\/span><\/p>\n<hr \/>\n<p style=\"text-align: center;\"><b>Mi\u00e9rcoles 11 de noviembre &#8211; 18 hs<\/b><\/p>\n<p style=\"text-align: center;\"><span style=\"font-weight: 400;\">Reciclagem de baterias de \u00edons de l\u00edtio descartadas:<\/span><\/p>\n<p style=\"text-align: center;\"><span style=\"font-weight: 400;\">recupera\u00e7\u00e3o de compostos de valor e ress\u00edntese de<\/span><\/p>\n<p style=\"text-align: center;\"><span style=\"font-weight: 400;\">eletrodos.<\/span><\/p>\n<p style=\"text-align: center;\"><span style=\"font-weight: 400;\">Disertante: Dr. Jair Scarmino (Dep. Fisica, Universidade Estadual de Londrina, Brasil)<\/span><\/p>\n<hr \/>\n<p style=\"text-align: center;\"><b>Jueves 12 de noviembre &#8211; 18 hs<\/b><\/p>\n<p style=\"text-align: center;\"><span style=\"font-weight: 400;\">Eficiencia energ\u00e9tica en la edificaci\u00f3n arquitect\u00f3nica<\/span><\/p>\n<p style=\"text-align: center;\"><span style=\"font-weight: 400;\">como factor de innovaci\u00f3n tecnol\u00f3gico-constructivo.<\/span><\/p>\n<p style=\"text-align: center;\"><span style=\"font-weight: 400;\">Disertante: Ms. Guillermo J. Jacobo (Facultad de<\/span><\/p>\n<p style=\"text-align: center;\"><span style=\"font-weight: 400;\">Arqui-tectura y Urbanismo, Universidad Nacional del Nordeste, Argentina)<\/span><\/p>\n<hr \/>\n<p style=\"text-align: center;\"><b>Viernes 13 de noviembre &#8211; 18 h<\/b><span style=\"font-weight: 400;\">s<\/span><\/p>\n<p style=\"text-align: center;\"><span style=\"font-weight: 400;\">Los Pl\u00e1sticos en la Econom\u00eda Circular.<\/span><\/p>\n<p style=\"text-align: center;\"><span style=\"font-weight: 400;\">Disertante: Dra. Yamila V. Vazquez (Dep. Ing. Qu\u00edmica,<\/span><\/p>\n<p style=\"text-align: center;\"><span style=\"font-weight: 400;\">Universidad Nacional del Sur, Argentina)<\/span><\/p>\n<hr \/>\n<p style=\"text-align: center;\"><b>Lunes 16 de noviembre &#8211; 18 hs<\/b><\/p>\n<p style=\"text-align: center;\"><span style=\"font-weight: 400;\">Reciclado de materiales en base cement\u00edcea.<\/span><\/p>\n<p style=\"text-align: center;\"><span style=\"font-weight: 400;\">Disertante: Dr. N\u00e9stor F. Ortega (Dep. Universidad Nacional del Sur, Argentina<\/span>)<\/p>\n<p>&nbsp;<\/p>\n","protected":false},"excerpt":{"rendered":"<p>Inscripciones abiertas. Organiza el ND Ciencie e Ingenier\u00eda de los Materiales <\/p>\n","protected":false},"author":1,"featured_media":6758,"comment_status":"closed","ping_status":"closed","sticky":false,"template":"","format":"standard","meta":{"footnotes":""},"categories":[48],"tags":[],"class_list":["post-6756","post","type-post","status-publish","format-standard","has-post-thumbnail","hentry","category-archivo-de-noticias"],"wpmagazine_modules_lite_featured_media_urls":{"thumbnail":["https:\/\/grupomontevideo.org\/site\/wp-content\/uploads\/2020\/10\/Reciclado.jpg",150,100,false],"cvmm-medium":["https:\/\/grupomontevideo.org\/site\/wp-content\/uploads\/2020\/10\/Reciclado.jpg",300,200,false],"cvmm-medium-plus":["https:\/\/grupomontevideo.org\/site\/wp-content\/uploads\/2020\/10\/Reciclado.jpg",305,203,false],"cvmm-portrait":["https:\/\/grupomontevideo.org\/site\/wp-content\/uploads\/2020\/10\/Reciclado.jpg",400,267,false],"cvmm-medium-square":["https:\/\/grupomontevideo.org\/site\/wp-content\/uploads\/2020\/10\/Reciclado.jpg",600,400,false],"cvmm-large":["https:\/\/grupomontevideo.org\/site\/wp-content\/uploads\/2020\/10\/Reciclado.jpg",1024,683,false],"cvmm-small":["https:\/\/grupomontevideo.org\/site\/wp-content\/uploads\/2020\/10\/Reciclado.jpg",130,87,false],"full":["https:\/\/grupomontevideo.org\/site\/wp-content\/uploads\/2020\/10\/Reciclado.jpg",5472,3648,false]},"categories_names":{"48":{"name":"Archivo de noticias","link":"https:\/\/grupomontevideo.org\/site\/category\/archivo-de-noticias\/"}},"tags_names":[],"comments_number":"0","_links":{"self":[{"href":"https:\/\/grupomontevideo.org\/site\/wp-json\/wp\/v2\/posts\/6756","targetHints":{"allow":["GET"]}}],"collection":[{"href":"https:\/\/grupomontevideo.org\/site\/wp-json\/wp\/v2\/posts"}],"about":[{"href":"https:\/\/grupomontevideo.org\/site\/wp-json\/wp\/v2\/types\/post"}],"author":[{"embeddable":true,"href":"https:\/\/grupomontevideo.org\/site\/wp-json\/wp\/v2\/users\/1"}],"replies":[{"embeddable":true,"href":"https:\/\/grupomontevideo.org\/site\/wp-json\/wp\/v2\/comments?post=6756"}],"version-history":[{"count":1,"href":"https:\/\/grupomontevideo.org\/site\/wp-json\/wp\/v2\/posts\/6756\/revisions"}],"predecessor-version":[{"id":15499,"href":"https:\/\/grupomontevideo.org\/site\/wp-json\/wp\/v2\/posts\/6756\/revisions\/15499"}],"wp:featuredmedia":[{"embeddable":true,"href":"https:\/\/grupomontevideo.org\/site\/wp-json\/wp\/v2\/media\/6758"}],"wp:attachment":[{"href":"https:\/\/grupomontevideo.org\/site\/wp-json\/wp\/v2\/media?parent=6756"}],"wp:term":[{"taxonomy":"category","embeddable":true,"href":"https:\/\/grupomontevideo.org\/site\/wp-json\/wp\/v2\/categories?post=6756"},{"taxonomy":"post_tag","embeddable":true,"href":"https:\/\/grupomontevideo.org\/site\/wp-json\/wp\/v2\/tags?post=6756"}],"curies":[{"name":"wp","href":"https:\/\/api.w.org\/{rel}","templated":true}]}}