{"id":6737,"date":"2020-10-19T21:53:16","date_gmt":"2020-10-19T21:53:16","guid":{"rendered":"http:\/\/grupomontevideo.org\/sitio\/?post_type=noticias&#038;p=6737"},"modified":"2022-06-22T16:31:50","modified_gmt":"2022-06-22T16:31:50","slug":"webinar-produccion-abastecimiento-y-consumo-de-alimentos-en-el-contexto-de-pandemia","status":"publish","type":"post","link":"https:\/\/grupomontevideo.org\/site\/webinar-produccion-abastecimiento-y-consumo-de-alimentos-en-el-contexto-de-pandemia\/","title":{"rendered":"Webinar \u00abProducci\u00f3n, abastecimiento y consumo de alimentos en el contexto de pandemia\u00bb"},"content":{"rendered":"<p style=\"text-align: justify;\">El pr\u00f3ximo 26 de octubre (16.00h de Buenos Aires) el <a href=\"http:\/\/grupomontevideo.org\/ndca\/caprocesoscooperativos\/\">Comti\u00e9 Acad\u00e9mico Procesos Cooperativos y Asociativos (PROCOAS)<\/a> de la Asociaci\u00f3n de Universidades Grupo Montevideo (AUGM) llevar\u00e1 adelante el t<strong>ercer encuentro de su ciclo de conferencias virtuales<\/strong>.<\/p>\n<p style=\"text-align: justify;\">Esta instancia llevar\u00e1 por t\u00edtulo <em><strong>\u00abProducci\u00f3n, abastecimiento y consumo de alimentos en el contexto de pandemia\u00bb <\/strong>actividad a la que se puede participar por Zoom (inscripciones aqu\u00ed) o a trav\u00e9s de la trasmisi\u00f3n en el canal de YouTube \u00abAUGM Oficial\u00bb.\u00a0<\/em><\/p>\n<p style=\"text-align: justify;\"><strong>El ciclo busca generar reflexiones e intercambios sobre temas de inter\u00e9s en el campo de la econom\u00eda social y solidaria en contexto de pandemia<\/strong>, en relaci\u00f3n al papel de las universidades, la educaci\u00f3n y los procesos colectivos, la producci\u00f3n y comercializaci\u00f3n de alimentos, y la tecnolog\u00eda e innovaciones del sector solidario.<\/p>\n<p>Estructura de la actividad:<br \/>\n1 &#8211; <strong>Problematizaci\u00f3n del sistema agroalimentario hegem\u00f3nico<\/strong>. Pablo Saravia Ramos, Universidad de Playa Ancha -Chile.<br \/>\n2 &#8211; <strong>Estudios de caso<\/strong>:<br \/>\na. <strong>Garant\u00eda de acesso a alimentos en condiciones de vulnerabilidad socioecon\u00f3mica<\/strong>. Dirlete Dellazeri, MST-Brasil.<br \/>\nb. <strong>Experiencias transformadoras de los sistemas agroalimentariosa<\/strong>. Oscar Rover, LACAF\/UFSC-Brasil.<br \/>\nc) <strong>Papel de las universidades frente los desafios y problemas de los sistemas agroalimentares<\/strong>. Javier Di Matteo, Universidad de Luj\u00e1n-Argentina, y Elsa Yanaje, Ministerio de Agricultura de Argentina.<br \/>\nMediadores:<br \/>\nSandro Miguel Mendes (UFPR), Julia Coelho de Souza (PPGICH\/ LACAF\/ UFSC) y Isadora leite Escosteguy (CEPAGRO)<br \/>\n<img fetchpriority=\"high\" decoding=\"async\" class=\"aligncenter size-full wp-image-6738\" src=\"https:\/\/grupomontevideo.org\/site\/wp-content\/uploads\/2020\/10\/Procoas3.jpeg\" alt=\"\" width=\"1600\" height=\"1590\" \/><\/p>\n","protected":false},"excerpt":{"rendered":"<p>Tercera conferencia del ciclo que lleva adelante el Comit\u00e9 Acad\u00e9mico PROCOAS. Inscribite<\/p>\n","protected":false},"author":1,"featured_media":6753,"comment_status":"closed","ping_status":"closed","sticky":false,"template":"","format":"standard","meta":{"footnotes":""},"categories":[48],"tags":[],"class_list":["post-6737","post","type-post","status-publish","format-standard","has-post-thumbnail","hentry","category-archivo-de-noticias"],"wpmagazine_modules_lite_featured_media_urls":{"thumbnail":["https:\/\/grupomontevideo.org\/site\/wp-content\/uploads\/2020\/10\/Lechugas.jpg",150,100,false],"cvmm-medium":["https:\/\/grupomontevideo.org\/site\/wp-content\/uploads\/2020\/10\/Lechugas.jpg",300,200,false],"cvmm-medium-plus":["https:\/\/grupomontevideo.org\/site\/wp-content\/uploads\/2020\/10\/Lechugas.jpg",305,203,false],"cvmm-portrait":["https:\/\/grupomontevideo.org\/site\/wp-content\/uploads\/2020\/10\/Lechugas.jpg",400,267,false],"cvmm-medium-square":["https:\/\/grupomontevideo.org\/site\/wp-content\/uploads\/2020\/10\/Lechugas.jpg",600,400,false],"cvmm-large":["https:\/\/grupomontevideo.org\/site\/wp-content\/uploads\/2020\/10\/Lechugas.jpg",1024,683,false],"cvmm-small":["https:\/\/grupomontevideo.org\/site\/wp-content\/uploads\/2020\/10\/Lechugas.jpg",130,87,false],"full":["https:\/\/grupomontevideo.org\/site\/wp-content\/uploads\/2020\/10\/Lechugas.jpg",4702,3135,false]},"categories_names":{"48":{"name":"Archivo de noticias","link":"https:\/\/grupomontevideo.org\/site\/category\/archivo-de-noticias\/"}},"tags_names":[],"comments_number":"0","_links":{"self":[{"href":"https:\/\/grupomontevideo.org\/site\/wp-json\/wp\/v2\/posts\/6737","targetHints":{"allow":["GET"]}}],"collection":[{"href":"https:\/\/grupomontevideo.org\/site\/wp-json\/wp\/v2\/posts"}],"about":[{"href":"https:\/\/grupomontevideo.org\/site\/wp-json\/wp\/v2\/types\/post"}],"author":[{"embeddable":true,"href":"https:\/\/grupomontevideo.org\/site\/wp-json\/wp\/v2\/users\/1"}],"replies":[{"embeddable":true,"href":"https:\/\/grupomontevideo.org\/site\/wp-json\/wp\/v2\/comments?post=6737"}],"version-history":[{"count":1,"href":"https:\/\/grupomontevideo.org\/site\/wp-json\/wp\/v2\/posts\/6737\/revisions"}],"predecessor-version":[{"id":15502,"href":"https:\/\/grupomontevideo.org\/site\/wp-json\/wp\/v2\/posts\/6737\/revisions\/15502"}],"wp:featuredmedia":[{"embeddable":true,"href":"https:\/\/grupomontevideo.org\/site\/wp-json\/wp\/v2\/media\/6753"}],"wp:attachment":[{"href":"https:\/\/grupomontevideo.org\/site\/wp-json\/wp\/v2\/media?parent=6737"}],"wp:term":[{"taxonomy":"category","embeddable":true,"href":"https:\/\/grupomontevideo.org\/site\/wp-json\/wp\/v2\/categories?post=6737"},{"taxonomy":"post_tag","embeddable":true,"href":"https:\/\/grupomontevideo.org\/site\/wp-json\/wp\/v2\/tags?post=6737"}],"curies":[{"name":"wp","href":"https:\/\/api.w.org\/{rel}","templated":true}]}}