{"id":6732,"date":"2020-10-14T14:50:31","date_gmt":"2020-10-14T14:50:31","guid":{"rendered":"http:\/\/grupomontevideo.org\/sitio\/?post_type=noticias&#038;p=6732"},"modified":"2022-06-22T16:31:51","modified_gmt":"2022-06-22T16:31:51","slug":"lanzamiento-de-la-campana-continental-en-defensa-de-la-universidad-y-la-ciencia","status":"publish","type":"post","link":"https:\/\/grupomontevideo.org\/site\/lanzamiento-de-la-campana-continental-en-defensa-de-la-universidad-y-la-ciencia\/","title":{"rendered":"Lanzamiento de la \u00abCampa\u00f1a continental en defensa de la Universidad y la Ciencia\u00bb"},"content":{"rendered":"<p style=\"text-align: justify;\">En la tarde de este mi\u00e9rcoles se llevar\u00e1 adelante el lanzamiento de la \u00ab<a href=\"https:\/\/grupomontevideo.org\/site\/wp-content\/uploads\/2020\/10\/Campan\u0303a-Continental-en-Defensa-de-la-Universidad-y-la-Ciencia.pdf\"><strong>Campa\u00f1a continental en defensa de la Universidad y la Ciencia<\/strong><\/a>\u00ab, que busca promover la acci\u00f3n coordinada entre los diferentes sectores que componen o dialogan en el \u201cdemos\u201d universitario con el fin de fortalecer los debates sobre la importancia del pensamiento cient\u00edfico y las universidades en la construcci\u00f3n de sociedades desarrolladas y democr\u00e1ticas.<\/p>\n<p style=\"text-align: justify;\">Esta campa\u00f1a es organizada por el Espacio Latinoamericano y Caribe\u00f1o de Educaci\u00f3n Superior (ENLACES) y est\u00e1 integrada por la acci\u00f3n en los medios de comunicaci\u00f3n y la promoci\u00f3n de actividades de discusi\u00f3n p\u00fablica entre la comunidad acad\u00e9mica, las organizaciones sindicales, la sociedad civil y las instituciones de investigaci\u00f3n y gobierno.<\/p>\n<p style=\"text-align: justify;\">Las actividades comenzar\u00e1n este mi\u00e9rcoles a <a href=\"https:\/\/www.youtube.com\/watch?v=dP5kW4-5gMM&amp;ab_channel=Associa%C3%A7%C3%A3oNacionaldeP%C3%B3s-Graduandos.ANPG\">trav\u00e9s de YouTube<\/a> y contar\u00e1 con los siguiente panelistas:<\/p>\n<ul>\n<li>1. Jes\u00fas L\u00f3pez Macedo Espacio Latinoamericano y Caribe\u00f1o de Educaci\u00f3n Superior Asociaci\u00f3n Nacional de las Universidades e Instituciones de Educaci\u00f3n Superior (ANUIES\/ M\u00e9xico)<\/li>\n<li>2. Agust\u00edn Rodr\u00edguez Fuentes Presidente de la Confederaci\u00f3n de los Trabajadores y las Trabajadoras de las Universidades de las Am\u00e9ricas (CONTUA)<\/li>\n<li>3. Daniel Ricci Secretario General de la Federaci\u00f3n de Sindicatos Docentes Universitarios de Am\u00e9rica del Sur (FESIDUAS)<\/li>\n<li>4. Beatriz Lopes Secretaria Ejecutiva de la Organizaci\u00f3n Continental Latinoamericana y Caribe\u00f1a de Estudiantes (OCLAE)<\/li>\n<li>5. Francisco Tamarit Coordinador General da III Conferencia Regional de Educaci\u00f3n Superior para Am\u00e9rica Latina y el Caribe &#8211; CRES 2018<\/li>\n<li>6. Rui Opperman<\/li>\n<\/ul>\n<p><img fetchpriority=\"high\" decoding=\"async\" class=\"aligncenter size-full wp-image-6733\" src=\"https:\/\/grupomontevideo.org\/site\/wp-content\/uploads\/2020\/10\/WhatsApp-Image-2020-10-13-at-8.45.04-PM.jpeg\" alt=\"\" width=\"1280\" height=\"1280\" \/><\/p>\n","protected":false},"excerpt":{"rendered":"<p>En vivo pot YouTube a las 17.00 horas de Buenos Aires<\/p>\n","protected":false},"author":1,"featured_media":6733,"comment_status":"closed","ping_status":"closed","sticky":false,"template":"","format":"standard","meta":{"footnotes":""},"categories":[48],"tags":[],"class_list":["post-6732","post","type-post","status-publish","format-standard","has-post-thumbnail","hentry","category-archivo-de-noticias"],"wpmagazine_modules_lite_featured_media_urls":{"thumbnail":["https:\/\/grupomontevideo.org\/site\/wp-content\/uploads\/2020\/10\/WhatsApp-Image-2020-10-13-at-8.45.04-PM.jpeg",150,150,false],"cvmm-medium":["https:\/\/grupomontevideo.org\/site\/wp-content\/uploads\/2020\/10\/WhatsApp-Image-2020-10-13-at-8.45.04-PM.jpeg",300,300,false],"cvmm-medium-plus":["https:\/\/grupomontevideo.org\/site\/wp-content\/uploads\/2020\/10\/WhatsApp-Image-2020-10-13-at-8.45.04-PM.jpeg",207,207,false],"cvmm-portrait":["https:\/\/grupomontevideo.org\/site\/wp-content\/uploads\/2020\/10\/WhatsApp-Image-2020-10-13-at-8.45.04-PM.jpeg",400,400,false],"cvmm-medium-square":["https:\/\/grupomontevideo.org\/site\/wp-content\/uploads\/2020\/10\/WhatsApp-Image-2020-10-13-at-8.45.04-PM.jpeg",600,600,false],"cvmm-large":["https:\/\/grupomontevideo.org\/site\/wp-content\/uploads\/2020\/10\/WhatsApp-Image-2020-10-13-at-8.45.04-PM.jpeg",1024,1024,false],"cvmm-small":["https:\/\/grupomontevideo.org\/site\/wp-content\/uploads\/2020\/10\/WhatsApp-Image-2020-10-13-at-8.45.04-PM.jpeg",95,95,false],"full":["https:\/\/grupomontevideo.org\/site\/wp-content\/uploads\/2020\/10\/WhatsApp-Image-2020-10-13-at-8.45.04-PM.jpeg",1280,1280,false]},"categories_names":{"48":{"name":"Archivo de noticias","link":"https:\/\/grupomontevideo.org\/site\/category\/archivo-de-noticias\/"}},"tags_names":[],"comments_number":"0","_links":{"self":[{"href":"https:\/\/grupomontevideo.org\/site\/wp-json\/wp\/v2\/posts\/6732","targetHints":{"allow":["GET"]}}],"collection":[{"href":"https:\/\/grupomontevideo.org\/site\/wp-json\/wp\/v2\/posts"}],"about":[{"href":"https:\/\/grupomontevideo.org\/site\/wp-json\/wp\/v2\/types\/post"}],"author":[{"embeddable":true,"href":"https:\/\/grupomontevideo.org\/site\/wp-json\/wp\/v2\/users\/1"}],"replies":[{"embeddable":true,"href":"https:\/\/grupomontevideo.org\/site\/wp-json\/wp\/v2\/comments?post=6732"}],"version-history":[{"count":1,"href":"https:\/\/grupomontevideo.org\/site\/wp-json\/wp\/v2\/posts\/6732\/revisions"}],"predecessor-version":[{"id":15503,"href":"https:\/\/grupomontevideo.org\/site\/wp-json\/wp\/v2\/posts\/6732\/revisions\/15503"}],"wp:featuredmedia":[{"embeddable":true,"href":"https:\/\/grupomontevideo.org\/site\/wp-json\/wp\/v2\/media\/6733"}],"wp:attachment":[{"href":"https:\/\/grupomontevideo.org\/site\/wp-json\/wp\/v2\/media?parent=6732"}],"wp:term":[{"taxonomy":"category","embeddable":true,"href":"https:\/\/grupomontevideo.org\/site\/wp-json\/wp\/v2\/categories?post=6732"},{"taxonomy":"post_tag","embeddable":true,"href":"https:\/\/grupomontevideo.org\/site\/wp-json\/wp\/v2\/tags?post=6732"}],"curies":[{"name":"wp","href":"https:\/\/api.w.org\/{rel}","templated":true}]}}