{"id":6720,"date":"2020-10-07T19:14:27","date_gmt":"2020-10-07T19:14:27","guid":{"rendered":"http:\/\/grupomontevideo.org\/sitio\/?post_type=noticias&#038;p=6720"},"modified":"2022-06-22T16:31:51","modified_gmt":"2022-06-22T16:31:51","slug":"conversatorio-practicas-artisticas-en-contexto-de-aislamiento-el-gato-de-schrodinger","status":"publish","type":"post","link":"https:\/\/grupomontevideo.org\/site\/conversatorio-practicas-artisticas-en-contexto-de-aislamiento-el-gato-de-schrodinger\/","title":{"rendered":"Conversatorio: \u00abPr\u00e1cticas art\u00edsticas en contexto de aislamiento. El gato de Schrodinger"},"content":{"rendered":"<p style=\"text-align: justify;\">En el marco del ciclo de Conferencias 2020 organizado por la Secretar\u00eda de Posgrado e Investigaci\u00f3n de la Facultad de Artes de la Universidad Nacional de Tucum\u00e1n (FAUNT), el viernes 9 de octubre a las 17 horas se presentar\u00e1 la actividad titulada \u201c<strong>Pr\u00e1cticas art\u00edsticas en contexto de aislamiento. El gato de Schrodinger<\/strong>\u201d.<\/p>\n<p style=\"text-align: justify;\">El conversatorio tiene como objetivo reflexionar sobre las formas en las que nos interpela el aislamiento Covid-19 y los modos en los que sostienen los espacios de trabajo desde la Escuela de Bellas Artes de la Facultad de Humanidades y Artes (UNR).<\/p>\n<p><strong>Se llevara adelante de forma virtual a trav\u00e9s del Facebook de la Facultad de Artes UNT-Oficial.<\/strong><\/p>\n<p style=\"text-align: justify;\"><strong>Participan:<\/strong><\/p>\n<p style=\"text-align: justify;\"><strong>Norma Rojas<\/strong><\/p>\n<p style=\"text-align: justify;\">Es Licenciada en Bellas Artes de la Universidad Nacional de Rosario. Directora de la Escuela de Bellas Artes de la Facultad de Humanidades y Artes. UNR. Profesora titular de la c\u00e1tedra Dibujo III com. C\u00a0y\u00a0Taller de Pintura II com. A. Como Artista Pl\u00e1stica ha mostrado su producci\u00f3n de manera individual y colectiva en diferentes lugares del pa\u00eds y del exterior. Su obra es parte de la colecci\u00f3n Museo Macro-Castagnino de Rosario y en\u00a0el Museo dell\u2019 Arte Vetraria Altarese. Italia.<\/p>\n<p style=\"text-align: justify;\"><strong>Roberto Echen\u00a0<\/strong><\/p>\n<p style=\"text-align: justify;\">Es artista. Profesor Titular de las c\u00e1tedras Teor\u00eda de la Forma, Teor\u00eda del Color y Taller de Pintura I pertenecientes a la carrera de Bellas Artes de la Facultad de Humanidades y Artes UNR. Director del Centro de Estudios en Arte y Contemporaneidad (AC) UNR (<a href=\"http:\/\/arteycontemporaneidad.org\/\" target=\"_blank\" rel=\"noopener noreferrer\">http:\/\/arteycontemporaneidad.org<\/a>). Docente investigador Categor\u00eda 3, UNR. Artista visual y net-artista (<a href=\"http:\/\/www.rechen.com\/\" target=\"_blank\" rel=\"noopener noreferrer\">www.rechen.com<\/a>).<\/p>\n<p style=\"text-align: justify;\">Curador de Artes Visuales del Centro de Expresiones Contempor\u00e1neas (CEC) de Rosario. Director del Departamento de Agenciamientos Art\u00edsticos, Sec. De Cultura de la Municipalidad de Rosario. Curador y posteriormente Director Art\u00edstico del Museo Castagnino+macro entre 2000 y 2010. Autor del libro\u00a0Es contempor\u00e1neo? Ars auro gemmisque prior\u00a0entre otros.<\/p>\n<p style=\"text-align: justify;\"><strong>Pablo Silvestri\u00a0<\/strong><\/p>\n<p style=\"text-align: justify;\">Es Licenciado en Bellas Artes por la Universidad Nacional de Rosario y Dise\u00f1ador Gr\u00e1fico por el Colegio Superior Florentino Ameghino (Santa Fe).\u00a0 Profesor adjunto en las c\u00e1tedras de Taller de Pintura II y Teor\u00eda de la Forma en la UNR. Como artista exhibi\u00f3 sus trabajos en exposiciones individuales y colectivas en distintos Museos y Espacios Culturales del pa\u00eds y del exterior. Rosa Galisteo, Castagnino+Macro, Ita\u00fa Artes Visuales, MALBA, C. C. Recoleta, Bienal de Artes Visuales (Bolivia), Matadero Madrid, Galer\u00eda Municipal de Valpara\u00edso (Chile),\u00a0entre otros.\u00a0Es Secretario de Comunicaci\u00f3n Institucional en la Facultad de Humanidades y Artes (UNR). Se desempe\u00f1a como curador en Galer\u00eda La Toma (Rosario), espacio que dirige y gestiona desde 2012.<\/p>\n<p><em>Facebook Facultad de Artes UNT-Oficial<\/em><br \/>\n<img fetchpriority=\"high\" decoding=\"async\" class=\"aligncenter size-full wp-image-6721\" src=\"https:\/\/grupomontevideo.org\/site\/wp-content\/uploads\/2020\/10\/WhatsApp-Image-2020-10-05-at-9.24.45-PM.jpeg\" alt=\"\" width=\"1063\" height=\"1280\" \/><\/p>\n","protected":false},"excerpt":{"rendered":"<p>Este viernes 9 de octubre a las 17.00h (Argentina). En vivo por Facebook<\/p>\n","protected":false},"author":1,"featured_media":6722,"comment_status":"closed","ping_status":"closed","sticky":false,"template":"","format":"standard","meta":{"footnotes":""},"categories":[48],"tags":[],"class_list":["post-6720","post","type-post","status-publish","format-standard","has-post-thumbnail","hentry","category-archivo-de-noticias"],"wpmagazine_modules_lite_featured_media_urls":{"thumbnail":["https:\/\/grupomontevideo.org\/site\/wp-content\/uploads\/2020\/10\/Pexels.jpeg",150,113,false],"cvmm-medium":["https:\/\/grupomontevideo.org\/site\/wp-content\/uploads\/2020\/10\/Pexels.jpeg",300,225,false],"cvmm-medium-plus":["https:\/\/grupomontevideo.org\/site\/wp-content\/uploads\/2020\/10\/Pexels.jpeg",276,207,false],"cvmm-portrait":["https:\/\/grupomontevideo.org\/site\/wp-content\/uploads\/2020\/10\/Pexels.jpeg",400,300,false],"cvmm-medium-square":["https:\/\/grupomontevideo.org\/site\/wp-content\/uploads\/2020\/10\/Pexels.jpeg",600,450,false],"cvmm-large":["https:\/\/grupomontevideo.org\/site\/wp-content\/uploads\/2020\/10\/Pexels.jpeg",1024,768,false],"cvmm-small":["https:\/\/grupomontevideo.org\/site\/wp-content\/uploads\/2020\/10\/Pexels.jpeg",127,95,false],"full":["https:\/\/grupomontevideo.org\/site\/wp-content\/uploads\/2020\/10\/Pexels.jpeg",1733,1300,false]},"categories_names":{"48":{"name":"Archivo de noticias","link":"https:\/\/grupomontevideo.org\/site\/category\/archivo-de-noticias\/"}},"tags_names":[],"comments_number":"0","_links":{"self":[{"href":"https:\/\/grupomontevideo.org\/site\/wp-json\/wp\/v2\/posts\/6720","targetHints":{"allow":["GET"]}}],"collection":[{"href":"https:\/\/grupomontevideo.org\/site\/wp-json\/wp\/v2\/posts"}],"about":[{"href":"https:\/\/grupomontevideo.org\/site\/wp-json\/wp\/v2\/types\/post"}],"author":[{"embeddable":true,"href":"https:\/\/grupomontevideo.org\/site\/wp-json\/wp\/v2\/users\/1"}],"replies":[{"embeddable":true,"href":"https:\/\/grupomontevideo.org\/site\/wp-json\/wp\/v2\/comments?post=6720"}],"version-history":[{"count":1,"href":"https:\/\/grupomontevideo.org\/site\/wp-json\/wp\/v2\/posts\/6720\/revisions"}],"predecessor-version":[{"id":15506,"href":"https:\/\/grupomontevideo.org\/site\/wp-json\/wp\/v2\/posts\/6720\/revisions\/15506"}],"wp:featuredmedia":[{"embeddable":true,"href":"https:\/\/grupomontevideo.org\/site\/wp-json\/wp\/v2\/media\/6722"}],"wp:attachment":[{"href":"https:\/\/grupomontevideo.org\/site\/wp-json\/wp\/v2\/media?parent=6720"}],"wp:term":[{"taxonomy":"category","embeddable":true,"href":"https:\/\/grupomontevideo.org\/site\/wp-json\/wp\/v2\/categories?post=6720"},{"taxonomy":"post_tag","embeddable":true,"href":"https:\/\/grupomontevideo.org\/site\/wp-json\/wp\/v2\/tags?post=6720"}],"curies":[{"name":"wp","href":"https:\/\/api.w.org\/{rel}","templated":true}]}}