{"id":6714,"date":"2020-10-07T19:02:32","date_gmt":"2020-10-07T19:02:32","guid":{"rendered":"http:\/\/grupomontevideo.org\/sitio\/?post_type=noticias&#038;p=6714"},"modified":"2022-06-22T16:31:52","modified_gmt":"2022-06-22T16:31:52","slug":"musei-sitio-de-memoria-esma-presento-en-augm-su-candidatura-al-patrimonio-mundial-de-la-unesco","status":"publish","type":"post","link":"https:\/\/grupomontevideo.org\/site\/musei-sitio-de-memoria-esma-presento-en-augm-su-candidatura-al-patrimonio-mundial-de-la-unesco\/","title":{"rendered":"Museo Sitio de Memoria ESMA present\u00f3 en AUGM su candidatura al Patrimonio Mundial de la UNESCO"},"content":{"rendered":"<p style=\"text-align: justify;\">Este martes el <strong><a href=\"http:\/\/www.museositioesma.gob.ar\/unesco\/candidatura\/\">Museo Sitio de Memoria ESMA<\/a> de Argentina present\u00f3 ante una veintena de Rectores y Rectoras de la Asociaci\u00f3n de Universidades Grupo Montevideo<\/strong> (AUGM) <strong>su candidatura a la lista del Patrimonio Mundial de la UNESCO<\/strong>, como ex centro de detenci\u00f3n, tortura y exterminio en la \u00fatlima dictadura militar de ese pa\u00eds.<\/p>\n<p style=\"text-align: justify;\"><span style=\"font-weight: 400;\">La delegaci\u00f3n estuvo integrada por <strong>Alejandra Naftal<\/strong>, directora del Museo, <strong>Mauricio Cohen<\/strong>, coordinador General del Plan de Trabajo para la Candidatura, <strong>Mayki Gorocito<\/strong>, coordinadora de Relaciones Internacionales del Plan, y <strong>Paula Sabat\u00e9s<\/strong>, coordinadora de Prensa.\u00a0<\/span><\/p>\n<p style=\"text-align: justify;\"><span style=\"font-weight: 400;\">En la presentaci\u00f3n, que comenz\u00f3 al t\u00e9rmino de la sesi\u00f3n del Consejo Consultivo de Rectores y Rectores de AUGM, Cohen explic\u00f3 que esta postulaci\u00f3n tiene como objetivo dar visibilidad internacional a los cr\u00edmenes de lesa humanidad cometidos por la dictadura c\u00edvico-militar que gobern\u00f3 Argentina entre 1976 y 1983, y al proceso de justicia ejemplar logrado gracias a la lucha encabezada por los organismos de Derechos Humanos.<\/span><\/p>\n<p><img fetchpriority=\"high\" decoding=\"async\" class=\"aligncenter wp-image-6715\" src=\"https:\/\/grupomontevideo.org\/site\/wp-content\/uploads\/2020\/10\/PresentacionESMA-Sitio-de-la-Memoria7.png\" alt=\"\" width=\"575\" height=\"329\" \/><\/p>\n<p style=\"text-align: justify;\"><span style=\"font-weight: 400;\">En ese sentido a\u00f1adi\u00f3 que la estrategia del Museo est\u00e1 sostenida en <strong>dos valores universales excepcionales<\/strong>: que la desaparici\u00f3n forzada de personas fue un mecanismo para el terrorismo de Estado y en la necesidad de alcanzar consensos sociales sobre estos hechos para lograr justicia.\u00a0<\/span><\/p>\n<p style=\"text-align: justify;\"><span style=\"font-weight: 400;\">Desde ah\u00ed se construy\u00f3 el eslogan que encabeza esta campa\u00f1a: \u201cMemoria Argentina para el mundo\u201d. Gorocito, por su parte, detall\u00f3 que en esta estrategia son fundamentales los apoyos internacionales y las acciones en favor de la candidatura, as\u00ed como lograr v\u00ednculos con representantes diplom\u00e1ticos y organismos y redes internacionales.\u00a0<\/span><\/p>\n<p style=\"text-align: justify;\"><span style=\"font-weight: 400;\">\u201c<em>Esto (la presentaci\u00f3n en AUGM) no solo es un beneficio para el Museo, sino que esta visualizaci\u00f3n interna implica profundizar la problem\u00e1tica en pa\u00edses con experiencias similares e interconectadas<\/em>\u201d, dijo por su parte Naftal, y agreg\u00f3: \u201c<strong><em>Nuestra historia es para seguir construyendo presente, para construir sociedades m\u00e1s democr\u00e1ticas<\/em><\/strong>\u201d.\u00a0<\/span><\/p>\n<p><span style=\"font-weight: 400;\">Luego de la presentaci\u00f3n, varios Rectores de la red reaccionaron positivamente al relato. \u201c<em>En nombre de la AUGM agradecemos la presentaci\u00f3n y motivamos a que nos involucren en la estrategia. Trabajaremos desde dentro de la AUGM para alcanzar los consensos necesarios<\/em>\u201d, dijo al final <strong>Enrique Mammarella<\/strong>, rector de la Universidad Nacional del Litoral y presidente de la red.\u00a0<\/span><br \/>\n<iframe src=\"https:\/\/www.youtube.com\/embed\/qZlY6WgQ0RM\" width=\"600\" height=\"384\" frameborder=\"0\" allowfullscreen=\"allowfullscreen\"><span data-mce-type=\"bookmark\" style=\"display: inline-block; width: 0px; overflow: hidden; line-height: 0;\" class=\"mce_SELRES_start\">\ufeff<\/span><\/iframe><\/p>\n","protected":false},"excerpt":{"rendered":"<p>Este martes 6 de octubre al t\u00e9rmino del Consejo Consultivo de Rectores d AUGM <\/p>\n","protected":false},"author":1,"featured_media":6718,"comment_status":"closed","ping_status":"closed","sticky":false,"template":"","format":"standard","meta":{"footnotes":""},"categories":[48],"tags":[],"class_list":["post-6714","post","type-post","status-publish","format-standard","has-post-thumbnail","hentry","category-archivo-de-noticias"],"wpmagazine_modules_lite_featured_media_urls":{"thumbnail":["https:\/\/grupomontevideo.org\/site\/wp-content\/uploads\/2020\/10\/PresentacionESMA-Sitio-de-la-Memoria4.png",150,77,false],"cvmm-medium":["https:\/\/grupomontevideo.org\/site\/wp-content\/uploads\/2020\/10\/PresentacionESMA-Sitio-de-la-Memoria4.png",300,155,false],"cvmm-medium-plus":["https:\/\/grupomontevideo.org\/site\/wp-content\/uploads\/2020\/10\/PresentacionESMA-Sitio-de-la-Memoria4.png",305,158,false],"cvmm-portrait":["https:\/\/grupomontevideo.org\/site\/wp-content\/uploads\/2020\/10\/PresentacionESMA-Sitio-de-la-Memoria4.png",400,207,false],"cvmm-medium-square":["https:\/\/grupomontevideo.org\/site\/wp-content\/uploads\/2020\/10\/PresentacionESMA-Sitio-de-la-Memoria4.png",600,310,false],"cvmm-large":["https:\/\/grupomontevideo.org\/site\/wp-content\/uploads\/2020\/10\/PresentacionESMA-Sitio-de-la-Memoria4.png",1024,529,false],"cvmm-small":["https:\/\/grupomontevideo.org\/site\/wp-content\/uploads\/2020\/10\/PresentacionESMA-Sitio-de-la-Memoria4.png",130,67,false],"full":["https:\/\/grupomontevideo.org\/site\/wp-content\/uploads\/2020\/10\/PresentacionESMA-Sitio-de-la-Memoria4.png",1332,688,false]},"categories_names":{"48":{"name":"Archivo de noticias","link":"https:\/\/grupomontevideo.org\/site\/category\/archivo-de-noticias\/"}},"tags_names":[],"comments_number":"0","_links":{"self":[{"href":"https:\/\/grupomontevideo.org\/site\/wp-json\/wp\/v2\/posts\/6714","targetHints":{"allow":["GET"]}}],"collection":[{"href":"https:\/\/grupomontevideo.org\/site\/wp-json\/wp\/v2\/posts"}],"about":[{"href":"https:\/\/grupomontevideo.org\/site\/wp-json\/wp\/v2\/types\/post"}],"author":[{"embeddable":true,"href":"https:\/\/grupomontevideo.org\/site\/wp-json\/wp\/v2\/users\/1"}],"replies":[{"embeddable":true,"href":"https:\/\/grupomontevideo.org\/site\/wp-json\/wp\/v2\/comments?post=6714"}],"version-history":[{"count":1,"href":"https:\/\/grupomontevideo.org\/site\/wp-json\/wp\/v2\/posts\/6714\/revisions"}],"predecessor-version":[{"id":15508,"href":"https:\/\/grupomontevideo.org\/site\/wp-json\/wp\/v2\/posts\/6714\/revisions\/15508"}],"wp:featuredmedia":[{"embeddable":true,"href":"https:\/\/grupomontevideo.org\/site\/wp-json\/wp\/v2\/media\/6718"}],"wp:attachment":[{"href":"https:\/\/grupomontevideo.org\/site\/wp-json\/wp\/v2\/media?parent=6714"}],"wp:term":[{"taxonomy":"category","embeddable":true,"href":"https:\/\/grupomontevideo.org\/site\/wp-json\/wp\/v2\/categories?post=6714"},{"taxonomy":"post_tag","embeddable":true,"href":"https:\/\/grupomontevideo.org\/site\/wp-json\/wp\/v2\/tags?post=6714"}],"curies":[{"name":"wp","href":"https:\/\/api.w.org\/{rel}","templated":true}]}}