{"id":6646,"date":"2020-09-16T20:02:45","date_gmt":"2020-09-16T20:02:45","guid":{"rendered":"http:\/\/grupomontevideo.org\/sitio\/?post_type=noticias&#038;p=6646"},"modified":"2022-06-22T16:31:56","modified_gmt":"2022-06-22T16:31:56","slug":"comunicado-de-augm-ante-la-designacion-del-rector-de-la-universidade-federal-do-rio-grande-do-sul","status":"publish","type":"post","link":"https:\/\/grupomontevideo.org\/site\/comunicado-de-augm-ante-la-designacion-del-rector-de-la-universidade-federal-do-rio-grande-do-sul\/","title":{"rendered":"Comunicado de AUGM ante la designaci\u00f3n del Rector de la Universidade Federal do Rio Grande do Sul"},"content":{"rendered":"<p style=\"text-align: justify;\"><strong>A la comunidad universitaria de AUGM, de Am\u00e9rica Latina y Caribe y del mundo todo:<\/strong><\/p>\n<p style=\"text-align: justify;\">Desde la AUGM defendemos a la autonom\u00eda universitaria en su m\u00e1xima expresi\u00f3n, como el modelo de universidad p\u00fablica que desde hace m\u00e1s de 100 a\u00f1os ha permitido generar educaci\u00f3n de calidad con pertinencia e inclusi\u00f3n social. Esa autonom\u00eda excede la esfera acad\u00e9mica e incluye la posibilidad de que sean los claustros universitarios los que elijan a quienes conducir\u00e1n la Instituci\u00f3n.<\/p>\n<p style=\"text-align: justify;\">En el d\u00eda de la fecha nos encontramos con la publicaci\u00f3n en el Bolet\u00edn Oficial de la Rep\u00fablica Federativa de Brasil del decreto del Presidente Jair Bolsonaro de 15 de setiembre de 2020, designando Rector de la Universidade Federal do Rio Grande do Sul (UFRGS) a quien, sin perjuicio de las calidades personales que pueda ostentar, no obtuvo el mayor apoyo de la comunidad de UFRGS para conducir la Universidad.<\/p>\n<p style=\"text-align: justify;\">Tal circunstancia aparece como una afrenta a las manifestaciones libres y democr\u00e1ticas de la comunidad universitaria de dicha instituci\u00f3n, una deslegitimaci\u00f3n de la nueva conducci\u00f3n de la misma, y un claro atropello a la autonom\u00eda universitaria constitucionalmente reconocida. El proceso de designaci\u00f3n de las rector\u00edas universitarias de las Universidades Federales brasile\u00f1as, contempla la amplia participaci\u00f3n y la manifestaci\u00f3n de quienes les compete definir su autoridad rectoral, cuesti\u00f3n que en la UFRGS fue especialmente considerada y participativa, y con expresiones mayoritarias claras y contundentes.<\/p>\n<p style=\"text-align: justify;\">La AUGM ratifica el derecho de las comunidades de cada universidad miembro para designar sus autoridades como pilar b\u00e1sico de la Autonom\u00eda Universitaria y manifiesta la ferviente oposici\u00f3n a cualquier proceder de los \u00e1mbitos gubernamentales que avasalle la voluntad popular de las comunidades universitarias<\/p>\n<p>ENIQUE J. MAMMARELLA<br \/>\nPRESIDENTE<br \/>\nSANDRA GOULART ALMEIDA<br \/>\nVICEPRESIDENTA<\/p>\n<hr \/>\n<p style=\"text-align: center;\"><a href=\"https:\/\/grupomontevideo.org\/site\/wp-content\/uploads\/2020\/09\/DES-RECTOR-UFRGS-1.pdf\">Ver comunicado en PDF<\/a><\/p>\n<hr \/>\n<p style=\"text-align: center;\">\n","protected":false},"excerpt":{"rendered":"<p>En defensa de la autonom\u00eda universitaria <\/p>\n","protected":false},"author":1,"featured_media":6259,"comment_status":"closed","ping_status":"closed","sticky":false,"template":"","format":"standard","meta":{"footnotes":""},"categories":[48],"tags":[],"class_list":["post-6646","post","type-post","status-publish","format-standard","has-post-thumbnail","hentry","category-archivo-de-noticias"],"wpmagazine_modules_lite_featured_media_urls":{"thumbnail":["https:\/\/grupomontevideo.org\/site\/wp-content\/uploads\/2020\/06\/Logo-AUGM-cortado.jpeg",150,92,false],"cvmm-medium":["https:\/\/grupomontevideo.org\/site\/wp-content\/uploads\/2020\/06\/Logo-AUGM-cortado.jpeg",286,176,false],"cvmm-medium-plus":["https:\/\/grupomontevideo.org\/site\/wp-content\/uploads\/2020\/06\/Logo-AUGM-cortado.jpeg",286,176,false],"cvmm-portrait":["https:\/\/grupomontevideo.org\/site\/wp-content\/uploads\/2020\/06\/Logo-AUGM-cortado.jpeg",286,176,false],"cvmm-medium-square":["https:\/\/grupomontevideo.org\/site\/wp-content\/uploads\/2020\/06\/Logo-AUGM-cortado.jpeg",286,176,false],"cvmm-large":["https:\/\/grupomontevideo.org\/site\/wp-content\/uploads\/2020\/06\/Logo-AUGM-cortado.jpeg",286,176,false],"cvmm-small":["https:\/\/grupomontevideo.org\/site\/wp-content\/uploads\/2020\/06\/Logo-AUGM-cortado.jpeg",130,80,false],"full":["https:\/\/grupomontevideo.org\/site\/wp-content\/uploads\/2020\/06\/Logo-AUGM-cortado.jpeg",286,176,false]},"categories_names":{"48":{"name":"Archivo de noticias","link":"https:\/\/grupomontevideo.org\/site\/category\/archivo-de-noticias\/"}},"tags_names":[],"comments_number":"0","_links":{"self":[{"href":"https:\/\/grupomontevideo.org\/site\/wp-json\/wp\/v2\/posts\/6646","targetHints":{"allow":["GET"]}}],"collection":[{"href":"https:\/\/grupomontevideo.org\/site\/wp-json\/wp\/v2\/posts"}],"about":[{"href":"https:\/\/grupomontevideo.org\/site\/wp-json\/wp\/v2\/types\/post"}],"author":[{"embeddable":true,"href":"https:\/\/grupomontevideo.org\/site\/wp-json\/wp\/v2\/users\/1"}],"replies":[{"embeddable":true,"href":"https:\/\/grupomontevideo.org\/site\/wp-json\/wp\/v2\/comments?post=6646"}],"version-history":[{"count":1,"href":"https:\/\/grupomontevideo.org\/site\/wp-json\/wp\/v2\/posts\/6646\/revisions"}],"predecessor-version":[{"id":15521,"href":"https:\/\/grupomontevideo.org\/site\/wp-json\/wp\/v2\/posts\/6646\/revisions\/15521"}],"wp:featuredmedia":[{"embeddable":true,"href":"https:\/\/grupomontevideo.org\/site\/wp-json\/wp\/v2\/media\/6259"}],"wp:attachment":[{"href":"https:\/\/grupomontevideo.org\/site\/wp-json\/wp\/v2\/media?parent=6646"}],"wp:term":[{"taxonomy":"category","embeddable":true,"href":"https:\/\/grupomontevideo.org\/site\/wp-json\/wp\/v2\/categories?post=6646"},{"taxonomy":"post_tag","embeddable":true,"href":"https:\/\/grupomontevideo.org\/site\/wp-json\/wp\/v2\/tags?post=6646"}],"curies":[{"name":"wp","href":"https:\/\/api.w.org\/{rel}","templated":true}]}}