{"id":6609,"date":"2020-09-08T11:39:37","date_gmt":"2020-09-08T11:39:37","guid":{"rendered":"http:\/\/grupomontevideo.org\/sitio\/?post_type=noticias&#038;p=6609"},"modified":"2022-06-22T16:33:55","modified_gmt":"2022-06-22T16:33:55","slug":"augm-creo-espacio-regional-de-trabajo-y-discusion-sobre-las-revistas-de-extension-universitaria","status":"publish","type":"post","link":"https:\/\/grupomontevideo.org\/site\/augm-creo-espacio-regional-de-trabajo-y-discusion-sobre-las-revistas-de-extension-universitaria\/","title":{"rendered":"AUGM cre\u00f3 espacio regional de trabajo y discusi\u00f3n sobre las revistas de extensi\u00f3n universitaria"},"content":{"rendered":"<p style=\"text-align: justify;\">La C<strong>omisi\u00f3n Permanente de Extensi\u00f3n Universitaria de la Asociaci\u00f3n de Universidades Grupo Montevideo (AUGM) cre\u00f3 la Red de Revistas de Extensi\u00f3n AUGM (REDREU)<\/strong>, una iniciativa que busca proporcionar <strong>un espacio de trabajo y discusi\u00f3n sobre los horizontes que enfrentan las revistas peri\u00f3dicas de extensi\u00f3n<\/strong>, tanto dentro del propio campo de la extensi\u00f3n como en relaci\u00f3n con las problem\u00e1ticas que atraviesan a las revistas cient\u00edficas a nivel global.<\/p>\n<p style=\"text-align: justify;\">La propuesta fue aprobada el pasado 31 de agosto durante la reuni\u00f3n de la Comisi\u00f3n y tiene su g\u00e9nesis en el marco del<strong> I Encuentro de Editores de Revistas de Extensi\u00f3n<\/strong> realizado en el <a href=\"http:\/\/grupomontevideo.org\/sitio\/noticias\/augm-inauguro-iii-congreso-de-extension-universitaria\/\">III Congreso de Extensi\u00f3n de AUGM<\/a> en la Universidad Nacional del Litoral (noviembre de 2017), cuya segunda edici\u00f3n debi\u00f3 ser suspendida ante la situaci\u00f3n de pandemia en la regi\u00f3n.<\/p>\n<p style=\"text-align: justify;\"><span style=\"font-weight: 400;\"><strong>La REDREU tiene como objetivo incentivar las discusiones en torno a los desaf\u00edos y tensiones que atraviesan a las revistas peri\u00f3dicas en el mundo digital<\/strong> y en cuanto a los requerimientos de los \u00edndices internacionales, as\u00ed como<strong> visibilizar y poner en valor la diversidad de publicaciones peri\u00f3dicas universitarias<\/strong> existentes en extensi\u00f3n universitaria.\u00a0\u00a0<\/span><\/p>\n<p style=\"text-align: justify;\"><span style=\"font-weight: 400;\">Tambi\u00e9n busca <strong>consolidar los equipos editoriales a trav\u00e9s de instancias de capacitaci\u00f3n sobre las distintas aristas que hacen al proceso editorial<\/strong>, a fin de fortalecer las capacidades t\u00e9cnicas y de gesti\u00f3n, y <strong>construir estrategias de cooperaci\u00f3n de las revistas a partir de identificar problem\u00e1ticas comunes<\/strong> y promover Encuentros de Equipos Editoriales de Revistas de Extensi\u00f3n Universitaria en el \u00e1mbito de los Congresos bianuales de AUGM.\u00a0<\/span><\/p>\n<p style=\"text-align: justify;\"><span style=\"font-weight: 400;\">Podr\u00e1n participar de este espacio todos los editores de las revistas acad\u00e9micas peri\u00f3dicas de extensi\u00f3n que est\u00e9n activas procedentes de universidades o instituciones de educaci\u00f3n superior de cualquier pa\u00eds de la regi\u00f3n.\u00a0<\/span><\/p>\n<p style=\"text-align: justify;\"><span style=\"font-weight: 400;\">Deber\u00e1n ser editores (o responsables de los contenidos de la publicaci\u00f3n) de revistas cient\u00edficas peri\u00f3dicas (aquellas que est\u00e1n incluidas en cat\u00e1logos internacionales) o acad\u00e9micas (que cuenten con ISSN, cuiden la calidad de los textos y tengan art\u00edculos procedentes de autores de universidades diferentes de la filial editora). Los editores pueden pertenecer a revistas editadas desde las Secretar\u00edas de Extensi\u00f3n de Rectorado 3 o a las publicadas por las unidades acad\u00e9micas.<\/span><\/p>\n<p style=\"text-align: justify;\"><span style=\"font-weight: 400;\">En virtud de los objetivos espec\u00edficos que tiene la Red, no se incluir\u00e1n en estos espacios las <\/span><span style=\"font-weight: 400;\">revistas peri\u00f3dicas que solo apuntan a la divulgaci\u00f3n de actividades de extensi\u00f3n propias de la universidad de origen ni aquellas cuyos art\u00edculos no sean revisados por alg\u00fan mecanismo de evaluaci\u00f3n externa.<\/span><\/p>\n<hr \/>\n<p style=\"text-align: justify;\"><strong>El editor o responsable editorial deber\u00e1 expresar su intenci\u00f3n de participar mediante el env\u00edon del siguiente formulario:<\/strong> <a href=\"https:\/\/bit.ly\/2E3UGth\">https:\/\/bit.ly\/2E3UGth\u00e7<\/a><\/p>\n<hr \/>\n<p style=\"text-align: justify;\">La REDREU se enmarca en la visi\u00f3n y misi\u00f3n del Plan Estrat\u00e9gico de AUGM dond se apunta a \u201c<em>impulsar procesos de integraci\u00f3n participativa y plural, a trav\u00e9s de la creaci\u00f3n de un espacio acad\u00e9mico com\u00fan ampliado, en base a la cooperaci\u00f3n cient\u00edfica, tecnol\u00f3gica, educativa y cultural entre todos sus Miembros<\/em>\u201d.<\/p>\n<p style=\"text-align: justify;\">En este sentido, la Red tambi\u00e9n establece sinergias con el objetivo de este documento que se expresa respecto a \u201c<em>consolidar la participaci\u00f3n en el debate continental del futuro de la educaci\u00f3n superior, propulsando las transformaciones necesarias para lograr una educaci\u00f3n de equidad y de amplio acceso, contribuyendo significativamente con los cambios sociales y productivos superadores de las desigualdades y las asimetr\u00edas que caracterizan a la regi\u00f3n<\/em>\u201d.<\/p>\n","protected":false},"excerpt":{"rendered":"<p>La Comisi\u00f3n Permanente de Extensi\u00f3n Universitaria aprob\u00f3 la propuesta el pasado 31\/8<\/p>\n","protected":false},"author":1,"featured_media":6610,"comment_status":"closed","ping_status":"closed","sticky":false,"template":"","format":"standard","meta":{"footnotes":""},"categories":[48],"tags":[],"class_list":["post-6609","post","type-post","status-publish","format-standard","has-post-thumbnail","hentry","category-archivo-de-noticias"],"wpmagazine_modules_lite_featured_media_urls":{"thumbnail":["https:\/\/grupomontevideo.org\/site\/wp-content\/uploads\/2020\/09\/REDREU.jpeg",150,150,false],"cvmm-medium":["https:\/\/grupomontevideo.org\/site\/wp-content\/uploads\/2020\/09\/REDREU.jpeg",300,300,false],"cvmm-medium-plus":["https:\/\/grupomontevideo.org\/site\/wp-content\/uploads\/2020\/09\/REDREU.jpeg",207,207,false],"cvmm-portrait":["https:\/\/grupomontevideo.org\/site\/wp-content\/uploads\/2020\/09\/REDREU.jpeg",400,400,false],"cvmm-medium-square":["https:\/\/grupomontevideo.org\/site\/wp-content\/uploads\/2020\/09\/REDREU.jpeg",600,600,false],"cvmm-large":["https:\/\/grupomontevideo.org\/site\/wp-content\/uploads\/2020\/09\/REDREU.jpeg",960,960,false],"cvmm-small":["https:\/\/grupomontevideo.org\/site\/wp-content\/uploads\/2020\/09\/REDREU.jpeg",95,95,false],"full":["https:\/\/grupomontevideo.org\/site\/wp-content\/uploads\/2020\/09\/REDREU.jpeg",960,960,false]},"categories_names":{"48":{"name":"Archivo de noticias","link":"https:\/\/grupomontevideo.org\/site\/category\/archivo-de-noticias\/"}},"tags_names":[],"comments_number":"0","_links":{"self":[{"href":"https:\/\/grupomontevideo.org\/site\/wp-json\/wp\/v2\/posts\/6609","targetHints":{"allow":["GET"]}}],"collection":[{"href":"https:\/\/grupomontevideo.org\/site\/wp-json\/wp\/v2\/posts"}],"about":[{"href":"https:\/\/grupomontevideo.org\/site\/wp-json\/wp\/v2\/types\/post"}],"author":[{"embeddable":true,"href":"https:\/\/grupomontevideo.org\/site\/wp-json\/wp\/v2\/users\/1"}],"replies":[{"embeddable":true,"href":"https:\/\/grupomontevideo.org\/site\/wp-json\/wp\/v2\/comments?post=6609"}],"version-history":[{"count":1,"href":"https:\/\/grupomontevideo.org\/site\/wp-json\/wp\/v2\/posts\/6609\/revisions"}],"predecessor-version":[{"id":15531,"href":"https:\/\/grupomontevideo.org\/site\/wp-json\/wp\/v2\/posts\/6609\/revisions\/15531"}],"wp:featuredmedia":[{"embeddable":true,"href":"https:\/\/grupomontevideo.org\/site\/wp-json\/wp\/v2\/media\/6610"}],"wp:attachment":[{"href":"https:\/\/grupomontevideo.org\/site\/wp-json\/wp\/v2\/media?parent=6609"}],"wp:term":[{"taxonomy":"category","embeddable":true,"href":"https:\/\/grupomontevideo.org\/site\/wp-json\/wp\/v2\/categories?post=6609"},{"taxonomy":"post_tag","embeddable":true,"href":"https:\/\/grupomontevideo.org\/site\/wp-json\/wp\/v2\/tags?post=6609"}],"curies":[{"name":"wp","href":"https:\/\/api.w.org\/{rel}","templated":true}]}}