{"id":6592,"date":"2020-09-03T16:32:35","date_gmt":"2020-09-03T16:32:35","guid":{"rendered":"http:\/\/grupomontevideo.org\/sitio\/?post_type=noticias&#038;p=6592"},"modified":"2022-06-22T16:33:56","modified_gmt":"2022-06-22T16:33:56","slug":"en-augm-debatiremos-sobre-derechos-humanos-y-pandemia","status":"publish","type":"post","link":"https:\/\/grupomontevideo.org\/site\/en-augm-debatiremos-sobre-derechos-humanos-y-pandemia\/","title":{"rendered":"En AUGM debatiremos sobre derechos humanos y pandemia"},"content":{"rendered":"<p style=\"text-align: justify;\">Ante los efectos duraderos y ciertamente desiguales que tiene y tendr\u00e1 la pandemia de COVID -19, la Asociaci\u00f3n de Universidades Grupo Montevideo llevar\u00e1 adelante el <strong>I Encuentro de la C\u00e1tedra de Derechos Humanos<\/strong>, que tendr\u00e1 lugar el<strong> pr\u00f3ximo 10 de septiembre<\/strong> de forma virtual.<\/p>\n<p style=\"text-align: justify;\">En Am\u00e9rica Latina, hist\u00f3ricamente marcada por grandes distancias sociales, la crisis actual anuncia un escenario sombr\u00edo. La crisis de salud, el aumento de la concentraci\u00f3n de ingresos, la degradaci\u00f3n ambiental, el conservadurismo pol\u00edtico y la precariedad laboral anuncian la posibilidad de retrocesos a\u00fan mayores en el campo de los derechos humanos.<\/p>\n<p style=\"text-align: justify;\"><span style=\"font-weight: 400;\">En este marco, e<strong>l I Encuentro de la C\u00e1tedra de Derechos Humanos de\u00a0 AUGM re\u00fane a acad\u00e9micos, pensadores y l\u00edderes sociales de Brasil, Argentina, Chile y Uruguay<\/strong> para diagnosticar las pol\u00edticas p\u00fablicas y la situaci\u00f3n de vulnerabilidad humana en la regi\u00f3n.<\/span><\/p>\n<p style=\"text-align: justify;\"><strong>Las inscripciones se realizan del 01\/09\/2020 a 10\/09\/2020 y el evento ser\u00e1 transmitido por este <a href=\"https:\/\/bit.ly\/350TFh6\">enlace<\/a> a partir de las 10:00 am (Hora de Brasilia).<\/strong><\/p>\n<p><em>Para tener derecho al Certificado, es necesario registrarse con antelaci\u00f3n.<\/em><\/p>\n<hr \/>\n<p style=\"text-align: center;\"><strong><a href=\"https:\/\/sistemas.proec.unicamp.br\/admin\/inscritos\/novo\/443\">Formulario de inscripci\u00f3n<\/a> \/\u00a0 <a href=\"https:\/\/sistemas.proec.unicamp.br\/admin\/inscritos\/novo\/443\">Formul\u00e1rio de inscri\u00e7\u00e3o<\/a><\/strong><\/p>\n<hr \/>\n<p><span style=\"font-weight: 400;\"><strong>PROGRAMACI\u00d3N<\/strong><br \/>\n<\/span><span style=\"font-weight: 400;\">Apertura \u2013 10h-10:15hs (hora de Bras\u00edlia)<\/span><br \/>\n<strong>N\u00e9ri de Barros Almeida<br \/>\nDiretora Ejecutiva de Derechos Humanos &#8211; Universidade Estadual de Campinas\/Brasil<\/strong><br \/>\n<strong>Fernando Hashimoto<br \/>\nPro rector de Extensi\u00f3n \u2013 Universidade Estadual de Campinas\/Brasil<\/strong><br \/>\n<strong>Enrique Mamarella<br \/>\nPresidente de AUGM &#8211; Rector de Universidad Nacional del Litoral\/Argentina<\/strong><\/p>\n<hr \/>\n<p><strong>Mesa 1 \u2013 10:15h-12:15h (hora de Bras\u00edlia)<br \/>\n<em>Pol\u00edticas p\u00fablicas desde la experiencia de la pandemia<\/em><\/strong><br \/>\n<span style=\"font-weight: 400;\"><strong>Moderadora: Claudia Mayorga<\/strong> (Pro rectora de Extensi\u00f3n Universit\u00e1ria, Universidade Federal de Minas Gerais\/Brasil)<\/span><br \/>\n<span style=\"font-weight: 400;\"><strong>Claudio Nash<\/strong><br \/>\n<\/span><span style=\"font-weight: 400;\">Diretor del Observat\u00f3rio de Derechos Humanos &#8211; Universidad de Chile<\/span><br \/>\n<em><span style=\"font-weight: 400;\">Pol\u00edticas p\u00fablicas y pandemia. Est\u00e1ndares Interamericanos<\/span><\/em><br \/>\n<span style=\"font-weight: 400;\"><strong>Dirceu Greco<\/strong><br \/>\n<\/span><span style=\"font-weight: 400;\">Presidente da Sociedade Brasileira de Bio\u00e9tica &#8211; Universidade Federal de Minas Gerais\/Brasil<\/span><br \/>\n<em><span style=\"font-weight: 400;\">Bio\u00e9tica y derechos humanos: el papel ejemplar del Sistema \u00danico de Salud (SUS) en el acceso equitativo a la atenci\u00f3n integral de salud en Brasil, durante y despu\u00e9s de la pandemia.<\/span><\/em><br \/>\n<span style=\"font-weight: 400;\"><strong>Gregory Randall<\/strong><br \/>\n<\/span><span style=\"font-weight: 400;\">Instituto de Ingenier\u00eda El\u00e9ctrica &#8211; Universidad de la Rep\u00fablica\/Uruguay<\/span><br \/>\n<em><span style=\"font-weight: 400;\">La Universidad de la Rep\u00fablica en tiempos de pandemia: desaf\u00edos y oportunidades<\/span><\/em><\/p>\n<hr \/>\n<p><strong>Mesa 2\u2013 15h-17h (hora de Bras\u00edlia)<br \/>\n<em>Grupos vulnerables ante la pandemia<\/em><\/strong><br \/>\n<span style=\"font-weight: 400;\">Moderadora: <strong>Mariana Gozalez Guyer<\/strong> (Pro rectora de Extensi\u00f3n Universitaria, Universidad de la Republica\/Uruguay)<\/span><br \/>\n<span style=\"font-weight: 400;\"><strong>Paula Spina<\/strong><br \/>\n<\/span><span style=\"font-weight: 400;\">Observatorio de Viol\u00eancia de G\u00eanero \u2013 Universidad Nacional\u00a0 del Litoral\/Argentina<\/span><br \/>\n<span style=\"font-weight: 400;\">\u00bfCu\u00e1les son esas vidas aislables?: covid \u2013 19, cuarentena\u00a0 y las desigualdades y violencias por motivos de g\u00e9nero en la regi\u00f3n<\/span><br \/>\n&nbsp;<br \/>\n<strong>Rubens Bedrikow<br \/>\n<\/strong><span style=\"font-weight: 400;\">Facultad de Ci\u00eancias M\u00e9dicas -Universidade Estadual de Campinas\/Brasil<\/span><br \/>\n<em><span style=\"font-weight: 400;\">La universidad y la poblaci\u00f3n de ocupaci\u00f3n urbana: una cuesti\u00f3n de derechos humanos<\/span><\/em><br \/>\n&nbsp;<br \/>\n<strong>Sandra Leopold<br \/>\n<\/strong><span style=\"font-weight: 400;\">Universidad de la Republica\/Uruguay<\/span><br \/>\n<em><span style=\"font-weight: 400;\">Personas en situaci\u00f3n de calle en Uruguay: reflexiones a partir de una experiencia de extensi\u00f3n universitaria en curso<\/span><\/em><\/p>\n","protected":false},"excerpt":{"rendered":"<p>Inscribite al evento que se trasmitir\u00e1 por YouTube. Se emitir\u00e1 certificado <\/p>\n","protected":false},"author":1,"featured_media":6593,"comment_status":"closed","ping_status":"closed","sticky":false,"template":"","format":"standard","meta":{"footnotes":""},"categories":[48],"tags":[],"class_list":["post-6592","post","type-post","status-publish","format-standard","has-post-thumbnail","hentry","category-archivo-de-noticias"],"wpmagazine_modules_lite_featured_media_urls":{"thumbnail":["https:\/\/grupomontevideo.org\/site\/wp-content\/uploads\/2020\/09\/1-Encontro-DDHH.jpg",150,127,false],"cvmm-medium":["https:\/\/grupomontevideo.org\/site\/wp-content\/uploads\/2020\/09\/1-Encontro-DDHH.jpg",300,253,false],"cvmm-medium-plus":["https:\/\/grupomontevideo.org\/site\/wp-content\/uploads\/2020\/09\/1-Encontro-DDHH.jpg",245,207,false],"cvmm-portrait":["https:\/\/grupomontevideo.org\/site\/wp-content\/uploads\/2020\/09\/1-Encontro-DDHH.jpg",400,338,false],"cvmm-medium-square":["https:\/\/grupomontevideo.org\/site\/wp-content\/uploads\/2020\/09\/1-Encontro-DDHH.jpg",576,486,false],"cvmm-large":["https:\/\/grupomontevideo.org\/site\/wp-content\/uploads\/2020\/09\/1-Encontro-DDHH.jpg",576,486,false],"cvmm-small":["https:\/\/grupomontevideo.org\/site\/wp-content\/uploads\/2020\/09\/1-Encontro-DDHH.jpg",113,95,false],"full":["https:\/\/grupomontevideo.org\/site\/wp-content\/uploads\/2020\/09\/1-Encontro-DDHH.jpg",576,486,false]},"categories_names":{"48":{"name":"Archivo de noticias","link":"https:\/\/grupomontevideo.org\/site\/category\/archivo-de-noticias\/"}},"tags_names":[],"comments_number":"0","_links":{"self":[{"href":"https:\/\/grupomontevideo.org\/site\/wp-json\/wp\/v2\/posts\/6592","targetHints":{"allow":["GET"]}}],"collection":[{"href":"https:\/\/grupomontevideo.org\/site\/wp-json\/wp\/v2\/posts"}],"about":[{"href":"https:\/\/grupomontevideo.org\/site\/wp-json\/wp\/v2\/types\/post"}],"author":[{"embeddable":true,"href":"https:\/\/grupomontevideo.org\/site\/wp-json\/wp\/v2\/users\/1"}],"replies":[{"embeddable":true,"href":"https:\/\/grupomontevideo.org\/site\/wp-json\/wp\/v2\/comments?post=6592"}],"version-history":[{"count":1,"href":"https:\/\/grupomontevideo.org\/site\/wp-json\/wp\/v2\/posts\/6592\/revisions"}],"predecessor-version":[{"id":15532,"href":"https:\/\/grupomontevideo.org\/site\/wp-json\/wp\/v2\/posts\/6592\/revisions\/15532"}],"wp:featuredmedia":[{"embeddable":true,"href":"https:\/\/grupomontevideo.org\/site\/wp-json\/wp\/v2\/media\/6593"}],"wp:attachment":[{"href":"https:\/\/grupomontevideo.org\/site\/wp-json\/wp\/v2\/media?parent=6592"}],"wp:term":[{"taxonomy":"category","embeddable":true,"href":"https:\/\/grupomontevideo.org\/site\/wp-json\/wp\/v2\/categories?post=6592"},{"taxonomy":"post_tag","embeddable":true,"href":"https:\/\/grupomontevideo.org\/site\/wp-json\/wp\/v2\/tags?post=6592"}],"curies":[{"name":"wp","href":"https:\/\/api.w.org\/{rel}","templated":true}]}}