{"id":6487,"date":"2020-08-20T13:40:28","date_gmt":"2020-08-20T13:40:28","guid":{"rendered":"http:\/\/grupomontevideo.org\/sitio\/?post_type=noticias&#038;p=6487"},"modified":"2022-06-22T16:33:57","modified_gmt":"2022-06-22T16:33:57","slug":"convocatoria-de-la-facultad-de-ciencias-veterinarias-de-la-unl","status":"publish","type":"post","link":"https:\/\/grupomontevideo.org\/site\/convocatoria-de-la-facultad-de-ciencias-veterinarias-de-la-unl\/","title":{"rendered":"Convocatoria de la Facultad de Ciencias Veterinarias de la UNL"},"content":{"rendered":"<p style=\"text-align: justify;\">La <strong>Facultad de Ciencias Veterinarias de la Universidad Nacional del Litoral (Argentina) invita a participar de la VIII Jornada de Difusi\u00f3n de la Investigaci\u00f3n y Extensi\u00f3n \u2013 edici\u00f3n 2020<\/strong>, que tiene como objetivo reunir a la comunidad universitaria de Facultades de Ciencias Veterinarias e instituciones a\ufb01nes, para <strong>compartir y poner en com\u00fan las acciones que cada equipo docente lleva adelante en Investigaci\u00f3n y\/o Extensi\u00f3n<\/strong>, presentando los resultados de trabajos originales.<\/p>\n<p style=\"text-align: justify;\"><strong>Los res\u00famenes de los trabajos deber\u00e1n ser enviados en formato electr\u00f3nico a la siguiente direcci\u00f3n de email:\u00a0<a href=\"mailto:jornadafcv@gmail.com\" target=\"_blank\" rel=\"noopener noreferrer\">jornadafcv@gmail.com<\/a>\u00a0hasta el d\u00eda viernes 11 de septiembre de 2020<\/strong>, debiendo cumplimentar el formato establecido en las pautas para la confecci\u00f3n del resumen.<\/p>\n<p style=\"text-align: justify;\">Los res\u00famenes de los trabajos ser\u00e1n compilados en formato electr\u00f3nico en el <strong>Libro de Actas de las Jornadas<\/strong> (ISSN 2525-104X).<\/p>\n<p style=\"text-align: justify;\">En el marco de estas Jornadas <strong>se desarrollar\u00e1n 3 charlas virtuales de actualizaci\u00f3n para alumnos<\/strong>, docentes y profesionales.<\/p>\n<p><strong>1.<\/strong> \u00abSobre los patrones de contagio del COVID-19, rol de los supercontagiadores\u00bb, a cargo del Dr. Pablo Beldomenico, Docente e Investigador de la FCV-UNL y el CONICET.<br \/>\n<strong>2.<\/strong> \u00abVaquillonas: Puntos claves de manejo reproductivo y del rodeo general para que no falte reposici\u00f3n\u00bb, a cargo del Dr. Mat\u00edas Stangaferro, Docente e Investigador de la FCV &#8211; UNL.<br \/>\n<strong>3.<\/strong> \u00abC\u00f3mo pensar la integraci\u00f3n de la Extensi\u00f3n y la Investigaci\u00f3n desde las Ciencias Veterinarias\u00bb, a cargo de la MSc. Julieta Mar\u00eda Theiler. Docente e Investigadora de la FICH-UNL.<br \/>\n<strong>Toda la informaci\u00f3n se encuentra ingresando en el siguiente link:\u00a0<a href=\"https:\/\/bit.ly\/2DdFedt\" target=\"_blank\" rel=\"noopener noreferrer\" data-saferedirecturl=\"https:\/\/www.google.com\/url?q=https:\/\/bit.ly\/2DdFedt&amp;source=gmail&amp;ust=1597930077652000&amp;usg=AFQjCNFIHtmE1Tdz5T8brfaG-yYCPGPHIA\">https:\/\/bit.ly\/2DdFedt<\/a><\/strong><br \/>\nLa Jornada tiene el auspicio de la Asociaci\u00f3n de Universidades Grupo Montevideo (AUGM)<\/p>\n","protected":false},"excerpt":{"rendered":"<p>Res\u00famenes hasta el 11 de setiembre. Actividad con auspicio de AUGM <\/p>\n","protected":false},"author":1,"featured_media":6488,"comment_status":"closed","ping_status":"closed","sticky":false,"template":"","format":"standard","meta":{"footnotes":""},"categories":[48],"tags":[],"class_list":["post-6487","post","type-post","status-publish","format-standard","has-post-thumbnail","hentry","category-archivo-de-noticias"],"wpmagazine_modules_lite_featured_media_urls":{"thumbnail":["https:\/\/grupomontevideo.org\/site\/wp-content\/uploads\/2020\/08\/VIII_Redes_Jornadas_EI_vPost.png",150,150,false],"cvmm-medium":["https:\/\/grupomontevideo.org\/site\/wp-content\/uploads\/2020\/08\/VIII_Redes_Jornadas_EI_vPost.png",300,300,false],"cvmm-medium-plus":["https:\/\/grupomontevideo.org\/site\/wp-content\/uploads\/2020\/08\/VIII_Redes_Jornadas_EI_vPost.png",207,207,false],"cvmm-portrait":["https:\/\/grupomontevideo.org\/site\/wp-content\/uploads\/2020\/08\/VIII_Redes_Jornadas_EI_vPost.png",400,400,false],"cvmm-medium-square":["https:\/\/grupomontevideo.org\/site\/wp-content\/uploads\/2020\/08\/VIII_Redes_Jornadas_EI_vPost.png",600,600,false],"cvmm-large":["https:\/\/grupomontevideo.org\/site\/wp-content\/uploads\/2020\/08\/VIII_Redes_Jornadas_EI_vPost.png",1024,1024,false],"cvmm-small":["https:\/\/grupomontevideo.org\/site\/wp-content\/uploads\/2020\/08\/VIII_Redes_Jornadas_EI_vPost.png",95,95,false],"full":["https:\/\/grupomontevideo.org\/site\/wp-content\/uploads\/2020\/08\/VIII_Redes_Jornadas_EI_vPost.png",1080,1080,false]},"categories_names":{"48":{"name":"Archivo de noticias","link":"https:\/\/grupomontevideo.org\/site\/category\/archivo-de-noticias\/"}},"tags_names":[],"comments_number":"0","_links":{"self":[{"href":"https:\/\/grupomontevideo.org\/site\/wp-json\/wp\/v2\/posts\/6487","targetHints":{"allow":["GET"]}}],"collection":[{"href":"https:\/\/grupomontevideo.org\/site\/wp-json\/wp\/v2\/posts"}],"about":[{"href":"https:\/\/grupomontevideo.org\/site\/wp-json\/wp\/v2\/types\/post"}],"author":[{"embeddable":true,"href":"https:\/\/grupomontevideo.org\/site\/wp-json\/wp\/v2\/users\/1"}],"replies":[{"embeddable":true,"href":"https:\/\/grupomontevideo.org\/site\/wp-json\/wp\/v2\/comments?post=6487"}],"version-history":[{"count":1,"href":"https:\/\/grupomontevideo.org\/site\/wp-json\/wp\/v2\/posts\/6487\/revisions"}],"predecessor-version":[{"id":15539,"href":"https:\/\/grupomontevideo.org\/site\/wp-json\/wp\/v2\/posts\/6487\/revisions\/15539"}],"wp:featuredmedia":[{"embeddable":true,"href":"https:\/\/grupomontevideo.org\/site\/wp-json\/wp\/v2\/media\/6488"}],"wp:attachment":[{"href":"https:\/\/grupomontevideo.org\/site\/wp-json\/wp\/v2\/media?parent=6487"}],"wp:term":[{"taxonomy":"category","embeddable":true,"href":"https:\/\/grupomontevideo.org\/site\/wp-json\/wp\/v2\/categories?post=6487"},{"taxonomy":"post_tag","embeddable":true,"href":"https:\/\/grupomontevideo.org\/site\/wp-json\/wp\/v2\/tags?post=6487"}],"curies":[{"name":"wp","href":"https:\/\/api.w.org\/{rel}","templated":true}]}}