{"id":6483,"date":"2020-08-19T14:38:13","date_gmt":"2020-08-19T14:38:13","guid":{"rendered":"http:\/\/grupomontevideo.org\/sitio\/?post_type=noticias&#038;p=6483"},"modified":"2022-06-22T16:33:57","modified_gmt":"2022-06-22T16:33:57","slug":"nuevo-libro-augm-una-indagacion-sobre-los-avatares-del-comportamiento-en-nuestras-democracias","status":"publish","type":"post","link":"https:\/\/grupomontevideo.org\/site\/nuevo-libro-augm-una-indagacion-sobre-los-avatares-del-comportamiento-en-nuestras-democracias\/","title":{"rendered":"Nuevo libro AUGM: una indagaci\u00f3n sobre los avatares del comportamiento en nuestras democracias"},"content":{"rendered":"<p style=\"text-align: justify;\">El<a href=\"http:\/\/grupomontevideo.org\/ndca\/cacienciaspoliticasysociales\/\" target=\"_blank\" rel=\"noopener noreferrer\"><strong> Comit\u00e9 Acad\u00e9mico Ciencias Pol\u00edticas y Sociales<\/strong><\/a> de la Asociaci\u00f3n de Universidades Grupo Montevideo (AUGM) lanza su <strong>primer libro: \u201c<em>Los dilemas de la democracia en Am\u00e9rica del Sur: evaluaci\u00f3n de sus perspectivas<\/em>\u201d<\/strong>.<\/p>\n<p style=\"text-align: justify;\">Se trata de una <strong>compilaci\u00f3n de trabajos presentados en los tres simposios internacionales llevados a cabo por el agrupamientos acad\u00e9mico entre 2016 y 2018. <\/strong>En el libro se busc\u00f3 conjugar las preocupaciones que se fueron planteando en cada una de esas oportunidades.<\/p>\n<p style=\"text-align: justify;\"><span style=\"font-weight: 400;\">\u201c<\/span><i><span style=\"font-weight: 400;\"><strong>El centro de la indagaci\u00f3n fueron las alternativas que estaba viviendo nuestra regi\u00f3n, nuestros pa\u00edses y las escalas subnacionales<\/strong>. Por ello el eje que recorre todas las participaciones es el de los<strong> avatares del comportamiento pol\u00edtico en nuestras democracias<\/strong>, lo cual se hace con una gran apertura y diversidad de casos y opiniones<\/span><\/i><span style=\"font-weight: 400;\">\u201d, explica el pr\u00f3logo.\u00a0<\/span><\/p>\n<p><a href=\"https:\/\/grupomontevideo.org\/site\/wp-content\/uploads\/2020\/08\/Libro-Los-dilemas-de-la-democracia-AUGM.pdf\" target=\"_blank\" rel=\"noopener noreferrer\"><img decoding=\"async\" class=\"wp-image-6485 alignleft\" title=\"Haga click en la imagen y acceda al libro \" src=\"https:\/\/grupomontevideo.org\/site\/wp-content\/uploads\/2020\/08\/Libro-Los-dilemas-de-la-democracia-AUGM_pages-to-jpg-0001.jpg\" alt=\"\" width=\"194\" height=\"251\" \/><\/a><\/p>\n<p style=\"text-align: justify;\"><span style=\"font-weight: 400;\"><strong>En el documento se reflejan las peculiaridades de los pa\u00edses que participan del Comit\u00e9<\/strong> (Argentina, Bolivia, Brasil, Chile y Paraguay) y est\u00e1 dividido en tres partes.\u00a0<\/span><\/p>\n<p style=\"text-align: justify;\"><span style=\"font-weight: 400;\">El primero, <\/span><i><span style=\"font-weight: 400;\"><strong>La regi\u00f3n en debate<\/strong>, <\/span><\/i><span style=\"font-weight: 400;\">aborda las peculiaridades globales que han adoptado nuestros pa\u00edses de Am\u00e9rica del Sur respecto de las caracter\u00edsticas de su democracia y su relaci\u00f3n con un mundo en mutaci\u00f3n acelerada; en el segundo, <\/span><strong><i>Nuestra regi\u00f3n- Casos comparados<\/i><\/strong><span style=\"font-weight: 400;\">, los trabajos reunidos analizan a Argentina y a Brasil en las \u00faltimas d\u00e9cadas; y en el tercero, <\/span><strong><i>Nuestros pa\u00edses- Casos nacionales<\/i><\/strong><span style=\"font-weight: 400;\">, se re\u00fanen un conjunto de contribuciones que tienen como objeto de estudio a las distintas experiencias nacionales, como tambi\u00e9n, en alguno de ellos, las particularidades subnacionales.<\/span><\/p>\n<hr \/>\n<p style=\"text-align: justify;\"><span style=\"font-weight: 400;\"><strong>El libro es de descarga libre y puede <a href=\"https:\/\/grupomontevideo.org\/site\/wp-content\/uploads\/2020\/08\/Libro-Los-dilemas-de-la-democracia-AUGM.pdf\" target=\"_blank\" rel=\"noopener noreferrer\">ser adquirido aqu\u00ed<\/a> o en el sitio Publicaciones de AUGM<\/strong><\/span><\/p>\n<hr \/>\n<p style=\"text-align: justify;\">\n","protected":false},"excerpt":{"rendered":"<p>Primera publicaci\u00f3n de estas caracter\u00edsticas del Comit\u00e9 Acad\u00e9mico Ciencias Pol\u00edticas y Sociales<\/p>\n","protected":false},"author":1,"featured_media":6486,"comment_status":"closed","ping_status":"closed","sticky":false,"template":"","format":"standard","meta":{"footnotes":""},"categories":[48],"tags":[],"class_list":["post-6483","post","type-post","status-publish","format-standard","has-post-thumbnail","hentry","category-archivo-de-noticias"],"wpmagazine_modules_lite_featured_media_urls":{"thumbnail":["https:\/\/grupomontevideo.org\/site\/wp-content\/uploads\/2020\/08\/Editado-Libro-Cs-Politicas.jpg",150,98,false],"cvmm-medium":["https:\/\/grupomontevideo.org\/site\/wp-content\/uploads\/2020\/08\/Editado-Libro-Cs-Politicas.jpg",300,196,false],"cvmm-medium-plus":["https:\/\/grupomontevideo.org\/site\/wp-content\/uploads\/2020\/08\/Editado-Libro-Cs-Politicas.jpg",305,200,false],"cvmm-portrait":["https:\/\/grupomontevideo.org\/site\/wp-content\/uploads\/2020\/08\/Editado-Libro-Cs-Politicas.jpg",400,262,false],"cvmm-medium-square":["https:\/\/grupomontevideo.org\/site\/wp-content\/uploads\/2020\/08\/Editado-Libro-Cs-Politicas.jpg",600,392,false],"cvmm-large":["https:\/\/grupomontevideo.org\/site\/wp-content\/uploads\/2020\/08\/Editado-Libro-Cs-Politicas.jpg",1024,670,false],"cvmm-small":["https:\/\/grupomontevideo.org\/site\/wp-content\/uploads\/2020\/08\/Editado-Libro-Cs-Politicas.jpg",130,85,false],"full":["https:\/\/grupomontevideo.org\/site\/wp-content\/uploads\/2020\/08\/Editado-Libro-Cs-Politicas.jpg",1275,834,false]},"categories_names":{"48":{"name":"Archivo de noticias","link":"https:\/\/grupomontevideo.org\/site\/category\/archivo-de-noticias\/"}},"tags_names":[],"comments_number":"0","_links":{"self":[{"href":"https:\/\/grupomontevideo.org\/site\/wp-json\/wp\/v2\/posts\/6483","targetHints":{"allow":["GET"]}}],"collection":[{"href":"https:\/\/grupomontevideo.org\/site\/wp-json\/wp\/v2\/posts"}],"about":[{"href":"https:\/\/grupomontevideo.org\/site\/wp-json\/wp\/v2\/types\/post"}],"author":[{"embeddable":true,"href":"https:\/\/grupomontevideo.org\/site\/wp-json\/wp\/v2\/users\/1"}],"replies":[{"embeddable":true,"href":"https:\/\/grupomontevideo.org\/site\/wp-json\/wp\/v2\/comments?post=6483"}],"version-history":[{"count":1,"href":"https:\/\/grupomontevideo.org\/site\/wp-json\/wp\/v2\/posts\/6483\/revisions"}],"predecessor-version":[{"id":15540,"href":"https:\/\/grupomontevideo.org\/site\/wp-json\/wp\/v2\/posts\/6483\/revisions\/15540"}],"wp:featuredmedia":[{"embeddable":true,"href":"https:\/\/grupomontevideo.org\/site\/wp-json\/wp\/v2\/media\/6486"}],"wp:attachment":[{"href":"https:\/\/grupomontevideo.org\/site\/wp-json\/wp\/v2\/media?parent=6483"}],"wp:term":[{"taxonomy":"category","embeddable":true,"href":"https:\/\/grupomontevideo.org\/site\/wp-json\/wp\/v2\/categories?post=6483"},{"taxonomy":"post_tag","embeddable":true,"href":"https:\/\/grupomontevideo.org\/site\/wp-json\/wp\/v2\/tags?post=6483"}],"curies":[{"name":"wp","href":"https:\/\/api.w.org\/{rel}","templated":true}]}}