{"id":6469,"date":"2020-08-13T18:01:50","date_gmt":"2020-08-13T18:01:50","guid":{"rendered":"http:\/\/grupomontevideo.org\/sitio\/?post_type=noticias&#038;p=6469"},"modified":"2022-06-22T16:33:58","modified_gmt":"2022-06-22T16:33:58","slug":"declaracion-de-augm-sobre-el-recorte-presupuestal-de-las-universidades-federales-de-brasil","status":"publish","type":"post","link":"https:\/\/grupomontevideo.org\/site\/declaracion-de-augm-sobre-el-recorte-presupuestal-de-las-universidades-federales-de-brasil\/","title":{"rendered":"Declaraci\u00f3n de AUGM sobre el recorte presupuestal en las universidades federales de Brasil"},"content":{"rendered":"<p style=\"text-align: justify;\">Ante los recortes presupuestas proyectados por el Gobierno Federal de Brasil, cercanos a la quinta parte, la <strong>Asociaci\u00f3n de Universidades Grupo Montevideo (AUGM) emite esta declaraci\u00f3n donde manifiesta su rechazo a este tipo de medidas y reivindica la inversi\u00f3n en educaci\u00f3n superior<\/strong> para la\u00a0 creaci\u00f3n de conocimiento pertinente y la formaci\u00f3n de alta calidad de nuestros profesionales y acad\u00e9micos como \u00ab<em>fundamento de la arquitectura del desarrollo nacional y regional<\/em>\u00ab.<\/p>\n<p style=\"text-align: justify;\">\u00ab<strong>Instamos al Gobierno Federal de Brasil a dejar sin efecto los recortes presupuestales proyectados, y a que en su lugar atienda -como su deber indelegable- la necesaria dotaci\u00f3n presupuestal para las universidades federales brasileras<\/strong>\u00ab, concluye el documento.<\/p>\n<hr \/>\n<p style=\"text-align: center;\"><a href=\"https:\/\/grupomontevideo.org\/site\/wp-content\/uploads\/2020\/08\/DeclaracionBrasilAgostoFinal2.pdf\"><strong>Ver declaraci\u00f3n completa<\/strong><\/a><\/p>\n<hr \/>\n<p style=\"text-align: center;\">\n","protected":false},"excerpt":{"rendered":"<p>La red insta a dejar sin efecto la medida. Vea el documento completo aqu\u00ed <\/p>\n","protected":false},"author":1,"featured_media":6259,"comment_status":"closed","ping_status":"closed","sticky":false,"template":"","format":"standard","meta":{"footnotes":""},"categories":[48],"tags":[],"class_list":["post-6469","post","type-post","status-publish","format-standard","has-post-thumbnail","hentry","category-archivo-de-noticias"],"wpmagazine_modules_lite_featured_media_urls":{"thumbnail":["https:\/\/grupomontevideo.org\/site\/wp-content\/uploads\/2020\/06\/Logo-AUGM-cortado.jpeg",150,92,false],"cvmm-medium":["https:\/\/grupomontevideo.org\/site\/wp-content\/uploads\/2020\/06\/Logo-AUGM-cortado.jpeg",286,176,false],"cvmm-medium-plus":["https:\/\/grupomontevideo.org\/site\/wp-content\/uploads\/2020\/06\/Logo-AUGM-cortado.jpeg",286,176,false],"cvmm-portrait":["https:\/\/grupomontevideo.org\/site\/wp-content\/uploads\/2020\/06\/Logo-AUGM-cortado.jpeg",286,176,false],"cvmm-medium-square":["https:\/\/grupomontevideo.org\/site\/wp-content\/uploads\/2020\/06\/Logo-AUGM-cortado.jpeg",286,176,false],"cvmm-large":["https:\/\/grupomontevideo.org\/site\/wp-content\/uploads\/2020\/06\/Logo-AUGM-cortado.jpeg",286,176,false],"cvmm-small":["https:\/\/grupomontevideo.org\/site\/wp-content\/uploads\/2020\/06\/Logo-AUGM-cortado.jpeg",130,80,false],"full":["https:\/\/grupomontevideo.org\/site\/wp-content\/uploads\/2020\/06\/Logo-AUGM-cortado.jpeg",286,176,false]},"categories_names":{"48":{"name":"Archivo de noticias","link":"https:\/\/grupomontevideo.org\/site\/category\/archivo-de-noticias\/"}},"tags_names":[],"comments_number":"0","_links":{"self":[{"href":"https:\/\/grupomontevideo.org\/site\/wp-json\/wp\/v2\/posts\/6469","targetHints":{"allow":["GET"]}}],"collection":[{"href":"https:\/\/grupomontevideo.org\/site\/wp-json\/wp\/v2\/posts"}],"about":[{"href":"https:\/\/grupomontevideo.org\/site\/wp-json\/wp\/v2\/types\/post"}],"author":[{"embeddable":true,"href":"https:\/\/grupomontevideo.org\/site\/wp-json\/wp\/v2\/users\/1"}],"replies":[{"embeddable":true,"href":"https:\/\/grupomontevideo.org\/site\/wp-json\/wp\/v2\/comments?post=6469"}],"version-history":[{"count":1,"href":"https:\/\/grupomontevideo.org\/site\/wp-json\/wp\/v2\/posts\/6469\/revisions"}],"predecessor-version":[{"id":15542,"href":"https:\/\/grupomontevideo.org\/site\/wp-json\/wp\/v2\/posts\/6469\/revisions\/15542"}],"wp:featuredmedia":[{"embeddable":true,"href":"https:\/\/grupomontevideo.org\/site\/wp-json\/wp\/v2\/media\/6259"}],"wp:attachment":[{"href":"https:\/\/grupomontevideo.org\/site\/wp-json\/wp\/v2\/media?parent=6469"}],"wp:term":[{"taxonomy":"category","embeddable":true,"href":"https:\/\/grupomontevideo.org\/site\/wp-json\/wp\/v2\/categories?post=6469"},{"taxonomy":"post_tag","embeddable":true,"href":"https:\/\/grupomontevideo.org\/site\/wp-json\/wp\/v2\/tags?post=6469"}],"curies":[{"name":"wp","href":"https:\/\/api.w.org\/{rel}","templated":true}]}}