{"id":6465,"date":"2020-08-11T23:17:01","date_gmt":"2020-08-11T23:17:01","guid":{"rendered":"http:\/\/grupomontevideo.org\/sitio\/?post_type=noticias&#038;p=6465"},"modified":"2022-06-22T16:33:58","modified_gmt":"2022-06-22T16:33:58","slug":"ii-reunion-virtual-de-la-cp-de-produccion-artistica-y-cultural","status":"publish","type":"post","link":"https:\/\/grupomontevideo.org\/site\/ii-reunion-virtual-de-la-cp-de-produccion-artistica-y-cultural\/","title":{"rendered":"I Reuni\u00f3n virtual 2022 de la CP de Producci\u00f3n Art\u00edstica y Cultural"},"content":{"rendered":"<p>La I reuni\u00f3n virtual de la Comisi\u00f3n Permanente de Producci\u00f3n Art\u00edstica y Cultural de este 2022 se realizar\u00e1 el d\u00eda <strong>jueves 28 de abril<\/strong>, de 11:00 a 13:00 horas (horario de Uruguay), a trav\u00e9s de la plataforma Zoom.<br \/>\n&nbsp;<\/p>\n","protected":false},"excerpt":{"rendered":"<p>De 11:00 a 13:00horas (horario de Uruguay)<\/p>\n","protected":false},"author":1,"featured_media":1263,"comment_status":"closed","ping_status":"closed","sticky":false,"template":"","format":"standard","meta":{"footnotes":""},"categories":[48],"tags":[],"class_list":["post-6465","post","type-post","status-publish","format-standard","has-post-thumbnail","hentry","category-archivo-de-noticias"],"wpmagazine_modules_lite_featured_media_urls":{"thumbnail":["https:\/\/grupomontevideo.org\/site\/wp-content\/uploads\/2016\/02\/PRODUCCION-ARTISTICA-Y-CULTURAL.jpg",150,100,false],"cvmm-medium":["https:\/\/grupomontevideo.org\/site\/wp-content\/uploads\/2016\/02\/PRODUCCION-ARTISTICA-Y-CULTURAL.jpg",300,200,false],"cvmm-medium-plus":["https:\/\/grupomontevideo.org\/site\/wp-content\/uploads\/2016\/02\/PRODUCCION-ARTISTICA-Y-CULTURAL.jpg",305,204,false],"cvmm-portrait":["https:\/\/grupomontevideo.org\/site\/wp-content\/uploads\/2016\/02\/PRODUCCION-ARTISTICA-Y-CULTURAL.jpg",400,267,false],"cvmm-medium-square":["https:\/\/grupomontevideo.org\/site\/wp-content\/uploads\/2016\/02\/PRODUCCION-ARTISTICA-Y-CULTURAL.jpg",600,401,false],"cvmm-large":["https:\/\/grupomontevideo.org\/site\/wp-content\/uploads\/2016\/02\/PRODUCCION-ARTISTICA-Y-CULTURAL.jpg",690,461,false],"cvmm-small":["https:\/\/grupomontevideo.org\/site\/wp-content\/uploads\/2016\/02\/PRODUCCION-ARTISTICA-Y-CULTURAL.jpg",130,87,false],"full":["https:\/\/grupomontevideo.org\/site\/wp-content\/uploads\/2016\/02\/PRODUCCION-ARTISTICA-Y-CULTURAL.jpg",690,461,false]},"categories_names":{"48":{"name":"Archivo de noticias","link":"https:\/\/grupomontevideo.org\/site\/category\/archivo-de-noticias\/"}},"tags_names":[],"comments_number":"0","_links":{"self":[{"href":"https:\/\/grupomontevideo.org\/site\/wp-json\/wp\/v2\/posts\/6465","targetHints":{"allow":["GET"]}}],"collection":[{"href":"https:\/\/grupomontevideo.org\/site\/wp-json\/wp\/v2\/posts"}],"about":[{"href":"https:\/\/grupomontevideo.org\/site\/wp-json\/wp\/v2\/types\/post"}],"author":[{"embeddable":true,"href":"https:\/\/grupomontevideo.org\/site\/wp-json\/wp\/v2\/users\/1"}],"replies":[{"embeddable":true,"href":"https:\/\/grupomontevideo.org\/site\/wp-json\/wp\/v2\/comments?post=6465"}],"version-history":[{"count":1,"href":"https:\/\/grupomontevideo.org\/site\/wp-json\/wp\/v2\/posts\/6465\/revisions"}],"predecessor-version":[{"id":15544,"href":"https:\/\/grupomontevideo.org\/site\/wp-json\/wp\/v2\/posts\/6465\/revisions\/15544"}],"wp:featuredmedia":[{"embeddable":true,"href":"https:\/\/grupomontevideo.org\/site\/wp-json\/wp\/v2\/media\/1263"}],"wp:attachment":[{"href":"https:\/\/grupomontevideo.org\/site\/wp-json\/wp\/v2\/media?parent=6465"}],"wp:term":[{"taxonomy":"category","embeddable":true,"href":"https:\/\/grupomontevideo.org\/site\/wp-json\/wp\/v2\/categories?post=6465"},{"taxonomy":"post_tag","embeddable":true,"href":"https:\/\/grupomontevideo.org\/site\/wp-json\/wp\/v2\/tags?post=6465"}],"curies":[{"name":"wp","href":"https:\/\/api.w.org\/{rel}","templated":true}]}}