{"id":6328,"date":"2020-06-30T18:01:39","date_gmt":"2020-06-30T18:01:39","guid":{"rendered":"http:\/\/grupomontevideo.org\/sitio\/?post_type=noticias&#038;p=6328"},"modified":"2022-06-22T16:34:06","modified_gmt":"2022-06-22T16:34:06","slug":"6328","status":"publish","type":"post","link":"https:\/\/grupomontevideo.org\/site\/6328\/","title":{"rendered":"AUGM eligi\u00f3 a Enrique Mammarella y Sandra Goulart Almeida como presidente y vicepresidenta"},"content":{"rendered":"<p>&nbsp;<\/p>\n<p style=\"text-align: justify;\">Con votaci\u00f3n un\u00e1nime, <strong>Enrique Mammarella, rector de la Universidad Nacional del Litoral (UNL), y Sandra Goulart Almeida, rectora de la Universidade Federal de Minas Gerais, fueron elegidos como presidente y vicepresidente<\/strong>, respectivamente, de la Asociaci\u00f3n de Universidades Grupo Montevideo.<\/p>\n<p style=\"text-align: justify;\">Ambos fueron elegidos este lunes 29 de junio por Consejo de Rectores de AUGM, \u00f3rgano de direcci\u00f3n de esta red de universidades, por el per\u00edodo de un a\u00f1o.<\/p>\n<p style=\"text-align: justify;\"><span style=\"font-weight: 400;\">Sandra Goulart Almeida, durante su exposici\u00f3n al t\u00e9rmino de la votaci\u00f3n, dijo que es una \u201c<em>honra muy grande<\/em>\u201d ocupar este puesto porque AUGM es como su \u201c<em>casa<\/em>\u201d, y destac\u00f3 la conducci\u00f3n \u201c<em>segura y tranquila<\/em>\u201d de Ger\u00f3nimo Laviosa, rector de la Universidad Nacional del Este, hasta esta fecha presidente del Grupo.<\/span><\/p>\n<p style=\"text-align: justify;\"><span style=\"font-weight: 400;\">\u201c<strong><em>Es un placer contribuir con la Asociaci\u00f3n, que tiene un papel muy importante durante este a\u00f1o en defensa de la universidad p\u00fablica en este momento de gran ataque<\/em><\/strong>\u201d, agreg\u00f3 Almeida. \u201c<em>En momentos sensibles como los que vivimos, la voz de AUGM se hace sentir fuerte en la regi\u00f3n\u00bb, dijo.<\/em>\u00a0Tambi\u00e9n destac\u00f3 el \u201c<em>significado muy especial<\/em>\u201d que tiene para AUGM ser la primera Vicepresidenta mujer de la red y que \u201c<em>constituye un acontecimiento a destacar y que tiene que marcar un rumbo a futuro<\/em>\u201d.<\/span><\/p>\n<p style=\"text-align: justify;\"><span style=\"font-weight: 400;\"><strong>Enrique Mammarella, por su parte,dijo que es un orgullo presidir AUGM junto a Sandra\u201d, y agreg\u00f3: \u201cTrabajemos juntos, en equipo, por y para consolidar la igualdad de g\u00e9nero en la Asociaci\u00f3n\u201d<\/strong>.<\/span><\/p>\n<p style=\"text-align: justify;\"><span style=\"font-weight: 400;\">Enfatiz\u00f3 a continuaci\u00f3n en el \u201c<em>compromiso que nos toca asumir en esta a\u00f1o particular<\/em>\u201d que obliga a trabajar para que \u201c<em>AUGM sea cada vez m\u00e1s importante<\/em>\u00ab.<\/span><\/p>\n<p style=\"text-align: justify;\"><span style=\"font-weight: 400;\"><strong>En este sentido destac\u00f3 el trabajo \u201c<em>inconmensurable<\/em>\u201d realizado por Ger\u00f3nimo Laviosa y la Secretar\u00eda Ejecutiva<\/strong>, y se\u00f1al\u00f3 que el desaf\u00edo m\u00e1s inmediato es la implementaci\u00f3n del Plan Estrat\u00e9gico, la construcci\u00f3n de un observatorio para preservar la autonom\u00eda, y la consolidaci\u00f3n de presupuesto universitario.<\/span><\/p>\n<p style=\"text-align: justify;\">Al final agradeci\u00f3 \u00ab<em>a las rectoras y los rectores por su apoyo, en especial a todos los pares argentinos que hicieron la nominaci\u00f3n. Trabajando juntos, en equipo, mancomunadamente, continuaremos jerarquizando a AUGM<\/em>\u201d.<\/p>\n","protected":false},"excerpt":{"rendered":"<p>La Rectora de la UFMG es la primera mujer en ocupar ese cargo en AUGM <\/p>\n","protected":false},"author":1,"featured_media":6329,"comment_status":"closed","ping_status":"closed","sticky":false,"template":"","format":"standard","meta":{"footnotes":""},"categories":[48],"tags":[],"class_list":["post-6328","post","type-post","status-publish","format-standard","has-post-thumbnail","hentry","category-archivo-de-noticias"],"wpmagazine_modules_lite_featured_media_urls":{"thumbnail":["https:\/\/grupomontevideo.org\/site\/wp-content\/uploads\/2020\/06\/Presidente-y-Vicepresidente.jpg",150,75,false],"cvmm-medium":["https:\/\/grupomontevideo.org\/site\/wp-content\/uploads\/2020\/06\/Presidente-y-Vicepresidente.jpg",300,150,false],"cvmm-medium-plus":["https:\/\/grupomontevideo.org\/site\/wp-content\/uploads\/2020\/06\/Presidente-y-Vicepresidente.jpg",305,153,false],"cvmm-portrait":["https:\/\/grupomontevideo.org\/site\/wp-content\/uploads\/2020\/06\/Presidente-y-Vicepresidente.jpg",400,200,false],"cvmm-medium-square":["https:\/\/grupomontevideo.org\/site\/wp-content\/uploads\/2020\/06\/Presidente-y-Vicepresidente.jpg",600,300,false],"cvmm-large":["https:\/\/grupomontevideo.org\/site\/wp-content\/uploads\/2020\/06\/Presidente-y-Vicepresidente.jpg",1024,512,false],"cvmm-small":["https:\/\/grupomontevideo.org\/site\/wp-content\/uploads\/2020\/06\/Presidente-y-Vicepresidente.jpg",130,65,false],"full":["https:\/\/grupomontevideo.org\/site\/wp-content\/uploads\/2020\/06\/Presidente-y-Vicepresidente.jpg",1024,512,false]},"categories_names":{"48":{"name":"Archivo de noticias","link":"https:\/\/grupomontevideo.org\/site\/category\/archivo-de-noticias\/"}},"tags_names":[],"comments_number":"0","_links":{"self":[{"href":"https:\/\/grupomontevideo.org\/site\/wp-json\/wp\/v2\/posts\/6328","targetHints":{"allow":["GET"]}}],"collection":[{"href":"https:\/\/grupomontevideo.org\/site\/wp-json\/wp\/v2\/posts"}],"about":[{"href":"https:\/\/grupomontevideo.org\/site\/wp-json\/wp\/v2\/types\/post"}],"author":[{"embeddable":true,"href":"https:\/\/grupomontevideo.org\/site\/wp-json\/wp\/v2\/users\/1"}],"replies":[{"embeddable":true,"href":"https:\/\/grupomontevideo.org\/site\/wp-json\/wp\/v2\/comments?post=6328"}],"version-history":[{"count":1,"href":"https:\/\/grupomontevideo.org\/site\/wp-json\/wp\/v2\/posts\/6328\/revisions"}],"predecessor-version":[{"id":15576,"href":"https:\/\/grupomontevideo.org\/site\/wp-json\/wp\/v2\/posts\/6328\/revisions\/15576"}],"wp:featuredmedia":[{"embeddable":true,"href":"https:\/\/grupomontevideo.org\/site\/wp-json\/wp\/v2\/media\/6329"}],"wp:attachment":[{"href":"https:\/\/grupomontevideo.org\/site\/wp-json\/wp\/v2\/media?parent=6328"}],"wp:term":[{"taxonomy":"category","embeddable":true,"href":"https:\/\/grupomontevideo.org\/site\/wp-json\/wp\/v2\/categories?post=6328"},{"taxonomy":"post_tag","embeddable":true,"href":"https:\/\/grupomontevideo.org\/site\/wp-json\/wp\/v2\/tags?post=6328"}],"curies":[{"name":"wp","href":"https:\/\/api.w.org\/{rel}","templated":true}]}}