{"id":6304,"date":"2020-06-23T18:59:48","date_gmt":"2020-06-23T18:59:48","guid":{"rendered":"http:\/\/grupomontevideo.org\/sitio\/?post_type=noticias&#038;p=6304"},"modified":"2022-06-22T16:34:06","modified_gmt":"2022-06-22T16:34:06","slug":"uncuyo-dio-inicio-a-pasaporte-global-espacio-virtual-para-recorrer-el-mundo","status":"publish","type":"post","link":"https:\/\/grupomontevideo.org\/site\/uncuyo-dio-inicio-a-pasaporte-global-espacio-virtual-para-recorrer-el-mundo\/","title":{"rendered":"UNCUYO inici\u00f3 \u00abPasaporte Global\u00bb, espacio virtual para recorrer el mundo"},"content":{"rendered":"<p style=\"text-align: justify;\">\u201c<em><strong>Pasaporte Global<\/strong><\/em>\u201d es un proyecto ciento por ciento virtual desarrollado por el \u00e1rea de Cooperaci\u00f3n Internacional de la Secretar\u00eda de Investigaci\u00f3n, Internacionales y Posgrado de la Universidad Nacional de Cuyo (UNCUYO), con auspicio de la Asociaci\u00f3n de Universidades Grupo Montevideo. <strong>Consiste en una serie de talleres, charlas y contenidos audiovisuales, de acceso libre y gratuito, que tendr\u00e1n como objetivo difundir la cultura de distintos pa\u00edses<\/strong>.<\/p>\n<p style=\"text-align: justify;\">En su primera edici\u00f3n, que <strong>se extiende desde el 22 al 26 de junio, \u201c<em>Pasaporte Global<\/em>\u201d se centrar\u00e1 en Europa como \u00e1rea de inter\u00e9s<\/strong>. Ser\u00e1 la primera de cuatro ediciones distribuidas a lo largo del a\u00f1o, durante las cuales se cubrir\u00e1n cinco regiones del mundo diferentes.<\/p>\n<p style=\"text-align: justify;\"><strong>Arquitectura, literatura, m\u00fasica, gastronom\u00eda, cine y viajes ser\u00e1n los temas abordados, a partir de contenido creado por estudiantes, egresados, docentes e investigadores de nuestra Casa de estudios<\/strong>. Se suman al proyecto diferentes instituciones con las que se trabaja cotidianamente en la cooperaci\u00f3n con Europa: universidades socias, institutos, embajadas y organizaciones internacionales.<\/p>\n<p style=\"text-align: justify;\">Talleres y charlas:<strong> Estas actividades gratuitas cuentan con cupos limitados, por lo que es necesaria la inscripci\u00f3n previa. Vea la <a href=\"https:\/\/grupomontevideo.org\/site\/wp-content\/uploads\/2020\/06\/pasaporte-global_UNCuyo.pdf\">agenda de actividades aqu\u00ed\u00a0<\/a><\/strong><\/p>\n<p style=\"text-align: justify;\">Redes Sociales:<strong> la cuenta instagram @UNCUYO publicar\u00e1 contenido internacional a lo largo de las semanas correspondientes a las 4 segmentaciones del mundo elaboradas por la SIIP<\/strong>: Europa, Latinoam\u00e9rica y el Caribe, Ocean\u00eda, Canad\u00e1 y EEUU ; \u00c1frica y Asia. Juegos, challenges, testimonios y tutoriales podr\u00e1n descubrirse a trav\u00e9s de las historias UNCUYO.<\/p>\n<p style=\"text-align: justify;\">Web: Bibliotecas, paseos virtuales, pel\u00edculas, playlists y documentales, se encontrar\u00e1n disponibles a partir del 22 de junio en la web www.uncuyo.edu.ar\/relacionesinternacionales.<\/p>\n<p style=\"text-align: justify;\">A trav\u00e9s de \u201c<em><strong>Pasaporte Global<\/strong><\/em>\u201d, la UNCUYO apunta al fortalecimiento de las pol\u00edticas de internacionalizaci\u00f3n en casa, al desarrollo de una conciencia global y de competencias interculturales, al superar las fronteras y permitir a la comunidad acercarse al mundo en este nuevo contexto.<\/p>\n<p>Todos queremos tener un pasaporte global <strong>\u00bfpor qu\u00e9 no empezar a crearlo desde hoy?<\/strong><br \/>\n<strong>Fuente: SIIP &#8211; UNCUYO<\/strong><br \/>\n<img decoding=\"async\" src=\"http:\/\/www.uncuyo.edu.ar\/relacionesinternacionales\/cache\/pasaporte-global-2_900_750.png\" alt=\"ediciones\" \/><\/p>\n","protected":false},"excerpt":{"rendered":"<p>Iniciativa de la Secretar\u00eda de Investigaci\u00f3n, Internacionales y Posgrado con auspicio de AUGM<\/p>\n","protected":false},"author":1,"featured_media":6305,"comment_status":"closed","ping_status":"closed","sticky":false,"template":"","format":"standard","meta":{"footnotes":""},"categories":[48],"tags":[],"class_list":["post-6304","post","type-post","status-publish","format-standard","has-post-thumbnail","hentry","category-archivo-de-noticias"],"wpmagazine_modules_lite_featured_media_urls":{"thumbnail":["https:\/\/grupomontevideo.org\/site\/wp-content\/uploads\/2020\/06\/Pasaporte-Global.png",150,84,false],"cvmm-medium":["https:\/\/grupomontevideo.org\/site\/wp-content\/uploads\/2020\/06\/Pasaporte-Global.png",300,169,false],"cvmm-medium-plus":["https:\/\/grupomontevideo.org\/site\/wp-content\/uploads\/2020\/06\/Pasaporte-Global.png",305,172,false],"cvmm-portrait":["https:\/\/grupomontevideo.org\/site\/wp-content\/uploads\/2020\/06\/Pasaporte-Global.png",400,225,false],"cvmm-medium-square":["https:\/\/grupomontevideo.org\/site\/wp-content\/uploads\/2020\/06\/Pasaporte-Global.png",600,338,false],"cvmm-large":["https:\/\/grupomontevideo.org\/site\/wp-content\/uploads\/2020\/06\/Pasaporte-Global.png",750,422,false],"cvmm-small":["https:\/\/grupomontevideo.org\/site\/wp-content\/uploads\/2020\/06\/Pasaporte-Global.png",130,73,false],"full":["https:\/\/grupomontevideo.org\/site\/wp-content\/uploads\/2020\/06\/Pasaporte-Global.png",750,422,false]},"categories_names":{"48":{"name":"Archivo de noticias","link":"https:\/\/grupomontevideo.org\/site\/category\/archivo-de-noticias\/"}},"tags_names":[],"comments_number":"0","_links":{"self":[{"href":"https:\/\/grupomontevideo.org\/site\/wp-json\/wp\/v2\/posts\/6304","targetHints":{"allow":["GET"]}}],"collection":[{"href":"https:\/\/grupomontevideo.org\/site\/wp-json\/wp\/v2\/posts"}],"about":[{"href":"https:\/\/grupomontevideo.org\/site\/wp-json\/wp\/v2\/types\/post"}],"author":[{"embeddable":true,"href":"https:\/\/grupomontevideo.org\/site\/wp-json\/wp\/v2\/users\/1"}],"replies":[{"embeddable":true,"href":"https:\/\/grupomontevideo.org\/site\/wp-json\/wp\/v2\/comments?post=6304"}],"version-history":[{"count":1,"href":"https:\/\/grupomontevideo.org\/site\/wp-json\/wp\/v2\/posts\/6304\/revisions"}],"predecessor-version":[{"id":15578,"href":"https:\/\/grupomontevideo.org\/site\/wp-json\/wp\/v2\/posts\/6304\/revisions\/15578"}],"wp:featuredmedia":[{"embeddable":true,"href":"https:\/\/grupomontevideo.org\/site\/wp-json\/wp\/v2\/media\/6305"}],"wp:attachment":[{"href":"https:\/\/grupomontevideo.org\/site\/wp-json\/wp\/v2\/media?parent=6304"}],"wp:term":[{"taxonomy":"category","embeddable":true,"href":"https:\/\/grupomontevideo.org\/site\/wp-json\/wp\/v2\/categories?post=6304"},{"taxonomy":"post_tag","embeddable":true,"href":"https:\/\/grupomontevideo.org\/site\/wp-json\/wp\/v2\/tags?post=6304"}],"curies":[{"name":"wp","href":"https:\/\/api.w.org\/{rel}","templated":true}]}}