{"id":6188,"date":"2020-05-27T14:22:15","date_gmt":"2020-05-27T14:22:15","guid":{"rendered":"http:\/\/grupomontevideo.org\/sitio\/?post_type=noticias&#038;p=6188"},"modified":"2022-06-22T16:34:15","modified_gmt":"2022-06-22T16:34:15","slug":"comision-permanente-de-medios-y-comunicacion-universitaria-de-augm-definio-su-plan-de-trabajo","status":"publish","type":"post","link":"https:\/\/grupomontevideo.org\/site\/comision-permanente-de-medios-y-comunicacion-universitaria-de-augm-definio-su-plan-de-trabajo\/","title":{"rendered":"Comisi\u00f3n Permanente de Medios y Comunicaci\u00f3n Universitaria de AUGM defini\u00f3 su plan de trabajo"},"content":{"rendered":"<p style=\"text-align: justify;\">La <strong>Comisi\u00f3n Permanente de Medios y Comunicaci\u00f3n Universitaria de la Asociaci\u00f3n de Universidades Grupo Montevideo<\/strong> (AUGM) se reuni\u00f3 de forma virtual este martes 26 de mayo donde <strong>defini\u00f3 su plan de trabajo para el 2020 &#8211; 2021<\/strong>.<\/p>\n<p style=\"text-align: justify;\"><span style=\"font-weight: 400;\">La sesi\u00f3n comenz\u00f3 con un informe de situaci\u00f3n presentado por la Secretar\u00eda Ejecutiva, donde se expusieron las principales resoluciones de los \u00f3rganos de direcci\u00f3n de AUGM, principalmente aquellas relacionadas al<strong> Plan Estrat\u00e9gico 2020 &#8211; 2030 y sus metas de implementaci\u00f3n<\/strong>.\u00a0<\/span><\/p>\n<p style=\"text-align: justify;\"><span style=\"font-weight: 400;\">A continuaci\u00f3n, los participantes intercambiaron sobre el plan de trabajo de la Comisi\u00f3n y acordaron las acciones a llevarse adelante en el plazo de un a\u00f1o y medio desde la fecha. <strong>El plan se propone, entre otros puntos, dise\u00f1ar y poner en marcha un plan de comunicaci\u00f3n integral para AUGM<\/strong>.\u00a0<\/span><\/p>\n<p style=\"text-align: justify;\"><span style=\"font-weight: 400;\"><strong>Entre las acciones tambi\u00e9n se acord\u00f3 la formulaci\u00f3n\u00a0 de un programa de actividades\u00a0 acad\u00e9micas que contenga una\u00a0 serie de webinars<\/strong> que promuevan con perspectiva regional,\u00a0 el abordaje de\u00a0 la comunicaci\u00f3n y los medios de comunicaci\u00f3n, en particular los universitarios, y el rol de la comunicaci\u00f3n para la educaci\u00f3n a distancia.\u00a0<\/span><\/p>\n<p style=\"text-align: justify;\"><span style=\"font-weight: 400;\">Se busca que estos espacios permitan compartir buenas pr\u00e1cticas, acciones en tiempos de COVID -19, posibles escenarios futuros luego del t\u00e9rmino de las medidas sanitarias, as\u00ed como intercambiar sobre comunicaci\u00f3n cient\u00edfica, comunicaci\u00f3n p\u00fablica de la ciencia, otras tem\u00e1ticas.\u00a0<\/span><\/p>\n","protected":false},"excerpt":{"rendered":"<p>Las Universidades participantes acordaron un conjunto de acciones para el 2020-2021<\/p>\n","protected":false},"author":1,"featured_media":6189,"comment_status":"closed","ping_status":"closed","sticky":false,"template":"","format":"standard","meta":{"footnotes":""},"categories":[48],"tags":[],"class_list":["post-6188","post","type-post","status-publish","format-standard","has-post-thumbnail","hentry","category-archivo-de-noticias"],"wpmagazine_modules_lite_featured_media_urls":{"thumbnail":["https:\/\/grupomontevideo.org\/site\/wp-content\/uploads\/2020\/05\/ReunionMedios.png",150,75,false],"cvmm-medium":["https:\/\/grupomontevideo.org\/site\/wp-content\/uploads\/2020\/05\/ReunionMedios.png",300,150,false],"cvmm-medium-plus":["https:\/\/grupomontevideo.org\/site\/wp-content\/uploads\/2020\/05\/ReunionMedios.png",305,153,false],"cvmm-portrait":["https:\/\/grupomontevideo.org\/site\/wp-content\/uploads\/2020\/05\/ReunionMedios.png",400,200,false],"cvmm-medium-square":["https:\/\/grupomontevideo.org\/site\/wp-content\/uploads\/2020\/05\/ReunionMedios.png",600,300,false],"cvmm-large":["https:\/\/grupomontevideo.org\/site\/wp-content\/uploads\/2020\/05\/ReunionMedios.png",1024,512,false],"cvmm-small":["https:\/\/grupomontevideo.org\/site\/wp-content\/uploads\/2020\/05\/ReunionMedios.png",130,65,false],"full":["https:\/\/grupomontevideo.org\/site\/wp-content\/uploads\/2020\/05\/ReunionMedios.png",1024,512,false]},"categories_names":{"48":{"name":"Archivo de noticias","link":"https:\/\/grupomontevideo.org\/site\/category\/archivo-de-noticias\/"}},"tags_names":[],"comments_number":"0","_links":{"self":[{"href":"https:\/\/grupomontevideo.org\/site\/wp-json\/wp\/v2\/posts\/6188","targetHints":{"allow":["GET"]}}],"collection":[{"href":"https:\/\/grupomontevideo.org\/site\/wp-json\/wp\/v2\/posts"}],"about":[{"href":"https:\/\/grupomontevideo.org\/site\/wp-json\/wp\/v2\/types\/post"}],"author":[{"embeddable":true,"href":"https:\/\/grupomontevideo.org\/site\/wp-json\/wp\/v2\/users\/1"}],"replies":[{"embeddable":true,"href":"https:\/\/grupomontevideo.org\/site\/wp-json\/wp\/v2\/comments?post=6188"}],"version-history":[{"count":1,"href":"https:\/\/grupomontevideo.org\/site\/wp-json\/wp\/v2\/posts\/6188\/revisions"}],"predecessor-version":[{"id":15609,"href":"https:\/\/grupomontevideo.org\/site\/wp-json\/wp\/v2\/posts\/6188\/revisions\/15609"}],"wp:featuredmedia":[{"embeddable":true,"href":"https:\/\/grupomontevideo.org\/site\/wp-json\/wp\/v2\/media\/6189"}],"wp:attachment":[{"href":"https:\/\/grupomontevideo.org\/site\/wp-json\/wp\/v2\/media?parent=6188"}],"wp:term":[{"taxonomy":"category","embeddable":true,"href":"https:\/\/grupomontevideo.org\/site\/wp-json\/wp\/v2\/categories?post=6188"},{"taxonomy":"post_tag","embeddable":true,"href":"https:\/\/grupomontevideo.org\/site\/wp-json\/wp\/v2\/tags?post=6188"}],"curies":[{"name":"wp","href":"https:\/\/api.w.org\/{rel}","templated":true}]}}