{"id":6185,"date":"2020-05-27T13:27:58","date_gmt":"2020-05-27T13:27:58","guid":{"rendered":"http:\/\/grupomontevideo.org\/sitio\/?post_type=noticias&#038;p=6185"},"modified":"2022-06-22T16:34:15","modified_gmt":"2022-06-22T16:34:15","slug":"convocatoria-a-trabajos-para-el-primer-boletin-del-comite-academico-ciencias-sociales-y-politcas-de-augm","status":"publish","type":"post","link":"https:\/\/grupomontevideo.org\/site\/convocatoria-a-trabajos-para-el-primer-boletin-del-comite-academico-ciencias-sociales-y-politcas-de-augm\/","title":{"rendered":"Convocatoria a trabajos para el primer bolet\u00edn del Comit\u00e9 Acad\u00e9mico Ciencias Pol\u00edticas y Sociales de AUGM"},"content":{"rendered":"<p style=\"text-align: justify;\">El Comit\u00e9 Ciencias Pol\u00edticas y Sociales de la Asociaci\u00f3n de Universidades Grupo Montevideo (AUGM) est\u00e1 preparando la primera edici\u00f3n de su Bolet\u00edn <i><span style=\"font-weight: 400;\">Mirando al Sur, <\/span><\/i><span style=\"font-weight: 400;\">publicaci\u00f3n que se propone abordar diferentes temas pol\u00edticos comunes en las coyunturas de los pa\u00edses de la regi\u00f3n.<\/span><\/p>\n<p style=\"text-align: justify;\"><span style=\"font-weight: 400;\">Este primer n\u00famero llevar\u00e1 por t\u00edtulo <\/span><b>\u201cEl tiempo que vivimos. COVID 19 y su impacto en nuestras sociedades\u201d, por eso<\/b><span style=\"font-weight: 400;\">\u00a0<\/span><b>se invita a la comunidad acad\u00e9mica de las Universidades que lo integran a presentar art\u00edculos de opini\u00f3n sobre las implicancias que plantea la pandemia del COVID19,<\/b><span style=\"font-weight: 400;\"> ya sea desde el punto de vista social, econ\u00f3mico, cultural, pol\u00edtico o institucional. Tambi\u00e9n se consideran escalas locales, provinciales\/estaduales, nacionales, regionales, transnacionales o globales.<\/span><\/p>\n<p style=\"text-align: justify;\"><span style=\"font-weight: 400;\">\u201c<strong>L<\/strong><\/span><i><span style=\"font-weight: 400;\"><strong>a Universidad p\u00fablica, como parte de la sociedad civil, especialmente en estas circunstancias excepcionales, desempe\u00f1a un rol central<\/strong> tanto en el diagn\u00f3stico, las respuestas te\u00f3ricas posibles o la participaci\u00f3n territorial, lo que la sit\u00faa en el plano de decisiones e intervenciones p\u00fablicas<\/span><\/i><span style=\"font-weight: 400;\">\u201d, expresan desde el Comit\u00e9 en este convocatoria.\u00a0<\/span><\/p>\n<p style=\"text-align: justify;\"><span style=\"font-weight: 400;\">\u201c<\/span><i><span style=\"font-weight: 400;\"><strong>Esto se refleja de m\u00faltiples formas, desde la contribuci\u00f3n a la construcci\u00f3n de ejes de an\u00e1lisis e investigaci\u00f3n a tareas de campo llevadas a cabo a trav\u00e9s de la extensi\u00f3n universitaria, el voluntariado y las pol\u00edticas institucionales en general<\/strong>\u201d,<\/span><\/i><span style=\"font-weight: 400;\"> agregan. Es por esto que consideran necesario compartir reflexiones y aportes de nuestras Universidades que expresen los desaf\u00edos de estos tiempos, as\u00ed como las trayectorias en la acci\u00f3n territorial.<\/span><\/p>\n<p style=\"text-align: justify;\"><span style=\"font-weight: 400;\">Los trabajos deben tener una extensi\u00f3n de entre tres y cinco p\u00e1ginas, letra Times New Roman 12, interlineado simple, si se realizan citas bibliogr\u00e1ficas ser\u00e1n seg\u00fan normas APA. <strong>Los mismos podr\u00e1n ser enviados a la Profesora Miryam Colacrai (UNR) mircolacrai@gmail.com hasta el lunes 8 de junio de 2020<\/strong>.<\/span><\/p>\n","protected":false},"excerpt":{"rendered":"<p>Hasta el 8 de junio. Impacto del COVID en lo social, econ\u00f3mico, cultural, pol\u00edtico o institucional<\/p>\n","protected":false},"author":1,"featured_media":6186,"comment_status":"closed","ping_status":"closed","sticky":false,"template":"","format":"standard","meta":{"footnotes":""},"categories":[48],"tags":[],"class_list":["post-6185","post","type-post","status-publish","format-standard","has-post-thumbnail","hentry","category-archivo-de-noticias"],"wpmagazine_modules_lite_featured_media_urls":{"thumbnail":["https:\/\/grupomontevideo.org\/site\/wp-content\/uploads\/2020\/05\/COVID2.jpeg",150,100,false],"cvmm-medium":["https:\/\/grupomontevideo.org\/site\/wp-content\/uploads\/2020\/05\/COVID2.jpeg",300,200,false],"cvmm-medium-plus":["https:\/\/grupomontevideo.org\/site\/wp-content\/uploads\/2020\/05\/COVID2.jpeg",305,203,false],"cvmm-portrait":["https:\/\/grupomontevideo.org\/site\/wp-content\/uploads\/2020\/05\/COVID2.jpeg",400,267,false],"cvmm-medium-square":["https:\/\/grupomontevideo.org\/site\/wp-content\/uploads\/2020\/05\/COVID2.jpeg",600,400,false],"cvmm-large":["https:\/\/grupomontevideo.org\/site\/wp-content\/uploads\/2020\/05\/COVID2.jpeg",1024,682,false],"cvmm-small":["https:\/\/grupomontevideo.org\/site\/wp-content\/uploads\/2020\/05\/COVID2.jpeg",130,87,false],"full":["https:\/\/grupomontevideo.org\/site\/wp-content\/uploads\/2020\/05\/COVID2.jpeg",1880,1253,false]},"categories_names":{"48":{"name":"Archivo de noticias","link":"https:\/\/grupomontevideo.org\/site\/category\/archivo-de-noticias\/"}},"tags_names":[],"comments_number":"0","_links":{"self":[{"href":"https:\/\/grupomontevideo.org\/site\/wp-json\/wp\/v2\/posts\/6185","targetHints":{"allow":["GET"]}}],"collection":[{"href":"https:\/\/grupomontevideo.org\/site\/wp-json\/wp\/v2\/posts"}],"about":[{"href":"https:\/\/grupomontevideo.org\/site\/wp-json\/wp\/v2\/types\/post"}],"author":[{"embeddable":true,"href":"https:\/\/grupomontevideo.org\/site\/wp-json\/wp\/v2\/users\/1"}],"replies":[{"embeddable":true,"href":"https:\/\/grupomontevideo.org\/site\/wp-json\/wp\/v2\/comments?post=6185"}],"version-history":[{"count":1,"href":"https:\/\/grupomontevideo.org\/site\/wp-json\/wp\/v2\/posts\/6185\/revisions"}],"predecessor-version":[{"id":15610,"href":"https:\/\/grupomontevideo.org\/site\/wp-json\/wp\/v2\/posts\/6185\/revisions\/15610"}],"wp:featuredmedia":[{"embeddable":true,"href":"https:\/\/grupomontevideo.org\/site\/wp-json\/wp\/v2\/media\/6186"}],"wp:attachment":[{"href":"https:\/\/grupomontevideo.org\/site\/wp-json\/wp\/v2\/media?parent=6185"}],"wp:term":[{"taxonomy":"category","embeddable":true,"href":"https:\/\/grupomontevideo.org\/site\/wp-json\/wp\/v2\/categories?post=6185"},{"taxonomy":"post_tag","embeddable":true,"href":"https:\/\/grupomontevideo.org\/site\/wp-json\/wp\/v2\/tags?post=6185"}],"curies":[{"name":"wp","href":"https:\/\/api.w.org\/{rel}","templated":true}]}}