{"id":6181,"date":"2020-05-27T13:04:27","date_gmt":"2020-05-27T13:04:27","guid":{"rendered":"http:\/\/grupomontevideo.org\/sitio\/?post_type=noticias&#038;p=6181"},"modified":"2022-06-22T16:34:15","modified_gmt":"2022-06-22T16:34:15","slug":"proponene-que-el-derecho-al-lavado-de-manos-sea-un-derecho-exigible","status":"publish","type":"post","link":"https:\/\/grupomontevideo.org\/site\/proponene-que-el-derecho-al-lavado-de-manos-sea-un-derecho-exigible\/","title":{"rendered":"Proponen que el lavado de manos sea un derecho exigible"},"content":{"rendered":"<p style=\"text-align: justify;\">Ramona Medina, vecina de la Villa 31 de Capital Federal y vocera de la organizaci\u00f3n La Poderosa, ven\u00eda denunciando el faltante de agua potable en el barrio: muri\u00f3 hace pocos d\u00edas a causa del coronavirus. Este episodio alarm\u00f3 a la poblaci\u00f3n general sobre el acceso al agua potable en los distintas poblaciones del pa\u00eds.<\/p>\n<p style=\"text-align: justify;\">Desde la Universidad Nacional de Rosario (UNR) ven\u00edan planteando la necesidad de formalizar el acceso al agua potable para que las personas pudieran en cualquier lugar y momento lavarse las manos, a\u00fan despu\u00e9s de la pandemia. La C\u00e1tedra del Agua de la universidad, por medio su director, el mag\u00edster en Ambiente y Desarrollo Sustentable, An\u00edbal Faccendini, present\u00f3 la propuesta \u201c<em>Derecho al lavado de manos<\/em>\u201d.<\/p>\n<p style=\"text-align: justify;\">La iniciativa plantea a los distintos estamentos del Estado, el dictado de una norma que establezca la obligatoriedad de que las dependencias p\u00fablicas y privadas de acceso p\u00fablico deban obligatoriamente garantizar a los ciudadanos los medios para una correcta higiene de manos, preferentemente con agua y jab\u00f3n, y de no ser posible con alcohol en gel o alcohol diluido en agua.<\/p>\n<p style=\"text-align: justify;\">En contacto con El Litoral, Faccendini expres\u00f3 que el \u201c<em>derecho de lavado de manos es fundamental para combatir al Covid-19, pero tambi\u00e9n es vital que se sostenga a\u00fan cuando haya pasado el coronavirus<\/em>\u201d.<\/p>\n<p style=\"text-align: justify;\">El responsable de la iniciativa cree que el hecho de poder lavarse las manos en cualquier espacios no puede quedarse meramente en una \u201crecomendaci\u00f3n sanitarista\u201d, sino que debe ser un derecho esencial y fundamental para todas las personas de la sociedad.<\/p>\n<p style=\"text-align: justify;\">\u201c<em>Si se transforma en un derecho, quiere decir que hay instituciones que est\u00e1n obligadas a cumplirlo. Es una cuesti\u00f3n obligatoria para espacios p\u00fablicos y privados\u201d y a\u00f1adi\u00f3: \u201cLa idea es que organicen los dispositivos necesarios y suficientes para que la gente pueda acceder al agua y al jab\u00f3n para lavarse las manos porque as\u00ed lo que establece la Organizaci\u00f3n Mundial de la Salud (OMS) y tambi\u00e9n la Organizaci\u00f3n Panamericana de la salud (OPS)<\/em>\u201d.<\/p>\n<p style=\"text-align: justify;\"><strong>Esencial<\/strong><\/p>\n<p style=\"text-align: justify;\">Desde Unicef indican que \u201c<em>los virus respiratorios como la enfermedad por coronavirus (COVID-19) se contagian cuando la mucosidad o las gotas que contienen el virus entran en el cuerpo a trav\u00e9s de los ojos, la nariz o la garganta. Lo m\u00e1s frecuente es que esto suceda a trav\u00e9s de las manos, que tambi\u00e9n son una de las v\u00edas m\u00e1s frecuentes de contagio de virus de una persona a otra. Durante una pandemia mundial, una de las formas m\u00e1s baratas, sencillas e importantes de prevenir el contagio de un virus es lavarse las manos frecuentemente con agua y jab\u00f3n<\/em>\u201d.<\/p>\n<p style=\"text-align: justify;\">En coincidencia, Faccendini plantea que \u201c<em>uno de los elementos fundamentales para evitar la propagaci\u00f3n del virus es el lavado de manos<\/em>\u201d y que por eso \u201c<em>imperioso que sea un derecho, que se establezca por norma jur\u00eddica, de modo que la gente puede reclamar por esto<\/em>\u201d.<\/p>\n<p style=\"text-align: justify;\">En relaci\u00f3n a si buscan que sea una ley provincia, el referente de la C\u00e1tedra del Agua de la UNR dijo: \u201c<em>Nosotros estamos planteando en distintos estamentos, preferentemente a nivel provincial pero tambi\u00e9n como ley nacional. Buscamos fortalecer la presencia. Hay cuestiones fundamentales que hacen a una pauta que hay que establecer como sociedad junto con el Estado<\/em>\u201d, y agreg\u00f3: \u201c<em>Hay barrios en los que no hay acceso al agua. Lo que le paso a Ramona en la villa 31 es un esc\u00e1ndalo \u00e9tico, ambiental<\/em>\u201d.<\/p>\n<p style=\"text-align: justify;\"><strong>El drama en la villa<\/strong><\/p>\n<p style=\"text-align: justify;\">Ramona viv\u00eda, junto a su familia, en la casa 79 de la manzana 35 en la Villa 31 y era insulino-dependiente. Parte de su familia, incluida una de sus hijas qui\u00e9n adem\u00e1s tiene una discapacidad, tambi\u00e9n se encuentra infectada de covid-19.<\/p>\n<p style=\"text-align: justify;\">Ella fue la comunicadora de la organizaci\u00f3n \u201c<em>La Poderosa<\/em>\u201d para denunciar p\u00fablicamente al gobierno de la Ciudad de Buenos Aires desde fines de abril por el abandono ante el aumento de casos en el barrio popular de Retiro y la falta del servicio de agua.<\/p>\n<p style=\"text-align: justify;\">Ramona pas\u00f3 doce d\u00edas sin servicio de agua en su casa, donde viven seis personas, cuatro de ellas, pacientes de riesgo. Una de sus hijas padece los s\u00edndromes de West y Aicardi, patolog\u00eda que le genera convulsiones refractarias no evolutivas.<\/p>\n<p style=\"text-align: justify;\">El responsable de la iniciativa cree que el hecho de poder lavarse las manos en cualquier espacios no puede quedarse meramente en una \u201c<em>recomendaci\u00f3n sanitarista<\/em>\u201d, sino que debe ser un derecho esencial y fundamental para todas las personas de la sociedad.<\/p>\n<p style=\"text-align: justify;\">\u201c<em>Durante una pandemia mundial, una de las formas m\u00e1s baratas, sencillas e importantes de prevenir el contagio de un virus es lavarse las manos frecuentemente con agua y jab\u00f3n<\/em>\u201d.<\/p>\n<p><strong>Fuente: EL Litoral\/Ignacio Pellizz\u00f3n<\/strong><\/p>\n","protected":false},"excerpt":{"rendered":"<p>Iniciativa de la C\u00e1tedra Aguas de la Universidad Nacional de Rosario <\/p>\n","protected":false},"author":1,"featured_media":6182,"comment_status":"closed","ping_status":"closed","sticky":false,"template":"","format":"standard","meta":{"footnotes":""},"categories":[48],"tags":[],"class_list":["post-6181","post","type-post","status-publish","format-standard","has-post-thumbnail","hentry","category-archivo-de-noticias"],"wpmagazine_modules_lite_featured_media_urls":{"thumbnail":["https:\/\/grupomontevideo.org\/site\/wp-content\/uploads\/2020\/05\/Lavado-de-manos.jpeg",150,100,false],"cvmm-medium":["https:\/\/grupomontevideo.org\/site\/wp-content\/uploads\/2020\/05\/Lavado-de-manos.jpeg",300,199,false],"cvmm-medium-plus":["https:\/\/grupomontevideo.org\/site\/wp-content\/uploads\/2020\/05\/Lavado-de-manos.jpeg",305,203,false],"cvmm-portrait":["https:\/\/grupomontevideo.org\/site\/wp-content\/uploads\/2020\/05\/Lavado-de-manos.jpeg",400,266,false],"cvmm-medium-square":["https:\/\/grupomontevideo.org\/site\/wp-content\/uploads\/2020\/05\/Lavado-de-manos.jpeg",600,399,false],"cvmm-large":["https:\/\/grupomontevideo.org\/site\/wp-content\/uploads\/2020\/05\/Lavado-de-manos.jpeg",1024,680,false],"cvmm-small":["https:\/\/grupomontevideo.org\/site\/wp-content\/uploads\/2020\/05\/Lavado-de-manos.jpeg",130,86,false],"full":["https:\/\/grupomontevideo.org\/site\/wp-content\/uploads\/2020\/05\/Lavado-de-manos.jpeg",1600,1063,false]},"categories_names":{"48":{"name":"Archivo de noticias","link":"https:\/\/grupomontevideo.org\/site\/category\/archivo-de-noticias\/"}},"tags_names":[],"comments_number":"0","_links":{"self":[{"href":"https:\/\/grupomontevideo.org\/site\/wp-json\/wp\/v2\/posts\/6181","targetHints":{"allow":["GET"]}}],"collection":[{"href":"https:\/\/grupomontevideo.org\/site\/wp-json\/wp\/v2\/posts"}],"about":[{"href":"https:\/\/grupomontevideo.org\/site\/wp-json\/wp\/v2\/types\/post"}],"author":[{"embeddable":true,"href":"https:\/\/grupomontevideo.org\/site\/wp-json\/wp\/v2\/users\/1"}],"replies":[{"embeddable":true,"href":"https:\/\/grupomontevideo.org\/site\/wp-json\/wp\/v2\/comments?post=6181"}],"version-history":[{"count":1,"href":"https:\/\/grupomontevideo.org\/site\/wp-json\/wp\/v2\/posts\/6181\/revisions"}],"predecessor-version":[{"id":15611,"href":"https:\/\/grupomontevideo.org\/site\/wp-json\/wp\/v2\/posts\/6181\/revisions\/15611"}],"wp:featuredmedia":[{"embeddable":true,"href":"https:\/\/grupomontevideo.org\/site\/wp-json\/wp\/v2\/media\/6182"}],"wp:attachment":[{"href":"https:\/\/grupomontevideo.org\/site\/wp-json\/wp\/v2\/media?parent=6181"}],"wp:term":[{"taxonomy":"category","embeddable":true,"href":"https:\/\/grupomontevideo.org\/site\/wp-json\/wp\/v2\/categories?post=6181"},{"taxonomy":"post_tag","embeddable":true,"href":"https:\/\/grupomontevideo.org\/site\/wp-json\/wp\/v2\/tags?post=6181"}],"curies":[{"name":"wp","href":"https:\/\/api.w.org\/{rel}","templated":true}]}}