{"id":6179,"date":"2020-05-27T12:51:26","date_gmt":"2020-05-27T12:51:26","guid":{"rendered":"http:\/\/grupomontevideo.org\/sitio\/?post_type=noticias&#038;p=6179"},"modified":"2022-06-22T16:34:15","modified_gmt":"2022-06-22T16:34:15","slug":"seminario-web-recursos-y-plataformas-para-la-respuesta-educativa-frente-al-covid-19","status":"publish","type":"post","link":"https:\/\/grupomontevideo.org\/site\/seminario-web-recursos-y-plataformas-para-la-respuesta-educativa-frente-al-covid-19\/","title":{"rendered":"Seminario web: Recursos y plataformas para la respuesta educativa frente al COVID-19"},"content":{"rendered":"<p style=\"text-align: justify;\">La\u00a0<strong>UNESCO<\/strong>, en colaboraci\u00f3n con el\u00a0<a href=\"https:\/\/www.facebook.com\/GREducacionLAC\" data-saferedirecturl=\"https:\/\/www.google.com\/url?q=https:\/\/www.facebook.com\/GREducacionLAC&amp;source=gmail&amp;ust=1590670283018000&amp;usg=AFQjCNFgdztIs01VE11fJT6SZ26g-Z9D6w\"><strong>Grupo Regional de Educaci\u00f3n Am\u00e9rica Latina y el Caribe para la Gesti\u00f3n del Riesgo, Desastres y Migraci\u00f3n<\/strong><\/a> lanz\u00f3\u00a0la serie de <strong><a href=\"https:\/\/es.unesco.org\/node\/322376\" data-saferedirecturl=\"https:\/\/www.google.com\/url?q=https:\/\/es.unesco.org\/node\/322376&amp;source=gmail&amp;ust=1590670283018000&amp;usg=AFQjCNGudjlf-7YYgjj7PbPbE3hqIpLiRQ\">seminarios web \u201cNo dejar a nadie atr\u00e1s en tiempos de COVID-19\u201d<\/a><\/strong>.<\/p>\n<p style=\"text-align: justify;\">En este marco le invitamos a una nueva reflexi\u00f3n sobre las principales plataformas y recursos disponibles orientados especialmente a autoridades educativas, docentes y estudiantes y sus familias, para hacer frente a los desaf\u00edos de proveer servicios educativos frente a la pandemia de COVID-19.<\/p>\n<p style=\"text-align: justify;\">Este quinto seminario web ser\u00e1 facilitado por la\u00a0<a href=\"https:\/\/inee.org\/es\" data-saferedirecturl=\"https:\/\/www.google.com\/url?q=https:\/\/inee.org\/es&amp;source=gmail&amp;ust=1590670283018000&amp;usg=AFQjCNE-2VUP_Ya_DIGXUgof3FAzDCVGzg\">Red Interagencial para la Educaci\u00f3n en Situaciones de Emergencia (INEE)<\/a>, y es organizado de forma conjunta por el Grupo Regional de Educaci\u00f3n Am\u00e9rica Latina y el Caribe Gesti\u00f3n del Riesgo, Desastres y Migraci\u00f3n el cual es co-liderado por UNICEF y Save the Children. El evento se realizar\u00e1 en espa\u00f1ol, a trav\u00e9s de la plataforma Zoom y contar\u00e1 con presentaciones de panelistas expertos, como tambi\u00e9n de la organizaci\u00f3n facilitadora.<\/p>\n<p style=\"text-align: justify;\">El evento se realizar\u00e1 en espa\u00f1ol a trav\u00e9s de la plataforma Zoom y el\u00a0<a href=\"https:\/\/youtu.be\/m_ufvbLJotQ\" data-saferedirecturl=\"https:\/\/www.google.com\/url?q=https:\/\/youtu.be\/m_ufvbLJotQ&amp;source=gmail&amp;ust=1590670283018000&amp;usg=AFQjCNHTxHj50jO0F3WH-ULlgtM1EMsNJg\">canal de Youtube de la OREALC\/UNESCO Santiago<\/a>\u00a0y contar\u00e1 con presentaciones de panelistas expertos, como tambi\u00e9n de las organizaciones facilitadoras.<\/p>\n<p style=\"text-align: justify;\">Adjuntamos la nota conceptual de este seminario con informaci\u00f3n m\u00e1s detallada.<\/p>\n<p style=\"text-align: justify;\"><a href=\"https:\/\/es.unesco.org\/node\/322376\" data-saferedirecturl=\"https:\/\/www.google.com\/url?q=https:\/\/es.unesco.org\/node\/322376&amp;source=gmail&amp;ust=1590670283018000&amp;usg=AFQjCNGudjlf-7YYgjj7PbPbE3hqIpLiRQ\">Vea los temas de los pr\u00f3ximos seminarios<\/a><\/p>\n<p style=\"font-weight: 400;\">Les esperamos el\u00a0jueves 28 de mayo\u00a0de 11 a 12.30 h, -4 UTC<br \/>\n(<a href=\"https:\/\/time.is\/es\/Santiago\" data-saferedirecturl=\"https:\/\/www.google.com\/url?q=https:\/\/time.is\/es\/Santiago&amp;source=gmail&amp;ust=1590670283018000&amp;usg=AFQjCNEs8jXtQRnMZVI6A_1B63RShgEGRQ\">Verifique el horario de Santiago, Chile, de acuerdo a su ubicaci\u00f3n<\/a>)<\/p>\n<hr \/>\n<p style=\"text-align: center;\"><strong><a href=\"https:\/\/docs.google.com\/forms\/d\/e\/1FAIpQLSd7B7bobDir2dXuRn2RFNdTTXdXCjso6M2ubabqF2_h4PBM6w\/viewform\">Inscr\u00edbase<\/a><\/strong><\/p>\n<hr \/>\n<p style=\"text-align: center;\">\n","protected":false},"excerpt":{"rendered":"<p>Este jueves 28 de mayo a las 11 horas de Santiago de Chile.  <\/p>\n","protected":false},"author":1,"featured_media":6180,"comment_status":"closed","ping_status":"closed","sticky":false,"template":"","format":"standard","meta":{"footnotes":""},"categories":[48],"tags":[],"class_list":["post-6179","post","type-post","status-publish","format-standard","has-post-thumbnail","hentry","category-archivo-de-noticias"],"wpmagazine_modules_lite_featured_media_urls":{"thumbnail":["https:\/\/grupomontevideo.org\/site\/wp-content\/uploads\/2020\/05\/Nodejarnadieatras.png",150,80,false],"cvmm-medium":["https:\/\/grupomontevideo.org\/site\/wp-content\/uploads\/2020\/05\/Nodejarnadieatras.png",300,159,false],"cvmm-medium-plus":["https:\/\/grupomontevideo.org\/site\/wp-content\/uploads\/2020\/05\/Nodejarnadieatras.png",305,162,false],"cvmm-portrait":["https:\/\/grupomontevideo.org\/site\/wp-content\/uploads\/2020\/05\/Nodejarnadieatras.png",400,212,false],"cvmm-medium-square":["https:\/\/grupomontevideo.org\/site\/wp-content\/uploads\/2020\/05\/Nodejarnadieatras.png",600,318,false],"cvmm-large":["https:\/\/grupomontevideo.org\/site\/wp-content\/uploads\/2020\/05\/Nodejarnadieatras.png",797,423,false],"cvmm-small":["https:\/\/grupomontevideo.org\/site\/wp-content\/uploads\/2020\/05\/Nodejarnadieatras.png",130,69,false],"full":["https:\/\/grupomontevideo.org\/site\/wp-content\/uploads\/2020\/05\/Nodejarnadieatras.png",797,423,false]},"categories_names":{"48":{"name":"Archivo de noticias","link":"https:\/\/grupomontevideo.org\/site\/category\/archivo-de-noticias\/"}},"tags_names":[],"comments_number":"0","_links":{"self":[{"href":"https:\/\/grupomontevideo.org\/site\/wp-json\/wp\/v2\/posts\/6179","targetHints":{"allow":["GET"]}}],"collection":[{"href":"https:\/\/grupomontevideo.org\/site\/wp-json\/wp\/v2\/posts"}],"about":[{"href":"https:\/\/grupomontevideo.org\/site\/wp-json\/wp\/v2\/types\/post"}],"author":[{"embeddable":true,"href":"https:\/\/grupomontevideo.org\/site\/wp-json\/wp\/v2\/users\/1"}],"replies":[{"embeddable":true,"href":"https:\/\/grupomontevideo.org\/site\/wp-json\/wp\/v2\/comments?post=6179"}],"version-history":[{"count":1,"href":"https:\/\/grupomontevideo.org\/site\/wp-json\/wp\/v2\/posts\/6179\/revisions"}],"predecessor-version":[{"id":15612,"href":"https:\/\/grupomontevideo.org\/site\/wp-json\/wp\/v2\/posts\/6179\/revisions\/15612"}],"wp:featuredmedia":[{"embeddable":true,"href":"https:\/\/grupomontevideo.org\/site\/wp-json\/wp\/v2\/media\/6180"}],"wp:attachment":[{"href":"https:\/\/grupomontevideo.org\/site\/wp-json\/wp\/v2\/media?parent=6179"}],"wp:term":[{"taxonomy":"category","embeddable":true,"href":"https:\/\/grupomontevideo.org\/site\/wp-json\/wp\/v2\/categories?post=6179"},{"taxonomy":"post_tag","embeddable":true,"href":"https:\/\/grupomontevideo.org\/site\/wp-json\/wp\/v2\/tags?post=6179"}],"curies":[{"name":"wp","href":"https:\/\/api.w.org\/{rel}","templated":true}]}}