{"id":6176,"date":"2020-05-25T17:44:17","date_gmt":"2020-05-25T17:44:17","guid":{"rendered":"http:\/\/grupomontevideo.org\/sitio\/?post_type=noticias&#038;p=6176"},"modified":"2022-06-22T16:34:16","modified_gmt":"2022-06-22T16:34:16","slug":"foro-virtual-de-rectores-sobre-educacion-superior-ante-el-covid-19-desafios-y-oportunidades","status":"publish","type":"post","link":"https:\/\/grupomontevideo.org\/site\/foro-virtual-de-rectores-sobre-educacion-superior-ante-el-covid-19-desafios-y-oportunidades\/","title":{"rendered":"Foro Virtual de Rectores sobre Educaci\u00f3n Superior ante el COVID-19: Desaf\u00edos y Oportunidades"},"content":{"rendered":"<p><strong>El Foro Abierto de Ciencias para Am\u00e9rica Latina y el Caribe (CILAC) y el Instituto Internacional de la UNESCO para la Educaci\u00f3n Superior en Am\u00e9rica Latina y el Caribe (IESALC) invitan a las autoridades de educaci\u00f3n superior de la regi\u00f3n al Foro Virtual de Rectores sobre Educaci\u00f3n Superior ante el COVID-19<\/strong>, que tendr\u00e1 lugar el pr\u00f3ximo jueves 28 de mayo de 2020 a las 10:30 am (hora de Caracas, Venezuela).<\/p>\n<p style=\"text-align: justify;\">Uno de los sectores m\u00e1s fuertemente impactados por el COVID-19 es la educaci\u00f3n superior. Por ello, las universidades est\u00e1n llamadas a brindar una respuesta esencial desde su agenda investigativa y dar continuidad al proceso educativo; en este contexto <strong>el Foro Virtual de Rectores busca promover el di\u00e1logo para la construcci\u00f3n de voluntades de acci\u00f3n conjunta a las universidades y el papel de las mismas en la producci\u00f3n del capital humano para la transformaci\u00f3n y del conocimiento cient\u00edfico necesario para el desarrollo sostenido de nuestra regi\u00f3n<\/strong>.<\/p>\n<p style=\"text-align: justify;\">La agenda de este encuentro se estructurar\u00e1 a partir del reciente informe del IESALC titulado COVID-19 y Educaci\u00f3n Superior: De los efectos inmediatos al d\u00eda despu\u00e9s, que servir\u00e1 de punto de partida para delinear la reflexi\u00f3n de los rectores de Am\u00e9rica Latina en torno a los impactos y transformaciones en curso, as\u00ed como para dar a conocer las actuales agendas de pol\u00edtica gubernamental que desde los distintos pa\u00edses se desarrollan, perfilando as\u00ed un mejor pron\u00f3stico a la respuesta de la educaci\u00f3n superior latinoamericana a la pandemia COVID-19.<\/p>\n<p style=\"text-align: justify;\"><strong>El Foro de Rectores es el primero de una serie de webinars programados por el Foro CILAC de mayo 2020 a marzo 2021 como parte de un movimiento continuo de colaboraci\u00f3n, reflexi\u00f3n e identificaci\u00f3n de acciones compartidas en la regi\u00f3n.<\/strong><\/p>\n<p style=\"text-align: justify;\">Este primer foro virtual de rectores sobre educaci\u00f3n superior est\u00e1 organizado bajo el liderato conjunto de los socios regionales de CILAC (UNESCO, Asociaci\u00f3n de Universidades Grupo Montevideo AUGM, Secretar\u00eda General Iberoamericana SEGIB, Organizaci\u00f3n de Estados Iberoamericanos para la Educaci\u00f3n, la Ciencia y la Cultura OEI y Banco Interamericano de Desarrollo BID) y el IESALC. <strong>El evento ser\u00e1 transmitido en vivo v\u00eda streaming bajo la plataforma ZOOM. Los interesados en participar deben registrarse en el <a href=\"https:\/\/zoom.us\/webinar\/register\/WN_ursEi56HTRKGmdeY4JEGPQ\">siguiente formulario<\/a>.<\/strong><\/p>\n<p style=\"text-align: justify;\">Este primer foro virtual de rectores se articular\u00e1 con un segundo foro sobre las contribuciones de las universidades desde la agenda investigativa en la lucha contra el virus SARS-CoV19.<\/p>\n<p style=\"text-align: justify;\">Participar\u00e1n en el panel de este Primer Foro Virtual de Rectores sobre Educaci\u00f3n Superior Delfina Veirav\u00e9 \/ Rectora de la Universidad Nacional del Nordeste (Argentina); Ger\u00f3nimo Laviosa \/ Rector de la Universidad Nacional del Este (Paraguay); Rodrigo Arim \/ Rector de la Universidad de la Rep\u00fablica (Uruguay); Sandra Regina Goulart Almeida \/ Rectora de la Universidad Federal de Minas Gerais (Brasil); Alejandro Gaviria Uribe \/ Rector de la Universidad de Los Andes (Colombia); Hugo Juri \/ Rector de la Universidad Nacional de C\u00f3rdoba (Argentina); Orestes Cachay Boza \/ Rector de la Universidad de San Marcos (Per\u00fa); Enrique Luis Graue \/ Universidad Nacional Aut\u00f3noma de M\u00e9xico (M\u00e9xico); Miriam Nikado \/ Rectora de la Universidad de La Habana (Cuba).<\/p>\n<p><strong>Fuente: IESALC &#8211; UNESCO\u00a0<\/strong><\/p>\n<p style=\"text-align: justify;\"><a href=\"https:\/\/grupomontevideo.org\/site\/wp-content\/uploads\/2020\/05\/unnamed.png\"><img fetchpriority=\"high\" decoding=\"async\" class=\"alignleft size-full wp-image-6177\" src=\"https:\/\/grupomontevideo.org\/site\/wp-content\/uploads\/2020\/05\/unnamed.png\" alt=\"\" width=\"1024\" height=\"1322\" \/><\/a><\/p>\n","protected":false},"excerpt":{"rendered":"<p>Convocatoria a autoridades de Educaci\u00f3n Superior de la regi\u00f3n. <\/p>\n","protected":false},"author":1,"featured_media":6178,"comment_status":"closed","ping_status":"closed","sticky":false,"template":"","format":"standard","meta":{"footnotes":""},"categories":[48],"tags":[],"class_list":["post-6176","post","type-post","status-publish","format-standard","has-post-thumbnail","hentry","category-archivo-de-noticias"],"wpmagazine_modules_lite_featured_media_urls":{"thumbnail":["https:\/\/grupomontevideo.org\/site\/wp-content\/uploads\/2020\/05\/Pexels.jpeg",150,71,false],"cvmm-medium":["https:\/\/grupomontevideo.org\/site\/wp-content\/uploads\/2020\/05\/Pexels.jpeg",300,143,false],"cvmm-medium-plus":["https:\/\/grupomontevideo.org\/site\/wp-content\/uploads\/2020\/05\/Pexels.jpeg",305,145,false],"cvmm-portrait":["https:\/\/grupomontevideo.org\/site\/wp-content\/uploads\/2020\/05\/Pexels.jpeg",400,190,false],"cvmm-medium-square":["https:\/\/grupomontevideo.org\/site\/wp-content\/uploads\/2020\/05\/Pexels.jpeg",600,285,false],"cvmm-large":["https:\/\/grupomontevideo.org\/site\/wp-content\/uploads\/2020\/05\/Pexels.jpeg",1024,487,false],"cvmm-small":["https:\/\/grupomontevideo.org\/site\/wp-content\/uploads\/2020\/05\/Pexels.jpeg",130,62,false],"full":["https:\/\/grupomontevideo.org\/site\/wp-content\/uploads\/2020\/05\/Pexels.jpeg",1880,894,false]},"categories_names":{"48":{"name":"Archivo de noticias","link":"https:\/\/grupomontevideo.org\/site\/category\/archivo-de-noticias\/"}},"tags_names":[],"comments_number":"0","_links":{"self":[{"href":"https:\/\/grupomontevideo.org\/site\/wp-json\/wp\/v2\/posts\/6176","targetHints":{"allow":["GET"]}}],"collection":[{"href":"https:\/\/grupomontevideo.org\/site\/wp-json\/wp\/v2\/posts"}],"about":[{"href":"https:\/\/grupomontevideo.org\/site\/wp-json\/wp\/v2\/types\/post"}],"author":[{"embeddable":true,"href":"https:\/\/grupomontevideo.org\/site\/wp-json\/wp\/v2\/users\/1"}],"replies":[{"embeddable":true,"href":"https:\/\/grupomontevideo.org\/site\/wp-json\/wp\/v2\/comments?post=6176"}],"version-history":[{"count":1,"href":"https:\/\/grupomontevideo.org\/site\/wp-json\/wp\/v2\/posts\/6176\/revisions"}],"predecessor-version":[{"id":15613,"href":"https:\/\/grupomontevideo.org\/site\/wp-json\/wp\/v2\/posts\/6176\/revisions\/15613"}],"wp:featuredmedia":[{"embeddable":true,"href":"https:\/\/grupomontevideo.org\/site\/wp-json\/wp\/v2\/media\/6178"}],"wp:attachment":[{"href":"https:\/\/grupomontevideo.org\/site\/wp-json\/wp\/v2\/media?parent=6176"}],"wp:term":[{"taxonomy":"category","embeddable":true,"href":"https:\/\/grupomontevideo.org\/site\/wp-json\/wp\/v2\/categories?post=6176"},{"taxonomy":"post_tag","embeddable":true,"href":"https:\/\/grupomontevideo.org\/site\/wp-json\/wp\/v2\/tags?post=6176"}],"curies":[{"name":"wp","href":"https:\/\/api.w.org\/{rel}","templated":true}]}}