{"id":6172,"date":"2020-05-25T12:33:30","date_gmt":"2020-05-25T12:33:30","guid":{"rendered":"http:\/\/grupomontevideo.org\/sitio\/?post_type=noticias&#038;p=6172"},"modified":"2022-06-22T16:34:16","modified_gmt":"2022-06-22T16:34:16","slug":"nueva-publicacion-cuales-son-las-transformaciones-territoriales-recientes-en-el-sudoeste-bonaerense","status":"publish","type":"post","link":"https:\/\/grupomontevideo.org\/site\/nueva-publicacion-cuales-son-las-transformaciones-territoriales-recientes-en-el-sudoeste-bonaerense\/","title":{"rendered":"Nueva publicaci\u00f3n: \u00bfCu\u00e1les son las transformaciones territoriales recientes en el sudoeste bonaerense?"},"content":{"rendered":"<p style=\"text-align: justify;\">El<strong> Comit\u00e9 Acad\u00e9mico Desarrollo Regional de la Asociaci\u00f3n de Universidades Grupo Montevideo (AUGM) lanz\u00f3 la publicaci\u00f3n \u201c<i>Investigaciones para el Desarrollo Territorial del sudoeste bonaerense (provincia de Buenos Aires \u2013 Argentina)<\/i><\/strong><span style=\"font-weight: 400;\"><strong>\u201d,<\/strong> que se desprende de su XII Bienal \u201c<\/span><i><span style=\"font-weight: 400;\">Interrogantes y desaf\u00edos en las territorialidades emergentes<\/span><\/i><span style=\"font-weight: 400;\">\u201d, actividad que se llev\u00f3 a cabo en Bah\u00eda Blanca (2018) y que reuni\u00f3 m\u00e1s de 200 ponencias.\u00a0<\/span><\/p>\n<p style=\"text-align: justify;\"><strong>Este trabajo, el tercero de la serie donde se muestran transformaciones territoriales a diferentes escalas, agrupa aquellos trabajos que reflejan la realidad del espacio regional que rodea a la ciudad de Bah\u00eda Blanca.\u00a0<\/strong><\/p>\n<p><a href=\"http:\/\/grupomontevideo.org\/ndca\/cadesarrollo\/wp-content\/uploads\/2020\/05\/INVESTIGACIONES-PARA-EL-DESARROLLO-TERRITORIAL.pdf\" target=\"_blank\" rel=\"noopener noreferrer\"><img fetchpriority=\"high\" decoding=\"async\" class=\"wp-image-6173 alignleft\" title=\"Vea la publicaci\u00f3n aqu\u00ed\" src=\"https:\/\/grupomontevideo.org\/site\/wp-content\/uploads\/2020\/05\/INVESTIGACIONES-PARA-EL-DESARROLLO-TERRITORIAL-1-1_page-0001.jpg\" alt=\"\" width=\"200\" height=\"270\" \/><\/a><\/p>\n<p style=\"text-align: justify;\"><span style=\"font-weight: 400;\">En este sentido, <strong>el presente volumen exhibe dos grupos de trabajo<\/strong>: aquellos que se centran sobre algunas de las transformaciones territoriales recientes producidas en los partidos del sudoeste bonaerense (provincia de Buenos Aires, Argentina); y aquellos que focalizan en el rol central que posee la ciudad de Bah\u00eda Blanca como espacio de articulaci\u00f3n entre el sur de la provincia de Buenos Aires y la Patagonia, como principal ciudad intermedia de la regi\u00f3n del sudoeste Bonaerense.\u00a0<\/span><\/p>\n<p style=\"text-align: justify;\"><span style=\"font-weight: 400;\">La publicaci\u00f3n de estas ponencias es fruto del compromiso institucional de la Universidad Nacional del Sur (UNS), a trav\u00e9s de sus representantes en el Comit\u00e9 Acad\u00e9mico de Desarrollo Regional (CADR-AUGM), que act\u00faan como coordinadoras de esta publicaci\u00f3n, junto al apoyo financiero de la Agencia de Formaci\u00f3n Cient\u00edfica y Tecnol\u00f3gica de Argentina, explican en la introducci\u00f3n.\u00a0<\/span><\/p>\n<p style=\"text-align: justify;\"><span style=\"font-weight: 400;\"><strong>La selecci\u00f3n de trabajos realizada por las coordinadoras Ana L\u00eda Guerrero, Marianela De Batista y Mar\u00eda Emilia Estrada, busc\u00f3 que los mismos mostraran investigaciones con aportes multidisciplinarios de diversos partidos de la regi\u00f3n<\/strong> y representativos de la actual situaci\u00f3n del Desarrollo Regional en la Regi\u00f3n del Sudoeste Bonaerense.<\/span><\/p>\n<hr \/>\n<p><strong>T\u00edtulos Anteriores:<\/strong><\/p>\n<hr \/>\n<p><em>Am\u00e9rica Latina: interrogantes y desaf\u00edos en las territorialidades emergentes<br \/>\n<\/em>Editor: CA Desarrollo Regional \/ ediUNS<br \/>\nCoordinadras: Ana L\u00eda Guerrero &#8211; Marianela De Batista &#8211; Mar\u00eda Emilia Estrada<br \/>\n<strong><a href=\"http:\/\/grupomontevideo.org\/publicaciones\/wp-content\/uploads\/2019\/09\/America-Latina_interrogantes-1-1.pdf\">Ver<\/a><\/strong><br \/>\n<em><img decoding=\"async\" class=\"wp-image-159 alignleft\" src=\"http:\/\/grupomontevideo.org\/publicaciones\/wp-content\/uploads\/2019\/09\/America-Latina_interrogantes-1-1_pages-to-jpg-0001.jpg\" alt=\"\" width=\"145\" height=\"196\" \/><br \/>\n<\/em><br \/>\n&nbsp;<br \/>\n&nbsp;<br \/>\n&nbsp;<br \/>\n&nbsp;<br \/>\n&nbsp;<\/p>\n<hr \/>\n<p><em>Desarrollo Regional en Sudam\u00e9rica: Investigaciones y aportes multidisciplinarios<\/em><br \/>\nEditor: CA Desarrollo Regional \/ ediUNS<br \/>\nCoordinadras: Ana L\u00eda Guerrero &#8211; Marianela De Batista &#8211; Mar\u00eda Emilia Estrada<br \/>\n<strong><a href=\"http:\/\/grupomontevideo.org\/publicaciones\/wp-content\/uploads\/2019\/11\/Desarrollo-Regional-2.pdf\">Ver<\/a><\/strong><br \/>\n<em>\u00a0<img decoding=\"async\" class=\"alignleft wp-image-207\" src=\"http:\/\/grupomontevideo.org\/publicaciones\/wp-content\/uploads\/2019\/11\/Desarrollo-Regional-2_pages-to-jpg-0001.jpg\" alt=\"\" width=\"147\" height=\"199\" \/><br \/>\n<\/em><\/p>\n<figure><\/figure>\n<p>&lt;<br \/>\n&nbsp;<br \/>\n&nbsp;<br \/>\n&nbsp;<br \/>\n&nbsp;<\/p>\n<hr \/>\n<p>&nbsp;<\/p>\n","protected":false},"excerpt":{"rendered":"<p>Producci\u00f3n del Comit\u00e9 Acad\u00e9mico Desarrollo Regional de AUGM <\/p>\n","protected":false},"author":1,"featured_media":6174,"comment_status":"closed","ping_status":"closed","sticky":false,"template":"","format":"standard","meta":{"footnotes":""},"categories":[48],"tags":[],"class_list":["post-6172","post","type-post","status-publish","format-standard","has-post-thumbnail","hentry","category-archivo-de-noticias"],"wpmagazine_modules_lite_featured_media_urls":{"thumbnail":["https:\/\/grupomontevideo.org\/site\/wp-content\/uploads\/2020\/05\/Portada-Transformaciones-Territoriales.png",150,75,false],"cvmm-medium":["https:\/\/grupomontevideo.org\/site\/wp-content\/uploads\/2020\/05\/Portada-Transformaciones-Territoriales.png",300,150,false],"cvmm-medium-plus":["https:\/\/grupomontevideo.org\/site\/wp-content\/uploads\/2020\/05\/Portada-Transformaciones-Territoriales.png",305,153,false],"cvmm-portrait":["https:\/\/grupomontevideo.org\/site\/wp-content\/uploads\/2020\/05\/Portada-Transformaciones-Territoriales.png",400,200,false],"cvmm-medium-square":["https:\/\/grupomontevideo.org\/site\/wp-content\/uploads\/2020\/05\/Portada-Transformaciones-Territoriales.png",600,300,false],"cvmm-large":["https:\/\/grupomontevideo.org\/site\/wp-content\/uploads\/2020\/05\/Portada-Transformaciones-Territoriales.png",1024,512,false],"cvmm-small":["https:\/\/grupomontevideo.org\/site\/wp-content\/uploads\/2020\/05\/Portada-Transformaciones-Territoriales.png",130,65,false],"full":["https:\/\/grupomontevideo.org\/site\/wp-content\/uploads\/2020\/05\/Portada-Transformaciones-Territoriales.png",1024,512,false]},"categories_names":{"48":{"name":"Archivo de noticias","link":"https:\/\/grupomontevideo.org\/site\/category\/archivo-de-noticias\/"}},"tags_names":[],"comments_number":"0","_links":{"self":[{"href":"https:\/\/grupomontevideo.org\/site\/wp-json\/wp\/v2\/posts\/6172","targetHints":{"allow":["GET"]}}],"collection":[{"href":"https:\/\/grupomontevideo.org\/site\/wp-json\/wp\/v2\/posts"}],"about":[{"href":"https:\/\/grupomontevideo.org\/site\/wp-json\/wp\/v2\/types\/post"}],"author":[{"embeddable":true,"href":"https:\/\/grupomontevideo.org\/site\/wp-json\/wp\/v2\/users\/1"}],"replies":[{"embeddable":true,"href":"https:\/\/grupomontevideo.org\/site\/wp-json\/wp\/v2\/comments?post=6172"}],"version-history":[{"count":1,"href":"https:\/\/grupomontevideo.org\/site\/wp-json\/wp\/v2\/posts\/6172\/revisions"}],"predecessor-version":[{"id":15614,"href":"https:\/\/grupomontevideo.org\/site\/wp-json\/wp\/v2\/posts\/6172\/revisions\/15614"}],"wp:featuredmedia":[{"embeddable":true,"href":"https:\/\/grupomontevideo.org\/site\/wp-json\/wp\/v2\/media\/6174"}],"wp:attachment":[{"href":"https:\/\/grupomontevideo.org\/site\/wp-json\/wp\/v2\/media?parent=6172"}],"wp:term":[{"taxonomy":"category","embeddable":true,"href":"https:\/\/grupomontevideo.org\/site\/wp-json\/wp\/v2\/categories?post=6172"},{"taxonomy":"post_tag","embeddable":true,"href":"https:\/\/grupomontevideo.org\/site\/wp-json\/wp\/v2\/tags?post=6172"}],"curies":[{"name":"wp","href":"https:\/\/api.w.org\/{rel}","templated":true}]}}