{"id":6167,"date":"2020-05-21T18:07:11","date_gmt":"2020-05-21T18:07:11","guid":{"rendered":"http:\/\/grupomontevideo.org\/sitio\/?post_type=noticias&#038;p=6167"},"modified":"2022-06-22T16:34:16","modified_gmt":"2022-06-22T16:34:16","slug":"comite-academico-genero-acordo-llevar-adelante-webinario-junto-a-mercociudades","status":"publish","type":"post","link":"https:\/\/grupomontevideo.org\/site\/comite-academico-genero-acordo-llevar-adelante-webinario-junto-a-mercociudades\/","title":{"rendered":"Comit\u00e9 Acad\u00e9mico Accesibilidad y Discapacidad acord\u00f3 llevar adelante webinario junto a Mercociudades"},"content":{"rendered":"<p style=\"text-align: justify;\">El <strong>Comit\u00e9 Acad\u00e9mico Accesibilidad y Discapacidad de la Asociaci\u00f3n de Universidades Grupo Montevideo (AUGM) se reuni\u00f3 este lunes 18 de mayo para profundizar la comunicaci\u00f3n entre sus integrantes a partir de las definiciones de su \u00faltima Reuni\u00f3n Anual<\/strong>, realizada en Santa Fe, que debieron ser modificadas a partir de la existencia de emergencia sanitaria.<\/p>\n<p style=\"text-align: justify;\"><span style=\"font-weight: 400;\">En este sentido, <strong>los participantes acordaron realizar la Primera Reuni\u00f3n Anual del agrupamiento a las 16 horas del 10 de agosto a trav\u00e9s de la plataforma Zoom<\/strong>, y la Segunda Reuni\u00f3n Anual en noviembre &#8211; diciembre. La presencialidad de este segundo encuentro se evaluar\u00e1 tomando en cuenta las condiciones sanitarias de los pa\u00edses participantes.<\/span><\/p>\n<p style=\"text-align: justify;\"><span style=\"font-weight: 400;\"><strong>En esta reuni\u00f3n tambi\u00e9n se evalu\u00f3 la posibilidad de realizar un seminario web junto a Mercociudades, experiencia que se llev\u00f3 a cabo con el <a href=\"http:\/\/grupomontevideo.org\/sitio\/noticias\/te-lo-perdiste-webinario-completo-video-abordaje-de-la-violencia-basada-en-genero-en-contexto-de-emergencia-sanitaria\/\">Comit\u00e9 Acad\u00e9mico G\u00e9nero recientemente.<\/a> Hubo consenso sobre llevar adelante este punto<\/strong> y acordaron definir el contenido del espacio y los nombres de los participantes.\u00a0<\/span><\/p>\n<p style=\"text-align: justify;\"><span style=\"font-weight: 400;\">Tambi\u00e9n abordaron en este encuentro virtual los avances sobre la futura publicaci\u00f3n del Comit\u00e9. Se aprob\u00f3 lo trabajado por el sub-comit\u00e9 designado para esta tarea que defini\u00f3\u00a0 que el formato digital de la publicaci\u00f3n debe ser accesible y mantener el compromiso de traducirlo a lectura f\u00e1cil una vez finalizado.\u00a0<\/span><\/p>\n","protected":false},"excerpt":{"rendered":"<p>Definieron que la Reuni\u00f3n Anual ser\u00e1 el 10 de agosto <\/p>\n","protected":false},"author":1,"featured_media":6171,"comment_status":"closed","ping_status":"closed","sticky":false,"template":"","format":"standard","meta":{"footnotes":""},"categories":[48],"tags":[],"class_list":["post-6167","post","type-post","status-publish","format-standard","has-post-thumbnail","hentry","category-archivo-de-noticias"],"wpmagazine_modules_lite_featured_media_urls":{"thumbnail":["https:\/\/grupomontevideo.org\/site\/wp-content\/uploads\/2020\/05\/AccesibilidadPagina.png",150,75,false],"cvmm-medium":["https:\/\/grupomontevideo.org\/site\/wp-content\/uploads\/2020\/05\/AccesibilidadPagina.png",300,150,false],"cvmm-medium-plus":["https:\/\/grupomontevideo.org\/site\/wp-content\/uploads\/2020\/05\/AccesibilidadPagina.png",305,153,false],"cvmm-portrait":["https:\/\/grupomontevideo.org\/site\/wp-content\/uploads\/2020\/05\/AccesibilidadPagina.png",400,200,false],"cvmm-medium-square":["https:\/\/grupomontevideo.org\/site\/wp-content\/uploads\/2020\/05\/AccesibilidadPagina.png",600,300,false],"cvmm-large":["https:\/\/grupomontevideo.org\/site\/wp-content\/uploads\/2020\/05\/AccesibilidadPagina.png",1024,512,false],"cvmm-small":["https:\/\/grupomontevideo.org\/site\/wp-content\/uploads\/2020\/05\/AccesibilidadPagina.png",130,65,false],"full":["https:\/\/grupomontevideo.org\/site\/wp-content\/uploads\/2020\/05\/AccesibilidadPagina.png",1024,512,false]},"categories_names":{"48":{"name":"Archivo de noticias","link":"https:\/\/grupomontevideo.org\/site\/category\/archivo-de-noticias\/"}},"tags_names":[],"comments_number":"0","_links":{"self":[{"href":"https:\/\/grupomontevideo.org\/site\/wp-json\/wp\/v2\/posts\/6167","targetHints":{"allow":["GET"]}}],"collection":[{"href":"https:\/\/grupomontevideo.org\/site\/wp-json\/wp\/v2\/posts"}],"about":[{"href":"https:\/\/grupomontevideo.org\/site\/wp-json\/wp\/v2\/types\/post"}],"author":[{"embeddable":true,"href":"https:\/\/grupomontevideo.org\/site\/wp-json\/wp\/v2\/users\/1"}],"replies":[{"embeddable":true,"href":"https:\/\/grupomontevideo.org\/site\/wp-json\/wp\/v2\/comments?post=6167"}],"version-history":[{"count":1,"href":"https:\/\/grupomontevideo.org\/site\/wp-json\/wp\/v2\/posts\/6167\/revisions"}],"predecessor-version":[{"id":15615,"href":"https:\/\/grupomontevideo.org\/site\/wp-json\/wp\/v2\/posts\/6167\/revisions\/15615"}],"wp:featuredmedia":[{"embeddable":true,"href":"https:\/\/grupomontevideo.org\/site\/wp-json\/wp\/v2\/media\/6171"}],"wp:attachment":[{"href":"https:\/\/grupomontevideo.org\/site\/wp-json\/wp\/v2\/media?parent=6167"}],"wp:term":[{"taxonomy":"category","embeddable":true,"href":"https:\/\/grupomontevideo.org\/site\/wp-json\/wp\/v2\/categories?post=6167"},{"taxonomy":"post_tag","embeddable":true,"href":"https:\/\/grupomontevideo.org\/site\/wp-json\/wp\/v2\/tags?post=6167"}],"curies":[{"name":"wp","href":"https:\/\/api.w.org\/{rel}","templated":true}]}}