{"id":6165,"date":"2020-05-21T17:34:38","date_gmt":"2020-05-21T17:34:38","guid":{"rendered":"http:\/\/grupomontevideo.org\/sitio\/?post_type=noticias&#038;p=6165"},"modified":"2022-06-22T16:34:17","modified_gmt":"2022-06-22T16:34:17","slug":"material-accesible-recomendaciones-para-mantener-una-alimentacion-saludable-en-la-situacion-sanitaria-actual","status":"publish","type":"post","link":"https:\/\/grupomontevideo.org\/site\/material-accesible-recomendaciones-para-mantener-una-alimentacion-saludable-en-la-situacion-sanitaria-actual\/","title":{"rendered":"Material accesible: recomendaciones para una alimentaci\u00f3n saludable en la situaci\u00f3n sanitaria actual"},"content":{"rendered":"<p style=\"text-align: justify;\">Desde marzo de este a\u00f1o, el <strong><a href=\"http:\/\/grupomontevideo.org\/ndca\/caaccesibilidad\/\">Comit\u00e9 Acad\u00e9mico Accesibilidad y Discapacidad<\/a> de la Asociaci\u00f3n de Universidades Grupo Montevideo (AUGM) se encuentra relevando y socializando materiales producidos por las <a href=\"http:\/\/grupomontevideo.org\/sitio\/universidades-miembro\/\">Universidades Miembro<\/a> que contribuyan a mejorar la situaci\u00f3n de las personas en situaci\u00f3n de discapacidad<\/strong> en tiempos de COVID19.<\/p>\n<hr \/>\n<p><strong>Ver <a href=\"http:\/\/grupomontevideo.org\/sitio\/noticias\/medidas-y-orientaciones-para-las-personas-en-situacion-del-discapacidad-en-tiempos-de-covid19\/\"><em>\u00abMedidas y orientaciones para las personas en situaci\u00f3n de discapacidad en tiempos de COVID19<\/em><\/a><\/strong><em>\u00ab<\/em><\/p>\n<hr \/>\n<p style=\"text-align: justify;\"><span style=\"font-weight: 400;\">Se trata de una iniciativa que apunta a atender las especificidades de una poblaci\u00f3n que representa entre un 12 y 13% de la poblaci\u00f3n del continente (OPS) y que corre un riesgo mayor de contraer el virus.\u00a0 <\/span><span style=\"font-weight: 400;\">En esta oportunidad, el Comit\u00e9 comparte el trabajo del Grupo Interdisciplinario Comunicaci\u00f3n y Accesibilidad, integrado por docentes, estudiantes y egresados de la Universidad de la Rep\u00fablica (Udelar, Uruguay). <\/span><\/p>\n<p style=\"text-align: justify;\">Desde el inicio de la emergencia sanitaria, este grupo trabaja con el fin de producir materiales accesibles (audiovisuales en Lengua de Se\u00f1as Uruguaya y subtitulado, gr\u00e1ficos en lectura f\u00e1cil) a partir de otros aportes realizados por equipos acad\u00e9micos de la Udelar sobre diferentes tem\u00e1ticas pertinentes al contexto actual.<\/p>\n<p style=\"text-align: justify;\"><span style=\"font-weight: 400;\">Desde el<strong> Grupo entienden que la poblaci\u00f3n en situaci\u00f3n de discapacidad (especialmente personas en situaci\u00f3n de discapacidad intelectual), personas sordas, adultos mayores y migrantes, entre otros, ven restringido el ejercicio de su derecho al acceso a la comunicaci\u00f3n e informaci\u00f3n<\/strong>.<\/span><\/p>\n<p style=\"text-align: justify;\"><span style=\"font-weight: 400;\"><strong>El primer material en el que han trabajado fueron las recomendaciones para mantener una alimentaci\u00f3n saludable en el marco de la situaci\u00f3n sanitaria actual realizado por la Escuela de Nutrici\u00f3n de la Udela<\/strong>r. <\/span><span style=\"font-weight: 400;\">El equipo se encuentra trabajando adem\u00e1s en nuevos materiales que incluyen: Universidad Saludable (Unisa) del CENUR Paysand\u00fa y violencia de g\u00e9nero de Bienestar Universitario y la Comisi\u00f3n Abierta de Equidad y G\u00e9nero (CAEG).<\/span><\/p>\n<p><iframe src=\"https:\/\/www.youtube.com\/embed\/G6wKfyOEBcI\" width=\"806\" height=\"453\" frameborder=\"0\" allowfullscreen=\"allowfullscreen\"><\/iframe><br \/>\n<iframe src=\"https:\/\/www.youtube.com\/embed\/OjZjSXYniYM\" width=\"806\" height=\"453\" frameborder=\"0\" allowfullscreen=\"allowfullscreen\"><\/iframe><br \/>\n<iframe src=\"https:\/\/www.youtube.com\/embed\/3ahtaykQ6cc\" width=\"806\" height=\"453\" frameborder=\"0\" allowfullscreen=\"allowfullscreen\"><\/iframe><br \/>\n<iframe src=\"https:\/\/www.youtube.com\/embed\/P5NHDIYyDuE\" width=\"806\" height=\"453\" frameborder=\"0\" allowfullscreen=\"allowfullscreen\"><\/iframe><br \/>\n<iframe src=\"https:\/\/www.youtube.com\/embed\/zIuOHdG-UoY\" width=\"806\" height=\"453\" frameborder=\"0\" allowfullscreen=\"allowfullscreen\"><\/iframe><br \/>\n<iframe src=\"https:\/\/www.youtube.com\/embed\/QfAoiyBsT6w\" width=\"806\" height=\"453\" frameborder=\"0\" allowfullscreen=\"allowfullscreen\"><\/iframe><br \/>\n<iframe src=\"https:\/\/www.youtube.com\/embed\/ughyCthSyfY\" width=\"806\" height=\"453\" frameborder=\"0\" allowfullscreen=\"allowfullscreen\"><\/iframe><br \/>\n<iframe src=\"https:\/\/www.youtube.com\/embed\/hRVZctCJfeQ\" width=\"806\" height=\"453\" frameborder=\"0\" allowfullscreen=\"allowfullscreen\"><\/iframe><br \/>\n<iframe src=\"https:\/\/www.youtube.com\/embed\/oYbMrE0Vhrk\" width=\"806\" height=\"453\" frameborder=\"0\" allowfullscreen=\"allowfullscreen\"><\/iframe><br \/>\n<iframe src=\"https:\/\/www.youtube.com\/embed\/Ln3E5J0wNLk\" width=\"806\" height=\"453\" frameborder=\"0\" allowfullscreen=\"allowfullscreen\"><\/iframe><br \/>\n<iframe src=\"https:\/\/www.youtube.com\/embed\/P7VkPxegLXw\" width=\"806\" height=\"453\" frameborder=\"0\" allowfullscreen=\"allowfullscreen\"><\/iframe><\/p>\n","protected":false},"excerpt":{"rendered":"<p>Material recomendado por el Comit\u00e9 Acad\u00e9mico Accesibilidad y Discapacidad de la AUGM <\/p>\n","protected":false},"author":1,"featured_media":6166,"comment_status":"closed","ping_status":"closed","sticky":false,"template":"","format":"standard","meta":{"footnotes":""},"categories":[48],"tags":[],"class_list":["post-6165","post","type-post","status-publish","format-standard","has-post-thumbnail","hentry","category-archivo-de-noticias"],"wpmagazine_modules_lite_featured_media_urls":{"thumbnail":["https:\/\/grupomontevideo.org\/site\/wp-content\/uploads\/2020\/05\/Captura-de-pantalla-de-2020-05-21-15-01-50.png",150,84,false],"cvmm-medium":["https:\/\/grupomontevideo.org\/site\/wp-content\/uploads\/2020\/05\/Captura-de-pantalla-de-2020-05-21-15-01-50.png",300,169,false],"cvmm-medium-plus":["https:\/\/grupomontevideo.org\/site\/wp-content\/uploads\/2020\/05\/Captura-de-pantalla-de-2020-05-21-15-01-50.png",305,171,false],"cvmm-portrait":["https:\/\/grupomontevideo.org\/site\/wp-content\/uploads\/2020\/05\/Captura-de-pantalla-de-2020-05-21-15-01-50.png",400,225,false],"cvmm-medium-square":["https:\/\/grupomontevideo.org\/site\/wp-content\/uploads\/2020\/05\/Captura-de-pantalla-de-2020-05-21-15-01-50.png",600,337,false],"cvmm-large":["https:\/\/grupomontevideo.org\/site\/wp-content\/uploads\/2020\/05\/Captura-de-pantalla-de-2020-05-21-15-01-50.png",1024,576,false],"cvmm-small":["https:\/\/grupomontevideo.org\/site\/wp-content\/uploads\/2020\/05\/Captura-de-pantalla-de-2020-05-21-15-01-50.png",130,73,false],"full":["https:\/\/grupomontevideo.org\/site\/wp-content\/uploads\/2020\/05\/Captura-de-pantalla-de-2020-05-21-15-01-50.png",1366,768,false]},"categories_names":{"48":{"name":"Archivo de noticias","link":"https:\/\/grupomontevideo.org\/site\/category\/archivo-de-noticias\/"}},"tags_names":[],"comments_number":"0","_links":{"self":[{"href":"https:\/\/grupomontevideo.org\/site\/wp-json\/wp\/v2\/posts\/6165","targetHints":{"allow":["GET"]}}],"collection":[{"href":"https:\/\/grupomontevideo.org\/site\/wp-json\/wp\/v2\/posts"}],"about":[{"href":"https:\/\/grupomontevideo.org\/site\/wp-json\/wp\/v2\/types\/post"}],"author":[{"embeddable":true,"href":"https:\/\/grupomontevideo.org\/site\/wp-json\/wp\/v2\/users\/1"}],"replies":[{"embeddable":true,"href":"https:\/\/grupomontevideo.org\/site\/wp-json\/wp\/v2\/comments?post=6165"}],"version-history":[{"count":1,"href":"https:\/\/grupomontevideo.org\/site\/wp-json\/wp\/v2\/posts\/6165\/revisions"}],"predecessor-version":[{"id":15616,"href":"https:\/\/grupomontevideo.org\/site\/wp-json\/wp\/v2\/posts\/6165\/revisions\/15616"}],"wp:featuredmedia":[{"embeddable":true,"href":"https:\/\/grupomontevideo.org\/site\/wp-json\/wp\/v2\/media\/6166"}],"wp:attachment":[{"href":"https:\/\/grupomontevideo.org\/site\/wp-json\/wp\/v2\/media?parent=6165"}],"wp:term":[{"taxonomy":"category","embeddable":true,"href":"https:\/\/grupomontevideo.org\/site\/wp-json\/wp\/v2\/categories?post=6165"},{"taxonomy":"post_tag","embeddable":true,"href":"https:\/\/grupomontevideo.org\/site\/wp-json\/wp\/v2\/tags?post=6165"}],"curies":[{"name":"wp","href":"https:\/\/api.w.org\/{rel}","templated":true}]}}