{"id":6162,"date":"2020-05-21T16:05:37","date_gmt":"2020-05-21T16:05:37","guid":{"rendered":"http:\/\/grupomontevideo.org\/sitio\/?post_type=noticias&#038;p=6162"},"modified":"2022-06-22T16:34:17","modified_gmt":"2022-06-22T16:34:17","slug":"rectores-y-rectoras-de-augm-se-reunieron-para-discutir-las-orientaciones-de-la-red","status":"publish","type":"post","link":"https:\/\/grupomontevideo.org\/site\/rectores-y-rectoras-de-augm-se-reunieron-para-discutir-las-orientaciones-de-la-red\/","title":{"rendered":"Rectores y Rectoras de AUGM se reunieron para abordar las orientaciones de la red"},"content":{"rendered":"<p style=\"text-align: justify;\"><strong>Rectores y Rectoras de la Asociaci\u00f3n de Universidades Grupo Montevideo (AUGM) se reunieron este martes 20 de mayo en sesi\u00f3n plenaria para orientar el trabajo de la red<\/strong> en este contexto de emergencia sanitaria.<\/p>\n<p style=\"text-align: justify;\"><span style=\"font-weight: 400;\">La instancia comenz\u00f3 con las <strong>palabras del presidente de AUGM, rector Ger\u00f3nimo Laviosa, quien afirm\u00f3 que la Asociaci\u00f3n, desde el comienzo de la pandemia regional y mundial, \u201c<em>no ha parado<\/em>\u201d<\/strong>. \u201c<em>Seguimos trabajando para el engrandecimiento y fortalecimiento de nuestra Asociaci\u00f3n. Seguimos trabajando por nuestras Universidades P\u00fablicas<\/em>\u00ab, dijo.\u00a0<\/span><\/p>\n<p style=\"text-align: justify;\"><span style=\"font-weight: 400;\">A continuaci\u00f3n, los presentes recibieron desde la Secretar\u00eda Ejecutiva un informe sobre las acciones que los diferentes \u00f3rganos y agrupamientos acad\u00e9micos de AUGM llevaron y llevan adelante desde el 13 de marzo hasta la actualidad. Tambi\u00e9n fueron informados sobre la situaci\u00f3n de los diferentes programas del Grupo.\u00a0<\/span><\/p>\n<p style=\"text-align: justify;\"><span style=\"font-weight: 400;\">En este sentido, <strong>Rectores y Rectoras abordaron el trabajo que comenz\u00f3 el Consejo Consultivo de AUGM, que se propuso generar un documento de trabajo interno donde relevar y analizar la situaci\u00f3n de la universidad p\u00fablica en la regi\u00f3n de la AUGM<\/strong> con los aportes de los representantes de los 6 pa\u00edses.\u00a0<\/span><\/p>\n<p style=\"text-align: justify;\"><span style=\"font-weight: 400;\">Este trabajo se hace en paralelo a la encuesta enviada a las 40 universidades miembro, donde se est\u00e1n sistematizando las acciones que las instituciones de Educaci\u00f3n Superior est\u00e1n tomando para combatir a la propagaci\u00f3n del COVID19.\u00a0<\/span><\/p>\n<p style=\"text-align: justify;\"><span style=\"font-weight: 400;\">Con estos elementos <strong>se busca generar insumos para el dise\u00f1o de estrategias que le permita a la AUGM fortalecer la Educaci\u00f3n Superior, en este contexto especial, como derecho humano, bien p\u00fablico social y responsabilidad de los Estados<\/strong>.\u00a0<\/span><\/p>\n<p style=\"text-align: justify;\"><span style=\"font-weight: 400;\">Durante la Sesi\u00f3n Plenaria los Rectores y Rectoras tambi\u00e9n acordaron las orientaciones de trabajo que se vienen desarrollando hasta ahora, que apunta a fortalecer la institucionalidad de AUGM y la actividad acad\u00e9mica de la red.\u00a0<\/span><\/p>\n<p style=\"text-align: justify;\"><span style=\"font-weight: 400;\">Por \u00faltimo, tambi\u00e9n <strong>se acord\u00f3 realiza el Consejo de Rectores en la \u00faltima decena de juni<\/strong>o. Se espera continuar en ese espacio con el trabajo sobre el rol regional de AUGM y el papel de la Universidad P\u00fablica, as\u00ed como aprobar las metas del Plan Estrat\u00e9gico de AUGM.\u00a0<\/span><\/p>\n","protected":false},"excerpt":{"rendered":"<p>Sesi\u00f3n Plenaria que se llev\u00f3 a cabo el martes 20 de mayo de forma virtual. <\/p>\n","protected":false},"author":1,"featured_media":6163,"comment_status":"closed","ping_status":"closed","sticky":false,"template":"","format":"standard","meta":{"footnotes":""},"categories":[48],"tags":[],"class_list":["post-6162","post","type-post","status-publish","format-standard","has-post-thumbnail","hentry","category-archivo-de-noticias"],"wpmagazine_modules_lite_featured_media_urls":{"thumbnail":["https:\/\/grupomontevideo.org\/site\/wp-content\/uploads\/2020\/05\/Rectores-.png",150,75,false],"cvmm-medium":["https:\/\/grupomontevideo.org\/site\/wp-content\/uploads\/2020\/05\/Rectores-.png",300,150,false],"cvmm-medium-plus":["https:\/\/grupomontevideo.org\/site\/wp-content\/uploads\/2020\/05\/Rectores-.png",305,153,false],"cvmm-portrait":["https:\/\/grupomontevideo.org\/site\/wp-content\/uploads\/2020\/05\/Rectores-.png",400,200,false],"cvmm-medium-square":["https:\/\/grupomontevideo.org\/site\/wp-content\/uploads\/2020\/05\/Rectores-.png",600,300,false],"cvmm-large":["https:\/\/grupomontevideo.org\/site\/wp-content\/uploads\/2020\/05\/Rectores-.png",1024,512,false],"cvmm-small":["https:\/\/grupomontevideo.org\/site\/wp-content\/uploads\/2020\/05\/Rectores-.png",130,65,false],"full":["https:\/\/grupomontevideo.org\/site\/wp-content\/uploads\/2020\/05\/Rectores-.png",1024,512,false]},"categories_names":{"48":{"name":"Archivo de noticias","link":"https:\/\/grupomontevideo.org\/site\/category\/archivo-de-noticias\/"}},"tags_names":[],"comments_number":"0","_links":{"self":[{"href":"https:\/\/grupomontevideo.org\/site\/wp-json\/wp\/v2\/posts\/6162","targetHints":{"allow":["GET"]}}],"collection":[{"href":"https:\/\/grupomontevideo.org\/site\/wp-json\/wp\/v2\/posts"}],"about":[{"href":"https:\/\/grupomontevideo.org\/site\/wp-json\/wp\/v2\/types\/post"}],"author":[{"embeddable":true,"href":"https:\/\/grupomontevideo.org\/site\/wp-json\/wp\/v2\/users\/1"}],"replies":[{"embeddable":true,"href":"https:\/\/grupomontevideo.org\/site\/wp-json\/wp\/v2\/comments?post=6162"}],"version-history":[{"count":1,"href":"https:\/\/grupomontevideo.org\/site\/wp-json\/wp\/v2\/posts\/6162\/revisions"}],"predecessor-version":[{"id":15617,"href":"https:\/\/grupomontevideo.org\/site\/wp-json\/wp\/v2\/posts\/6162\/revisions\/15617"}],"wp:featuredmedia":[{"embeddable":true,"href":"https:\/\/grupomontevideo.org\/site\/wp-json\/wp\/v2\/media\/6163"}],"wp:attachment":[{"href":"https:\/\/grupomontevideo.org\/site\/wp-json\/wp\/v2\/media?parent=6162"}],"wp:term":[{"taxonomy":"category","embeddable":true,"href":"https:\/\/grupomontevideo.org\/site\/wp-json\/wp\/v2\/categories?post=6162"},{"taxonomy":"post_tag","embeddable":true,"href":"https:\/\/grupomontevideo.org\/site\/wp-json\/wp\/v2\/tags?post=6162"}],"curies":[{"name":"wp","href":"https:\/\/api.w.org\/{rel}","templated":true}]}}