{"id":6156,"date":"2020-05-18T14:47:11","date_gmt":"2020-05-18T14:47:11","guid":{"rendered":"http:\/\/grupomontevideo.org\/sitio\/?post_type=noticias&#038;p=6156"},"modified":"2022-06-22T16:34:18","modified_gmt":"2022-06-22T16:34:18","slug":"reunion-virtual-del-nucleo-disciplinario-ingenieria-de-los-materiales","status":"publish","type":"post","link":"https:\/\/grupomontevideo.org\/site\/reunion-virtual-del-nucleo-disciplinario-ingenieria-de-los-materiales\/","title":{"rendered":"Reuni\u00f3n virtual del N\u00facleo Disciplinario Ingenier\u00eda de los Materiales"},"content":{"rendered":"<p style=\"text-align: justify;\">El <strong>N\u00facleo Disciplinario Ingenier\u00eda de los Materiales de la Asociaci\u00f3n de Universidades Grupo Montevideo (AUGM) se reuni\u00f3 el mi\u00e9rcoles 13 de mayo para discutir su agenda y modalidad de trabajo<\/strong> para este 2020.<\/p>\n<p style=\"text-align: justify;\"><span style=\"font-weight: 400;\">Despu\u00e9s del informe sobre los temas tratados en la reuni\u00f3n virtual de Coordinadores de Comit\u00e9s Acad\u00e9micos y N\u00facleos Disciplinarios, junto a la Secretar\u00eda Ejecutiva, realizada el 4 de mayo de 2020, los presentes dialogaron sobre la Reuni\u00f3n Anual prevista para las Jornadas de J\u00f3venes Investigadores o las Jornadas de Ingenier\u00eda en Materiales.<\/span><\/p>\n<p style=\"text-align: justify;\"><span style=\"font-weight: 400;\">Teniendo en cuenta las suspensiones de ambas reuniones por la situaci\u00f3n actual, se decidi\u00f3 aguardar hasta el 30 de junio de 2020 a fin de tomar decisi\u00f3n sobre el formato de la reuni\u00f3n (virtual o presencial) y el lugar donde se organizar\u00e1. <strong>Se acord\u00f3 realizar reuniones peri\u00f3dicas virtuales del N\u00facleo, con una frecuencia m\u00ednima de una reuni\u00f3n cada 2 meses.<\/strong><\/span><\/p>\n<p style=\"text-align: justify;\"><span style=\"font-weight: 400;\"><strong>Durante la reuni\u00f3n tambi\u00e9n se consideraron las actividades propuestas para este a\u00f1o<\/strong>. Se observ\u00f3 en general la existencia de dificultades surgidas como consecuencia de la situaci\u00f3n que afecta a las universidades de AUGM y del resto del mundo.<\/span><\/p>\n<p style=\"text-align: justify;\"><span style=\"font-weight: 400;\"><strong>En este sentido acordaron trabajar sobre la visibilizaci\u00f3n del micrositio del N\u00facleo y de comenzar con las actividades de internacionalizaci\u00f3n entre AUGM-COIMBRA<\/strong>. Tambi\u00e9n informaron que la organizaci\u00f3n de la Escuela de Materiales Sustentables se est\u00e1 llevando a cabo.<\/span><\/p>\n<p style=\"text-align: justify;\"><span style=\"font-weight: 400;\">Participaron de esta instancia Augusto Acosta (UNA), Cecilia In\u00e9s Alvarez Igarzabal (UNC),\u00a0 Martina Avalos, (UNR), Josefina Ballare(UNMdP), Ra\u00fal Bolmaro(UNR), Mar\u00eda Jos\u00e9 Castillo (UNNOBA), Jos\u00e9 Daniel Culcasi (UNLP), Diana Alejandra Estenoz(UNL, Coordinadora), Ana Mar\u00eda Furlani (UNCuyo), Alfredo Huespe(UNL), Guillermo Jos\u00e9 Jacobo(UNNE), Ana Paula Marques (UNIFESP), Alberto Monsalve (USACH), Ariel Moreno Gobbi(UdelaR) , N\u00e9stor Ortega(UNS), y Conrado Ramos Moreira(UFSCar). Docentes invitados Claudio Careglio (UNCuyo) y Ver\u00f3nica Galv\u00e1n(UNL).<\/span><\/p>\n","protected":false},"excerpt":{"rendered":"<p>El mi\u00e9rcoles 13 de mayo de forma virtual <\/p>\n","protected":false},"author":1,"featured_media":5334,"comment_status":"closed","ping_status":"closed","sticky":false,"template":"","format":"standard","meta":{"footnotes":""},"categories":[48],"tags":[],"class_list":["post-6156","post","type-post","status-publish","format-standard","has-post-thumbnail","hentry","category-archivo-de-noticias"],"wpmagazine_modules_lite_featured_media_urls":{"thumbnail":["https:\/\/grupomontevideo.org\/site\/wp-content\/uploads\/2019\/08\/Ingenieria-de-los-materiales.jpg",150,65,false],"cvmm-medium":["https:\/\/grupomontevideo.org\/site\/wp-content\/uploads\/2019\/08\/Ingenieria-de-los-materiales.jpg",300,131,false],"cvmm-medium-plus":["https:\/\/grupomontevideo.org\/site\/wp-content\/uploads\/2019\/08\/Ingenieria-de-los-materiales.jpg",305,133,false],"cvmm-portrait":["https:\/\/grupomontevideo.org\/site\/wp-content\/uploads\/2019\/08\/Ingenieria-de-los-materiales.jpg",400,175,false],"cvmm-medium-square":["https:\/\/grupomontevideo.org\/site\/wp-content\/uploads\/2019\/08\/Ingenieria-de-los-materiales.jpg",600,262,false],"cvmm-large":["https:\/\/grupomontevideo.org\/site\/wp-content\/uploads\/2019\/08\/Ingenieria-de-los-materiales.jpg",848,370,false],"cvmm-small":["https:\/\/grupomontevideo.org\/site\/wp-content\/uploads\/2019\/08\/Ingenieria-de-los-materiales.jpg",130,57,false],"full":["https:\/\/grupomontevideo.org\/site\/wp-content\/uploads\/2019\/08\/Ingenieria-de-los-materiales.jpg",848,370,false]},"categories_names":{"48":{"name":"Archivo de noticias","link":"https:\/\/grupomontevideo.org\/site\/category\/archivo-de-noticias\/"}},"tags_names":[],"comments_number":"0","_links":{"self":[{"href":"https:\/\/grupomontevideo.org\/site\/wp-json\/wp\/v2\/posts\/6156","targetHints":{"allow":["GET"]}}],"collection":[{"href":"https:\/\/grupomontevideo.org\/site\/wp-json\/wp\/v2\/posts"}],"about":[{"href":"https:\/\/grupomontevideo.org\/site\/wp-json\/wp\/v2\/types\/post"}],"author":[{"embeddable":true,"href":"https:\/\/grupomontevideo.org\/site\/wp-json\/wp\/v2\/users\/1"}],"replies":[{"embeddable":true,"href":"https:\/\/grupomontevideo.org\/site\/wp-json\/wp\/v2\/comments?post=6156"}],"version-history":[{"count":1,"href":"https:\/\/grupomontevideo.org\/site\/wp-json\/wp\/v2\/posts\/6156\/revisions"}],"predecessor-version":[{"id":15620,"href":"https:\/\/grupomontevideo.org\/site\/wp-json\/wp\/v2\/posts\/6156\/revisions\/15620"}],"wp:featuredmedia":[{"embeddable":true,"href":"https:\/\/grupomontevideo.org\/site\/wp-json\/wp\/v2\/media\/5334"}],"wp:attachment":[{"href":"https:\/\/grupomontevideo.org\/site\/wp-json\/wp\/v2\/media?parent=6156"}],"wp:term":[{"taxonomy":"category","embeddable":true,"href":"https:\/\/grupomontevideo.org\/site\/wp-json\/wp\/v2\/categories?post=6156"},{"taxonomy":"post_tag","embeddable":true,"href":"https:\/\/grupomontevideo.org\/site\/wp-json\/wp\/v2\/tags?post=6156"}],"curies":[{"name":"wp","href":"https:\/\/api.w.org\/{rel}","templated":true}]}}