{"id":6152,"date":"2020-05-15T19:05:48","date_gmt":"2020-05-15T19:05:48","guid":{"rendered":"http:\/\/grupomontevideo.org\/sitio\/?post_type=noticias&#038;p=6152"},"modified":"2022-06-22T16:34:18","modified_gmt":"2022-06-22T16:34:18","slug":"consejo-consultivo-avanzo-hacia-el-plenario-de-rectores-y-rectoras-de-augm","status":"publish","type":"post","link":"https:\/\/grupomontevideo.org\/site\/consejo-consultivo-avanzo-hacia-el-plenario-de-rectores-y-rectoras-de-augm\/","title":{"rendered":"Consejo Consultivo avanz\u00f3 hacia el Plenario de Rectores y Rectoras de AUGM"},"content":{"rendered":"<p style=\"text-align: justify;\">El <strong>Consejo Consultivo de la Asociaci\u00f3n de Universidades Grupo Montevideo (AUGM), \u00f3rgano de asesoramiento, coordinaci\u00f3n y evaluaci\u00f3n de la red, se reuni\u00f3 el nuevamente el pasado 12 de mayo<\/strong> y entre otros asuntos avanz\u00f3 en la preparaci\u00f3n del Plenario de Rectores y Rectoras que tendr\u00e1 lugar la pr\u00f3xima semana.<\/p>\n<p style=\"text-align: justify;\">Durante el encuentro virtual del pasado martes, q<strong>uienes forman parte del Consejo trabajaron sobre la propuesta de temario que se llevar\u00e1 adelante el 20 de mayo<\/strong>. En este sentido,<strong> abordaron las propuestas de metas para el Plan Estrat\u00e9gico 2020 &#8211; 2030 de AUGM<\/strong>, que previamente analiz\u00f3 el Grupo de Delegados Asesores, que <a href=\"http:\/\/grupomontevideo.org\/sitio\/noticias\/grupo-de-delegados-asesores-avanzo-en-las-metas-del-plan-estrategico-de-augm\/\">sesion\u00f3 en los pasados d\u00edas<\/a>.<\/p>\n<p style=\"text-align: justify;\"><strong>El Consejo Consultivo tambi\u00e9n trabaj\u00f3 sobre los temas prioritarios a desarrollar en el marco del Plan Estrat\u00e9gico<\/strong>, que se encuentra en su fase de implementaci\u00f3n. En este punto se intercambi\u00f3 sobre posibles prioridades a abordar en el marco del Plan.<\/p>\n<p style=\"text-align: justify;\">Esta es la quinta reuni\u00f3n del 2020 que lleva adelante este \u00f3rgano de AUGM integrado por ocho Rectores y Rectoras de los seis pa\u00edses. En estos encuentros, adem\u00e1s de los asuntos referentes al Plan Estrat\u00e9gico, se entendi\u00f3 necesario avanzar en orientaciones conducentes al mantenimiento de las funciones y actividades de AUGM en los planos de la vida institucional y acad\u00e9mica, en la actual situaci\u00f3n consecuencia de la pandemia COVID-19.<\/p>\n<p style=\"text-align: justify;\"><strong>Informes<\/strong><\/p>\n<p style=\"text-align: justify;\"><a name=\"_GoBack\"><\/a>Durante la reuni\u00f3n del pasado martes, los presentes tambi\u00e9n fueron informados sobre el avance de documento \u201cRelevamiento de aportes de las Universidades AUGM ante la pandemia COVID \u2013 19\u201d y de la realizaci\u00f3n del \u201cI Foro virtual de Rectores sobre Educaci\u00f3n Superior ante el COVID-19. Desaf\u00edos y oportunidades\u201d, que organiza el Foro Abierto de Ciencias de Am\u00e9rica Latina y el Caribe (CILAC) y el Instituto de Educaci\u00f3n Superior para Am\u00e9rica Latina y el Caribe de la UNESCO (IESALC &#8211; UNESCO).<\/p>\n<p style=\"text-align: justify;\">Tambi\u00e9n se inform\u00f3 de la reuni\u00f3n del Consejo Directivo del Espacio Latinoamericano y Caribe\u00f1o de Educaci\u00f3n Superior (ENLACES) que ocurrir\u00e1 en forma virtual el pr\u00f3ximo 19 de mayo, y en donde ENLACES tratar\u00e1 temas vinculados a la cooperaci\u00f3n por medios virtuales.<\/p>\n","protected":false},"excerpt":{"rendered":"<p>Reuni\u00f3n del pasado 12 de mayo. <\/p>\n","protected":false},"author":1,"featured_media":6153,"comment_status":"closed","ping_status":"closed","sticky":false,"template":"","format":"standard","meta":{"footnotes":""},"categories":[48],"tags":[],"class_list":["post-6152","post","type-post","status-publish","format-standard","has-post-thumbnail","hentry","category-archivo-de-noticias"],"wpmagazine_modules_lite_featured_media_urls":{"thumbnail":["https:\/\/grupomontevideo.org\/site\/wp-content\/uploads\/2020\/05\/Espacio-comun-de-cooperacion-academica-cientifica-tecnologica-educativa-y-cultural.png",150,75,false],"cvmm-medium":["https:\/\/grupomontevideo.org\/site\/wp-content\/uploads\/2020\/05\/Espacio-comun-de-cooperacion-academica-cientifica-tecnologica-educativa-y-cultural.png",300,150,false],"cvmm-medium-plus":["https:\/\/grupomontevideo.org\/site\/wp-content\/uploads\/2020\/05\/Espacio-comun-de-cooperacion-academica-cientifica-tecnologica-educativa-y-cultural.png",305,153,false],"cvmm-portrait":["https:\/\/grupomontevideo.org\/site\/wp-content\/uploads\/2020\/05\/Espacio-comun-de-cooperacion-academica-cientifica-tecnologica-educativa-y-cultural.png",400,200,false],"cvmm-medium-square":["https:\/\/grupomontevideo.org\/site\/wp-content\/uploads\/2020\/05\/Espacio-comun-de-cooperacion-academica-cientifica-tecnologica-educativa-y-cultural.png",600,300,false],"cvmm-large":["https:\/\/grupomontevideo.org\/site\/wp-content\/uploads\/2020\/05\/Espacio-comun-de-cooperacion-academica-cientifica-tecnologica-educativa-y-cultural.png",1024,512,false],"cvmm-small":["https:\/\/grupomontevideo.org\/site\/wp-content\/uploads\/2020\/05\/Espacio-comun-de-cooperacion-academica-cientifica-tecnologica-educativa-y-cultural.png",130,65,false],"full":["https:\/\/grupomontevideo.org\/site\/wp-content\/uploads\/2020\/05\/Espacio-comun-de-cooperacion-academica-cientifica-tecnologica-educativa-y-cultural.png",1024,512,false]},"categories_names":{"48":{"name":"Archivo de noticias","link":"https:\/\/grupomontevideo.org\/site\/category\/archivo-de-noticias\/"}},"tags_names":[],"comments_number":"0","_links":{"self":[{"href":"https:\/\/grupomontevideo.org\/site\/wp-json\/wp\/v2\/posts\/6152","targetHints":{"allow":["GET"]}}],"collection":[{"href":"https:\/\/grupomontevideo.org\/site\/wp-json\/wp\/v2\/posts"}],"about":[{"href":"https:\/\/grupomontevideo.org\/site\/wp-json\/wp\/v2\/types\/post"}],"author":[{"embeddable":true,"href":"https:\/\/grupomontevideo.org\/site\/wp-json\/wp\/v2\/users\/1"}],"replies":[{"embeddable":true,"href":"https:\/\/grupomontevideo.org\/site\/wp-json\/wp\/v2\/comments?post=6152"}],"version-history":[{"count":1,"href":"https:\/\/grupomontevideo.org\/site\/wp-json\/wp\/v2\/posts\/6152\/revisions"}],"predecessor-version":[{"id":15621,"href":"https:\/\/grupomontevideo.org\/site\/wp-json\/wp\/v2\/posts\/6152\/revisions\/15621"}],"wp:featuredmedia":[{"embeddable":true,"href":"https:\/\/grupomontevideo.org\/site\/wp-json\/wp\/v2\/media\/6153"}],"wp:attachment":[{"href":"https:\/\/grupomontevideo.org\/site\/wp-json\/wp\/v2\/media?parent=6152"}],"wp:term":[{"taxonomy":"category","embeddable":true,"href":"https:\/\/grupomontevideo.org\/site\/wp-json\/wp\/v2\/categories?post=6152"},{"taxonomy":"post_tag","embeddable":true,"href":"https:\/\/grupomontevideo.org\/site\/wp-json\/wp\/v2\/tags?post=6152"}],"curies":[{"name":"wp","href":"https:\/\/api.w.org\/{rel}","templated":true}]}}