{"id":6133,"date":"2020-05-12T13:54:03","date_gmt":"2020-05-12T13:54:03","guid":{"rendered":"http:\/\/grupomontevideo.org\/sitio\/?post_type=noticias&#038;p=6133"},"modified":"2022-06-22T16:34:20","modified_gmt":"2022-06-22T16:34:20","slug":"reunion-virtual-del-comite-academico-historia-regiones-y-fronteras","status":"publish","type":"post","link":"https:\/\/grupomontevideo.org\/site\/reunion-virtual-del-comite-academico-historia-regiones-y-fronteras\/","title":{"rendered":"Reuni\u00f3n del Comit\u00e9 Acad\u00e9mico Historia, Regiones y Fronteras"},"content":{"rendered":"<p>El d\u00eda viernes 3 de diciembre a las 16hrs (-3 GMT) se realizar\u00e1 la pr\u00f3xima reuni\u00f3n del Comit\u00e9 Acad\u00e9mico Historia Regiones y Fronteras.<br \/>\n&nbsp;<br \/>\n&nbsp;<br \/>\n&nbsp;<\/p>\n","protected":false},"excerpt":{"rendered":"<p>Plataforma Zoom<\/p>\n","protected":false},"author":1,"featured_media":1078,"comment_status":"closed","ping_status":"closed","sticky":false,"template":"","format":"standard","meta":{"footnotes":""},"categories":[48],"tags":[],"class_list":["post-6133","post","type-post","status-publish","format-standard","has-post-thumbnail","hentry","category-archivo-de-noticias"],"wpmagazine_modules_lite_featured_media_urls":{"thumbnail":["https:\/\/grupomontevideo.org\/site\/wp-content\/uploads\/2016\/02\/Historia-regiones-y-fronteras-2.jpg",150,107,false],"cvmm-medium":["https:\/\/grupomontevideo.org\/site\/wp-content\/uploads\/2016\/02\/Historia-regiones-y-fronteras-2.jpg",300,214,false],"cvmm-medium-plus":["https:\/\/grupomontevideo.org\/site\/wp-content\/uploads\/2016\/02\/Historia-regiones-y-fronteras-2.jpg",290,207,false],"cvmm-portrait":["https:\/\/grupomontevideo.org\/site\/wp-content\/uploads\/2016\/02\/Historia-regiones-y-fronteras-2.jpg",400,286,false],"cvmm-medium-square":["https:\/\/grupomontevideo.org\/site\/wp-content\/uploads\/2016\/02\/Historia-regiones-y-fronteras-2.jpg",600,429,false],"cvmm-large":["https:\/\/grupomontevideo.org\/site\/wp-content\/uploads\/2016\/02\/Historia-regiones-y-fronteras-2.jpg",1024,732,false],"cvmm-small":["https:\/\/grupomontevideo.org\/site\/wp-content\/uploads\/2016\/02\/Historia-regiones-y-fronteras-2.jpg",130,93,false],"full":["https:\/\/grupomontevideo.org\/site\/wp-content\/uploads\/2016\/02\/Historia-regiones-y-fronteras-2.jpg",1024,732,false]},"categories_names":{"48":{"name":"Archivo de noticias","link":"https:\/\/grupomontevideo.org\/site\/category\/archivo-de-noticias\/"}},"tags_names":[],"comments_number":"0","_links":{"self":[{"href":"https:\/\/grupomontevideo.org\/site\/wp-json\/wp\/v2\/posts\/6133","targetHints":{"allow":["GET"]}}],"collection":[{"href":"https:\/\/grupomontevideo.org\/site\/wp-json\/wp\/v2\/posts"}],"about":[{"href":"https:\/\/grupomontevideo.org\/site\/wp-json\/wp\/v2\/types\/post"}],"author":[{"embeddable":true,"href":"https:\/\/grupomontevideo.org\/site\/wp-json\/wp\/v2\/users\/1"}],"replies":[{"embeddable":true,"href":"https:\/\/grupomontevideo.org\/site\/wp-json\/wp\/v2\/comments?post=6133"}],"version-history":[{"count":1,"href":"https:\/\/grupomontevideo.org\/site\/wp-json\/wp\/v2\/posts\/6133\/revisions"}],"predecessor-version":[{"id":15627,"href":"https:\/\/grupomontevideo.org\/site\/wp-json\/wp\/v2\/posts\/6133\/revisions\/15627"}],"wp:featuredmedia":[{"embeddable":true,"href":"https:\/\/grupomontevideo.org\/site\/wp-json\/wp\/v2\/media\/1078"}],"wp:attachment":[{"href":"https:\/\/grupomontevideo.org\/site\/wp-json\/wp\/v2\/media?parent=6133"}],"wp:term":[{"taxonomy":"category","embeddable":true,"href":"https:\/\/grupomontevideo.org\/site\/wp-json\/wp\/v2\/categories?post=6133"},{"taxonomy":"post_tag","embeddable":true,"href":"https:\/\/grupomontevideo.org\/site\/wp-json\/wp\/v2\/tags?post=6133"}],"curies":[{"name":"wp","href":"https:\/\/api.w.org\/{rel}","templated":true}]}}