{"id":6130,"date":"2020-05-12T13:35:16","date_gmt":"2020-05-12T13:35:16","guid":{"rendered":"http:\/\/grupomontevideo.org\/sitio\/?post_type=noticias&#038;p=6130"},"modified":"2022-06-22T16:34:20","modified_gmt":"2022-06-22T16:34:20","slug":"grupo-de-delegados-asesores-avanzo-en-las-metas-del-plan-estrategico-de-augm","status":"publish","type":"post","link":"https:\/\/grupomontevideo.org\/site\/grupo-de-delegados-asesores-avanzo-en-las-metas-del-plan-estrategico-de-augm\/","title":{"rendered":"Grupo de Delegados Asesores avanz\u00f3 en las metas del Plan Estrat\u00e9gico de AUGM"},"content":{"rendered":"<p style=\"text-align: justify;\">El <strong>Grupo de Delegados Asesores de la Asociaci\u00f3n de Universidades Grupo Montevideo (AUGM) se reuni\u00f3 de forma virtual este lunes 11 de mayo para continuar con el trabajo de implementaci\u00f3n del <a href=\"http:\/\/grupomontevideo.org\/planestrategico\/\">Plan Estrat\u00e9gico 2020 &#8211; 2030<\/a><\/strong> de la red.<\/p>\n<p style=\"text-align: justify;\"><span style=\"font-weight: 400;\"><strong>La sesi\u00f3n comenz\u00f3 con la bienvenida a Karen Spadari Ferreira, quien fue recientemente designada como delegada asesora de la Universidade Federal de S\u00e3o Paulo (Unifesp)<\/strong>, y con algunas consideraciones respecto a la realizaci\u00f3n de la pr\u00f3xima edici\u00f3n de las Jornadas de J\u00f3venes Investigadores.\u00a0<\/span><\/p>\n<p style=\"text-align: justify;\"><span style=\"font-weight: 400;\"><strong>Seguidamente, las Delegadas y Delegados intercambiaron sobre las metas para cumplir con los objetivos definidos en el Plan Estrat\u00e9gico<\/strong>. Trabajaron en base a las propuestas enviadas desde las comisiones de los tres ejes del Plan que sesionaron la pasada semana.\u00a0<\/span><\/p>\n<p style=\"text-align: justify;\"><span style=\"font-weight: 400;\">En este sentido, los presentes abordaron asuntos referentes a la movilidad acad\u00e9mica, a la programaci\u00f3n de actividades virtuales de intercambio y cooperaci\u00f3n, la integraci\u00f3n de los Objetivos de Desarrollo Sostenible, procedimientos de reconocimiento acad\u00e9mico, procesos para fortalecer los procesos administrativos de AUGM, entre muchos otros.<\/span><\/p>\n<p style=\"text-align: justify;\">La <strong>orientaci\u00f3n estrat\u00e9gica<\/strong> del Plan es \u00ab<em>promover y salvaguardar a la educaci\u00f3n y la educaci\u00f3n superior en particular como un bien p\u00fablico social y derecho humano fundamental en la regi\u00f3n, instando al cumplimiento del deber indelegable de los Estados en el financiamiento y sostenibilidad de la misma<\/em>\u00ab.\u00a0 Al mismo tiempo, se propone como <strong>misi\u00f3n<\/strong> \u00ab<em>impulsar procesos de integraci\u00f3n participativa y plural, a trav\u00e9s de la creaci\u00f3n de un espacio acad\u00e9mico com\u00fan ampliado, en base a la cooperaci\u00f3n cient\u00edfica, tecnol\u00f3gica, educativa y cultural entre todos sus Miembros<\/em>\u00ab.<\/p>\n","protected":false},"excerpt":{"rendered":"<p>Trabajaron sobre las propuestas de las comisiones conformadas en torno a los res ejes estrat\u00e9gicos<\/p>\n","protected":false},"author":1,"featured_media":6140,"comment_status":"closed","ping_status":"closed","sticky":false,"template":"","format":"standard","meta":{"footnotes":""},"categories":[48],"tags":[],"class_list":["post-6130","post","type-post","status-publish","format-standard","has-post-thumbnail","hentry","category-archivo-de-noticias"],"wpmagazine_modules_lite_featured_media_urls":{"thumbnail":["https:\/\/grupomontevideo.org\/site\/wp-content\/uploads\/2020\/05\/Delegados-Asesores-2.png",150,75,false],"cvmm-medium":["https:\/\/grupomontevideo.org\/site\/wp-content\/uploads\/2020\/05\/Delegados-Asesores-2.png",300,150,false],"cvmm-medium-plus":["https:\/\/grupomontevideo.org\/site\/wp-content\/uploads\/2020\/05\/Delegados-Asesores-2.png",305,153,false],"cvmm-portrait":["https:\/\/grupomontevideo.org\/site\/wp-content\/uploads\/2020\/05\/Delegados-Asesores-2.png",400,200,false],"cvmm-medium-square":["https:\/\/grupomontevideo.org\/site\/wp-content\/uploads\/2020\/05\/Delegados-Asesores-2.png",600,300,false],"cvmm-large":["https:\/\/grupomontevideo.org\/site\/wp-content\/uploads\/2020\/05\/Delegados-Asesores-2.png",1024,512,false],"cvmm-small":["https:\/\/grupomontevideo.org\/site\/wp-content\/uploads\/2020\/05\/Delegados-Asesores-2.png",130,65,false],"full":["https:\/\/grupomontevideo.org\/site\/wp-content\/uploads\/2020\/05\/Delegados-Asesores-2.png",1024,512,false]},"categories_names":{"48":{"name":"Archivo de noticias","link":"https:\/\/grupomontevideo.org\/site\/category\/archivo-de-noticias\/"}},"tags_names":[],"comments_number":"0","_links":{"self":[{"href":"https:\/\/grupomontevideo.org\/site\/wp-json\/wp\/v2\/posts\/6130","targetHints":{"allow":["GET"]}}],"collection":[{"href":"https:\/\/grupomontevideo.org\/site\/wp-json\/wp\/v2\/posts"}],"about":[{"href":"https:\/\/grupomontevideo.org\/site\/wp-json\/wp\/v2\/types\/post"}],"author":[{"embeddable":true,"href":"https:\/\/grupomontevideo.org\/site\/wp-json\/wp\/v2\/users\/1"}],"replies":[{"embeddable":true,"href":"https:\/\/grupomontevideo.org\/site\/wp-json\/wp\/v2\/comments?post=6130"}],"version-history":[{"count":1,"href":"https:\/\/grupomontevideo.org\/site\/wp-json\/wp\/v2\/posts\/6130\/revisions"}],"predecessor-version":[{"id":15628,"href":"https:\/\/grupomontevideo.org\/site\/wp-json\/wp\/v2\/posts\/6130\/revisions\/15628"}],"wp:featuredmedia":[{"embeddable":true,"href":"https:\/\/grupomontevideo.org\/site\/wp-json\/wp\/v2\/media\/6140"}],"wp:attachment":[{"href":"https:\/\/grupomontevideo.org\/site\/wp-json\/wp\/v2\/media?parent=6130"}],"wp:term":[{"taxonomy":"category","embeddable":true,"href":"https:\/\/grupomontevideo.org\/site\/wp-json\/wp\/v2\/categories?post=6130"},{"taxonomy":"post_tag","embeddable":true,"href":"https:\/\/grupomontevideo.org\/site\/wp-json\/wp\/v2\/tags?post=6130"}],"curies":[{"name":"wp","href":"https:\/\/api.w.org\/{rel}","templated":true}]}}