{"id":6117,"date":"2020-05-08T12:26:17","date_gmt":"2020-05-08T12:26:17","guid":{"rendered":"http:\/\/grupomontevideo.org\/sitio\/?post_type=noticias&#038;p=6117"},"modified":"2022-06-22T16:35:21","modified_gmt":"2022-06-22T16:35:21","slug":"comision-permanente-de-medios-y-comunicacion-universitaria-re-configuro-su-plan-de-trabajo","status":"publish","type":"post","link":"https:\/\/grupomontevideo.org\/site\/comision-permanente-de-medios-y-comunicacion-universitaria-re-configuro-su-plan-de-trabajo\/","title":{"rendered":"Comisi\u00f3n Permanente de Medios y Comunicaci\u00f3n Universitaria reconfigur\u00f3 su plan de trabajo"},"content":{"rendered":"<p style=\"text-align: justify;\">La coordinaci\u00f3n de la <strong>Comisi\u00f3n Permanente de Medios y Comunicaci\u00f3n Universitaria de la Asociaci\u00f3n de Universidades Grupo Montevideo (AUGM) se reuni\u00f3 el pasado 5 de mayo de forma virtual y abord\u00f3 varios asuntos del plan de trabajo para este 2020<\/strong> dada la situaci\u00f3n generada por el COVID 29.<\/p>\n<p style=\"text-align: justify;\">Luego de recibir un informe con las orientaciones emanadas de los \u00f3rganos de direcci\u00f3n de la red, l<strong>os presentes acordaron un conjunto de propuestas para reconfigurar el plan de trabajo aprobado en 2019 tomando en consideraci\u00f3n la nueva normalidad<\/strong> a la que se ven enfrentadas las sociedades.<\/p>\n<p style=\"text-align: justify;\"><span style=\"font-weight: 400;\">En este sentido, la coordinaci\u00f3n proponer\u00e1 a la Comisi\u00f3n t<strong>rabajar sobre un cronograma de seminarios a distancia (webinar)<\/strong> que tenga como tema la comunicaci\u00f3n y los medios de comunicaci\u00f3n, en particular los universitarios, con el fin de compartir buenas pr\u00e1cticas.<\/span><\/p>\n<p style=\"text-align: justify;\"><span style=\"font-weight: 400;\">Tambi\u00e9n se propondr\u00e1 <strong>relevar la capacidad instaladas en materia de medios y comunicaci\u00f3n de las Universidades Miembro<\/strong> y retomar la l\u00ednea de trabajo entre las radios universitarias de las universidades miembro.<\/span><\/p>\n<p style=\"text-align: justify;\">De esta instancia participaron <span style=\"font-weight: 400;\">Mauricio Gonz\u00e1lez<\/span> y<span style=\"font-weight: 400;\">\u00a0<\/span><span style=\"font-weight: 400;\">Yamila Mejin<\/span> de la U<span style=\"font-weight: 400;\">niversidad Nacional de Cuyo, <\/span><span style=\"font-weight: 400;\">Sandra Rivaben<\/span> de la <span style=\"font-weight: 400;\">Universidad Nacional de Entre R\u00edos, <\/span><span style=\"font-weight: 400;\">Claudio Lobo<\/span> de la <span style=\"font-weight: 400;\">Universidad Nacional de San Luis, <\/span><span style=\"font-weight: 400;\">Paola Papa<\/span> de la <span style=\"font-weight: 400;\">Universidad de la Rep\u00fablica, <\/span><span style=\"font-weight: 400;\">Fernando Salis<\/span> de la <span style=\"font-weight: 400;\">Universidad Federal de Rio de Janeiro, <\/span><span style=\"font-weight: 400;\">Mariela Ravanal<\/span> de la <span style=\"font-weight: 400;\">Universidad de Chile, <\/span><span style=\"font-weight: 400;\">Luis Chavez<\/span> de la <span style=\"font-weight: 400;\">Universidad Nacional del Este, y <\/span><span style=\"font-weight: 400;\">\u00c1lvaro Maglia<\/span> y <span style=\"font-weight: 400;\">Fernando Sosa<\/span> de la Secretar\u00eda Ejecutiva de AUGM.<\/p>\n<p style=\"text-align: justify;\"><span style=\"font-weight: 400;\">La Comisi\u00f3n se reunir\u00e1 el pr\u00f3ximo 26 de mayo para discutir estas propuestas.\u00a0<\/span><\/p>\n","protected":false},"excerpt":{"rendered":"<p>Se acord\u00f3 trabajar sobre un cronograma de seminarios a distancia <\/p>\n","protected":false},"author":1,"featured_media":1291,"comment_status":"closed","ping_status":"closed","sticky":false,"template":"","format":"standard","meta":{"footnotes":""},"categories":[48],"tags":[],"class_list":["post-6117","post","type-post","status-publish","format-standard","has-post-thumbnail","hentry","category-archivo-de-noticias"],"wpmagazine_modules_lite_featured_media_urls":{"thumbnail":["https:\/\/grupomontevideo.org\/site\/wp-content\/uploads\/2016\/04\/medios-comunicacion.jpg",150,100,false],"cvmm-medium":["https:\/\/grupomontevideo.org\/site\/wp-content\/uploads\/2016\/04\/medios-comunicacion.jpg",300,200,false],"cvmm-medium-plus":["https:\/\/grupomontevideo.org\/site\/wp-content\/uploads\/2016\/04\/medios-comunicacion.jpg",305,203,false],"cvmm-portrait":["https:\/\/grupomontevideo.org\/site\/wp-content\/uploads\/2016\/04\/medios-comunicacion.jpg",400,267,false],"cvmm-medium-square":["https:\/\/grupomontevideo.org\/site\/wp-content\/uploads\/2016\/04\/medios-comunicacion.jpg",600,400,false],"cvmm-large":["https:\/\/grupomontevideo.org\/site\/wp-content\/uploads\/2016\/04\/medios-comunicacion.jpg",960,640,false],"cvmm-small":["https:\/\/grupomontevideo.org\/site\/wp-content\/uploads\/2016\/04\/medios-comunicacion.jpg",130,87,false],"full":["https:\/\/grupomontevideo.org\/site\/wp-content\/uploads\/2016\/04\/medios-comunicacion.jpg",960,640,false]},"categories_names":{"48":{"name":"Archivo de noticias","link":"https:\/\/grupomontevideo.org\/site\/category\/archivo-de-noticias\/"}},"tags_names":[],"comments_number":"0","_links":{"self":[{"href":"https:\/\/grupomontevideo.org\/site\/wp-json\/wp\/v2\/posts\/6117","targetHints":{"allow":["GET"]}}],"collection":[{"href":"https:\/\/grupomontevideo.org\/site\/wp-json\/wp\/v2\/posts"}],"about":[{"href":"https:\/\/grupomontevideo.org\/site\/wp-json\/wp\/v2\/types\/post"}],"author":[{"embeddable":true,"href":"https:\/\/grupomontevideo.org\/site\/wp-json\/wp\/v2\/users\/1"}],"replies":[{"embeddable":true,"href":"https:\/\/grupomontevideo.org\/site\/wp-json\/wp\/v2\/comments?post=6117"}],"version-history":[{"count":1,"href":"https:\/\/grupomontevideo.org\/site\/wp-json\/wp\/v2\/posts\/6117\/revisions"}],"predecessor-version":[{"id":15630,"href":"https:\/\/grupomontevideo.org\/site\/wp-json\/wp\/v2\/posts\/6117\/revisions\/15630"}],"wp:featuredmedia":[{"embeddable":true,"href":"https:\/\/grupomontevideo.org\/site\/wp-json\/wp\/v2\/media\/1291"}],"wp:attachment":[{"href":"https:\/\/grupomontevideo.org\/site\/wp-json\/wp\/v2\/media?parent=6117"}],"wp:term":[{"taxonomy":"category","embeddable":true,"href":"https:\/\/grupomontevideo.org\/site\/wp-json\/wp\/v2\/categories?post=6117"},{"taxonomy":"post_tag","embeddable":true,"href":"https:\/\/grupomontevideo.org\/site\/wp-json\/wp\/v2\/tags?post=6117"}],"curies":[{"name":"wp","href":"https:\/\/api.w.org\/{rel}","templated":true}]}}