{"id":6110,"date":"2020-05-07T19:01:27","date_gmt":"2020-05-07T19:01:27","guid":{"rendered":"http:\/\/grupomontevideo.org\/sitio\/?post_type=noticias&#038;p=6110"},"modified":"2022-06-22T16:35:22","modified_gmt":"2022-06-22T16:35:22","slug":"reunion-de-la-comision-permanente-de-medios-y-comunicacion-universitaria-3","status":"publish","type":"post","link":"https:\/\/grupomontevideo.org\/site\/reunion-de-la-comision-permanente-de-medios-y-comunicacion-universitaria-3\/","title":{"rendered":"Reuni\u00f3n de la Comisi\u00f3n Permanente de Medios y Comunicaci\u00f3n Universitaria"},"content":{"rendered":"<p>La pr\u00f3xima reuni\u00f3n de la Comisi\u00f3n Permanente de Medios y Comunicaci\u00f3n Universitaria de AUGM se realizar\u00e1 en modalidad virtual el d\u00eda martes 26 de mayo, en el horario comprendido entre las 15.00 y 17.00 horas (Hora de Uruguay).<br \/>\nM\u00e1s informaci\u00f3n en el <a href=\"http:\/\/grupomontevideo.org\/cp\/cpmediosycomunicacionuniversitaria\/\">micrositio de la Comisi\u00f3n Permanente<\/a>.<\/p>\n","protected":false},"excerpt":{"rendered":"<p>Entre las 15.00 y 17.00 horas (Hora de Uruguay)<\/p>\n","protected":false},"author":1,"featured_media":1291,"comment_status":"closed","ping_status":"closed","sticky":false,"template":"","format":"standard","meta":{"footnotes":""},"categories":[48],"tags":[],"class_list":["post-6110","post","type-post","status-publish","format-standard","has-post-thumbnail","hentry","category-archivo-de-noticias"],"wpmagazine_modules_lite_featured_media_urls":{"thumbnail":["https:\/\/grupomontevideo.org\/site\/wp-content\/uploads\/2016\/04\/medios-comunicacion.jpg",150,100,false],"cvmm-medium":["https:\/\/grupomontevideo.org\/site\/wp-content\/uploads\/2016\/04\/medios-comunicacion.jpg",300,200,false],"cvmm-medium-plus":["https:\/\/grupomontevideo.org\/site\/wp-content\/uploads\/2016\/04\/medios-comunicacion.jpg",305,203,false],"cvmm-portrait":["https:\/\/grupomontevideo.org\/site\/wp-content\/uploads\/2016\/04\/medios-comunicacion.jpg",400,267,false],"cvmm-medium-square":["https:\/\/grupomontevideo.org\/site\/wp-content\/uploads\/2016\/04\/medios-comunicacion.jpg",600,400,false],"cvmm-large":["https:\/\/grupomontevideo.org\/site\/wp-content\/uploads\/2016\/04\/medios-comunicacion.jpg",960,640,false],"cvmm-small":["https:\/\/grupomontevideo.org\/site\/wp-content\/uploads\/2016\/04\/medios-comunicacion.jpg",130,87,false],"full":["https:\/\/grupomontevideo.org\/site\/wp-content\/uploads\/2016\/04\/medios-comunicacion.jpg",960,640,false]},"categories_names":{"48":{"name":"Archivo de noticias","link":"https:\/\/grupomontevideo.org\/site\/category\/archivo-de-noticias\/"}},"tags_names":[],"comments_number":"0","_links":{"self":[{"href":"https:\/\/grupomontevideo.org\/site\/wp-json\/wp\/v2\/posts\/6110","targetHints":{"allow":["GET"]}}],"collection":[{"href":"https:\/\/grupomontevideo.org\/site\/wp-json\/wp\/v2\/posts"}],"about":[{"href":"https:\/\/grupomontevideo.org\/site\/wp-json\/wp\/v2\/types\/post"}],"author":[{"embeddable":true,"href":"https:\/\/grupomontevideo.org\/site\/wp-json\/wp\/v2\/users\/1"}],"replies":[{"embeddable":true,"href":"https:\/\/grupomontevideo.org\/site\/wp-json\/wp\/v2\/comments?post=6110"}],"version-history":[{"count":1,"href":"https:\/\/grupomontevideo.org\/site\/wp-json\/wp\/v2\/posts\/6110\/revisions"}],"predecessor-version":[{"id":15633,"href":"https:\/\/grupomontevideo.org\/site\/wp-json\/wp\/v2\/posts\/6110\/revisions\/15633"}],"wp:featuredmedia":[{"embeddable":true,"href":"https:\/\/grupomontevideo.org\/site\/wp-json\/wp\/v2\/media\/1291"}],"wp:attachment":[{"href":"https:\/\/grupomontevideo.org\/site\/wp-json\/wp\/v2\/media?parent=6110"}],"wp:term":[{"taxonomy":"category","embeddable":true,"href":"https:\/\/grupomontevideo.org\/site\/wp-json\/wp\/v2\/categories?post=6110"},{"taxonomy":"post_tag","embeddable":true,"href":"https:\/\/grupomontevideo.org\/site\/wp-json\/wp\/v2\/tags?post=6110"}],"curies":[{"name":"wp","href":"https:\/\/api.w.org\/{rel}","templated":true}]}}