{"id":6109,"date":"2020-05-07T15:46:19","date_gmt":"2020-05-07T15:46:19","guid":{"rendered":"http:\/\/grupomontevideo.org\/sitio\/?post_type=noticias&#038;p=6109"},"modified":"2022-06-22T16:35:22","modified_gmt":"2022-06-22T16:35:22","slug":"sesion-plenaria-de-rectoras-y-rectores-de-augm","status":"publish","type":"post","link":"https:\/\/grupomontevideo.org\/site\/sesion-plenaria-de-rectoras-y-rectores-de-augm\/","title":{"rendered":"Sesi\u00f3n Plenaria de Rectoras y Rectores de AUGM"},"content":{"rendered":"<p style=\"text-align: justify;\">Este<strong> mi\u00e9rcoles 20 de mayo<\/strong>, desde las 9.30 horas de Uruguay,<strong> Rectores y Rectoras de la Asociaci\u00f3n de Universidades Grupo Montevideo (AUGM) se reunir\u00e1n de forma virtual para orientar la actividad de la red en este particular a\u00f1o marcado<\/strong> por el COVID-19.<\/p>\n<p style=\"text-align: justify;\"><strong>La instancia comenzar\u00e1 con de las palabras del presidente de AUGM, rector Ger\u00f3nimo Laviosa<\/strong>, y luego los presentes repasar\u00e1n los antecedentes y objetivos de la reuni\u00f3n Plenaria. <strong>Posteriormente recibir\u00e1n un informe de situaci\u00f3n en el marco de la pandemia actual y se informar\u00e1 sobre la situaci\u00f3n de las universidades p\u00fablicas en la regi\u00f3n<\/strong>.<\/p>\n<p style=\"text-align: justify;\"><span style=\"font-weight: 400;\">Luego de trabajar en la orientaci\u00f3n acerca de los mecanismos para avanzar en los asuntos formales de la AUGM, <strong>Rectores y Rectoras abordar\u00e1n el trabajo realizado hasta el momento respecto a la fase de implementaci\u00f3n del Plan Estrat\u00e9gico 2020 &#8211; 2030 de AUGM<\/strong>.\u00a0<\/span><\/p>\n<p style=\"text-align: justify;\"><span style=\"font-weight: 400;\">En sentido recibir\u00e1n las propuestas de metas para el Plan discutidas previamente por el <a href=\"http:\/\/grupomontevideo.org\/sitio\/noticias\/consejo-consultivo-avanzo-hacia-el-plenario-de-rectores-y-rectoras-de-augm\/\">Consejo Consultivo de Rectores<\/a>, el <a href=\"http:\/\/grupomontevideo.org\/sitio\/noticias\/augm-comenzo-la-implementacion-de-su-plan-estrategico\/\">Grupo de Delegados Asesores<\/a> y las tres comisiones conformadas en torno a los ejes tem\u00e1ticos del documento.\u00a0<\/span><\/p>\n<p style=\"text-align: justify;\"><span style=\"font-weight: 400;\">El Plan Estrat\u00e9gico fue construido en el per\u00edodo 2018 \u2013 2019 con el trabajo del Consejo de Rectores, la Secretaria Ejecutiva, el Grupo de Delegados Asesores, Comisiones Permanentes, Comit\u00e9s Acad\u00e9micos y N\u00facleos Disciplinario, especialmente el agrupamiento Evaluaci\u00f3n Institucional, Planeamiento Estrat\u00e9gico y Gesti\u00f3n Universitaria, que tuvo tareas de apoyo a la formulaci\u00f3n del Plan.<\/span><\/p>\n<p style=\"text-align: justify;\"><span style=\"font-weight: 400;\">El Plan responde al crecimiento cuantitativo de las\u00a0 instituciones miembro de AUGM, as\u00ed como en la cantidad y magnitud de sus programas, lo que signific\u00f3 una mayor complejidad en el funcionamiento de la red. Esta situaci\u00f3n impuls\u00f3 la ocasi\u00f3n de proyectar objetivos estrat\u00e9gicos comunes a trav\u00e9s de la elaboraci\u00f3n de un Plan.<\/span><\/p>\n","protected":false},"excerpt":{"rendered":"<p>Este martes 20 de mayo a las 9.30 horas de Uruguay (12.30 GMT)<\/p>\n","protected":false},"author":1,"featured_media":5230,"comment_status":"closed","ping_status":"closed","sticky":false,"template":"","format":"standard","meta":{"footnotes":""},"categories":[48],"tags":[],"class_list":["post-6109","post","type-post","status-publish","format-standard","has-post-thumbnail","hentry","category-archivo-de-noticias"],"wpmagazine_modules_lite_featured_media_urls":{"thumbnail":["https:\/\/grupomontevideo.org\/site\/wp-content\/uploads\/2019\/07\/Consejo-de-Rectores-AUGM.jpeg",150,99,false],"cvmm-medium":["https:\/\/grupomontevideo.org\/site\/wp-content\/uploads\/2019\/07\/Consejo-de-Rectores-AUGM.jpeg",300,199,false],"cvmm-medium-plus":["https:\/\/grupomontevideo.org\/site\/wp-content\/uploads\/2019\/07\/Consejo-de-Rectores-AUGM.jpeg",305,202,false],"cvmm-portrait":["https:\/\/grupomontevideo.org\/site\/wp-content\/uploads\/2019\/07\/Consejo-de-Rectores-AUGM.jpeg",400,265,false],"cvmm-medium-square":["https:\/\/grupomontevideo.org\/site\/wp-content\/uploads\/2019\/07\/Consejo-de-Rectores-AUGM.jpeg",600,398,false],"cvmm-large":["https:\/\/grupomontevideo.org\/site\/wp-content\/uploads\/2019\/07\/Consejo-de-Rectores-AUGM.jpeg",1024,678,false],"cvmm-small":["https:\/\/grupomontevideo.org\/site\/wp-content\/uploads\/2019\/07\/Consejo-de-Rectores-AUGM.jpeg",130,86,false],"full":["https:\/\/grupomontevideo.org\/site\/wp-content\/uploads\/2019\/07\/Consejo-de-Rectores-AUGM.jpeg",1280,848,false]},"categories_names":{"48":{"name":"Archivo de noticias","link":"https:\/\/grupomontevideo.org\/site\/category\/archivo-de-noticias\/"}},"tags_names":[],"comments_number":"0","_links":{"self":[{"href":"https:\/\/grupomontevideo.org\/site\/wp-json\/wp\/v2\/posts\/6109","targetHints":{"allow":["GET"]}}],"collection":[{"href":"https:\/\/grupomontevideo.org\/site\/wp-json\/wp\/v2\/posts"}],"about":[{"href":"https:\/\/grupomontevideo.org\/site\/wp-json\/wp\/v2\/types\/post"}],"author":[{"embeddable":true,"href":"https:\/\/grupomontevideo.org\/site\/wp-json\/wp\/v2\/users\/1"}],"replies":[{"embeddable":true,"href":"https:\/\/grupomontevideo.org\/site\/wp-json\/wp\/v2\/comments?post=6109"}],"version-history":[{"count":1,"href":"https:\/\/grupomontevideo.org\/site\/wp-json\/wp\/v2\/posts\/6109\/revisions"}],"predecessor-version":[{"id":15634,"href":"https:\/\/grupomontevideo.org\/site\/wp-json\/wp\/v2\/posts\/6109\/revisions\/15634"}],"wp:featuredmedia":[{"embeddable":true,"href":"https:\/\/grupomontevideo.org\/site\/wp-json\/wp\/v2\/media\/5230"}],"wp:attachment":[{"href":"https:\/\/grupomontevideo.org\/site\/wp-json\/wp\/v2\/media?parent=6109"}],"wp:term":[{"taxonomy":"category","embeddable":true,"href":"https:\/\/grupomontevideo.org\/site\/wp-json\/wp\/v2\/categories?post=6109"},{"taxonomy":"post_tag","embeddable":true,"href":"https:\/\/grupomontevideo.org\/site\/wp-json\/wp\/v2\/tags?post=6109"}],"curies":[{"name":"wp","href":"https:\/\/api.w.org\/{rel}","templated":true}]}}