{"id":6098,"date":"2020-05-07T13:59:36","date_gmt":"2020-05-07T13:59:36","guid":{"rendered":"http:\/\/grupomontevideo.org\/sitio\/?post_type=noticias&#038;p=6098"},"modified":"2022-06-22T16:35:23","modified_gmt":"2022-06-22T16:35:23","slug":"mensaje-a-la-comunidad-universitaria-regional-a-dos-meses-del-comienzo-de-la-pandemia","status":"publish","type":"post","link":"https:\/\/grupomontevideo.org\/site\/mensaje-a-la-comunidad-universitaria-regional-a-dos-meses-del-comienzo-de-la-pandemia\/","title":{"rendered":"Mensaje a la comunidad universitaria regional a dos meses del comienzo de la pandemia de COVID-19"},"content":{"rendered":"<p style=\"text-align: justify;\">El presidente de la Asociaci\u00f3n de Universidades Grupo Montevideo (AUGM), rector Ger\u00f3nimo Laviosa, casi dos meses despu\u00e9s de declarada la pandemia mundial por la expansi\u00f3n del COVID-19 (11 de marzo), env\u00eda el siguiente mensaje para los y las integrantes de las 40 comunidades universitarias que conformamos este espacio acad\u00e9mico com\u00fan ampliado.<\/p>\n<p><a href=\"https:\/\/grupomontevideo.org\/site\/wp-content\/uploads\/2020\/05\/Carta-COVID-Presidente-AUGM-.pdf\">Carta en formato PDF<\/a><a href=\"https:\/\/grupomontevideo.org\/site\/wp-content\/uploads\/2020\/05\/WhatsApp-Image-2020-05-06-at-2.02.53-PM.jpeg\"><img fetchpriority=\"high\" decoding=\"async\" class=\"alignleft size-medium wp-image-6100\" src=\"https:\/\/grupomontevideo.org\/site\/wp-content\/uploads\/2020\/05\/WhatsApp-Image-2020-05-06-at-2.02.53-PM.jpeg\" alt=\"\" width=\"708\" height=\"1000\" \/><\/a><\/p>\n","protected":false},"excerpt":{"rendered":"<p>Carta del presidente de AUGM, Ger\u00f3nimo Laviosa <\/p>\n","protected":false},"author":1,"featured_media":6127,"comment_status":"closed","ping_status":"closed","sticky":false,"template":"","format":"standard","meta":{"footnotes":""},"categories":[48],"tags":[],"class_list":["post-6098","post","type-post","status-publish","format-standard","has-post-thumbnail","hentry","category-archivo-de-noticias"],"wpmagazine_modules_lite_featured_media_urls":{"thumbnail":["https:\/\/grupomontevideo.org\/site\/wp-content\/uploads\/2020\/05\/Portada-Boletin-.png",150,75,false],"cvmm-medium":["https:\/\/grupomontevideo.org\/site\/wp-content\/uploads\/2020\/05\/Portada-Boletin-.png",300,150,false],"cvmm-medium-plus":["https:\/\/grupomontevideo.org\/site\/wp-content\/uploads\/2020\/05\/Portada-Boletin-.png",305,153,false],"cvmm-portrait":["https:\/\/grupomontevideo.org\/site\/wp-content\/uploads\/2020\/05\/Portada-Boletin-.png",400,200,false],"cvmm-medium-square":["https:\/\/grupomontevideo.org\/site\/wp-content\/uploads\/2020\/05\/Portada-Boletin-.png",600,300,false],"cvmm-large":["https:\/\/grupomontevideo.org\/site\/wp-content\/uploads\/2020\/05\/Portada-Boletin-.png",1024,512,false],"cvmm-small":["https:\/\/grupomontevideo.org\/site\/wp-content\/uploads\/2020\/05\/Portada-Boletin-.png",130,65,false],"full":["https:\/\/grupomontevideo.org\/site\/wp-content\/uploads\/2020\/05\/Portada-Boletin-.png",1024,512,false]},"categories_names":{"48":{"name":"Archivo de noticias","link":"https:\/\/grupomontevideo.org\/site\/category\/archivo-de-noticias\/"}},"tags_names":[],"comments_number":"0","_links":{"self":[{"href":"https:\/\/grupomontevideo.org\/site\/wp-json\/wp\/v2\/posts\/6098","targetHints":{"allow":["GET"]}}],"collection":[{"href":"https:\/\/grupomontevideo.org\/site\/wp-json\/wp\/v2\/posts"}],"about":[{"href":"https:\/\/grupomontevideo.org\/site\/wp-json\/wp\/v2\/types\/post"}],"author":[{"embeddable":true,"href":"https:\/\/grupomontevideo.org\/site\/wp-json\/wp\/v2\/users\/1"}],"replies":[{"embeddable":true,"href":"https:\/\/grupomontevideo.org\/site\/wp-json\/wp\/v2\/comments?post=6098"}],"version-history":[{"count":1,"href":"https:\/\/grupomontevideo.org\/site\/wp-json\/wp\/v2\/posts\/6098\/revisions"}],"predecessor-version":[{"id":15639,"href":"https:\/\/grupomontevideo.org\/site\/wp-json\/wp\/v2\/posts\/6098\/revisions\/15639"}],"wp:featuredmedia":[{"embeddable":true,"href":"https:\/\/grupomontevideo.org\/site\/wp-json\/wp\/v2\/media\/6127"}],"wp:attachment":[{"href":"https:\/\/grupomontevideo.org\/site\/wp-json\/wp\/v2\/media?parent=6098"}],"wp:term":[{"taxonomy":"category","embeddable":true,"href":"https:\/\/grupomontevideo.org\/site\/wp-json\/wp\/v2\/categories?post=6098"},{"taxonomy":"post_tag","embeddable":true,"href":"https:\/\/grupomontevideo.org\/site\/wp-json\/wp\/v2\/tags?post=6098"}],"curies":[{"name":"wp","href":"https:\/\/api.w.org\/{rel}","templated":true}]}}